{"item":{"id":964,"titulo":"A antiga Travessa Francisco Oliveira que fica entre a Rua Euclides Paes Mendon\u00e7a e Prof. Lima Junior com todo o seu prolongamento passar\u00e1 a denominar-se de MARIA LUIZA MENDON\u00c7A","numero":"935","categoria_id":1,"aprovada":"2001-03-20 00:00:00","slug":"a-antiga-travessa-francisco-oliveira-que-fica-entre-a-rua-euclides-paes-mendon-a-e-prof-lima-junior-com-todo-o-seu-prolongamento-passar-a-denominar-se-de-maria-luiza-mendon-a","descricao":"\u003Cp\u003E\u0026nbsp;\u003C\/p\u003E\r\n\u003Cp class=\u0022t1\u0022\u003ELEI N\u0026ordm; 935\u003C\/p\u003E\r\n\u003Cp class=\u0022t1\u0022\u003EDE 01 DE MAR\u0026Ccedil;O DE 2001.\u003C\/p\u003E\r\n\u003Cp\u003E\u003Cspan style=\u0022color: #0000ff; font-size: xx-small;\u0022\u003E(transcri\u0026ccedil;\u0026atilde;o fiel do texto original,  do arquivo de Leis da C\u0026acirc;mara Municipal de Itabaiana, Estado de Sergipe).\u003C\/span\u003E\u003C\/p\u003E\r\n\u003Cp class=\u0022assunto\u0022\u003EDisp\u0026otilde;e sobre denomina\u0026ccedil;\u0026atilde;o de Rua de nossa cidade e d\u0026aacute; outras provid\u0026ecirc;ncias.\u003C\/p\u003E\r\n\u003Cp\u003EO PREFEITO MUNICIPAL DE ITABAIANA - SERGIPE\u003C\/p\u003E\r\n\u003Cp\u003EFa\u0026ccedil;o saber que a C\u0026acirc;mara Municipal de Itabaiana, aprovou e eu sanciono  a seguinte Lei:\u003C\/p\u003E\r\n\u003Cp\u003EArt. 1\u0026ordm; - A antiga Travessa Francisco Oliveira que fica entre a Rua  Euclides Paes Mendon\u0026ccedil;a e Prof. Lima Junior com todo o seu prolongamento passar\u0026aacute; a denominar-se de MARIA LUIZA MENDON\u0026Ccedil;A.\u003C\/p\u003E\r\n\u003Cp\u003EArt. 2\u0026ordm; - Esta Lei entrar\u0026aacute; em vigor na data de sua publica\u0026ccedil;\u0026atilde;o  revogadas as disposi\u0026ccedil;\u0026otilde;es em contr\u0026aacute;rio.\u003C\/p\u003E\r\n\u003Cp\u003EArt. 3\u0026ordm; - Ficam revogadas as disposi\u0026ccedil;\u0026otilde;es em contr\u0026aacute;rio.\u003C\/p\u003E\r\n\u003Cp\u003EGabinete do Prefeito Municipal de Itabaiana, em 01 de mar\u0026ccedil;o de 2001.\u003C\/p\u003E\r\n\u003Cp\u003E\u0026nbsp;\u003C\/p\u003E\r\n\u003Cp\u003ELUCIANO BISPO DE LIMA\u003C\/p\u003E\r\n\u003Cp\u003EPrefeito Municipal\u003C\/p\u003E\r\n\u003Cp\u003EJUAREZ FERREIRA DE GOIS\u003C\/p\u003E\r\n\u003Cp\u003ESec. Da Administra\u0026ccedil;\u0026atilde;o\u003C\/p\u003E","criado":"2001-03-20 00:00:00","alterado":"2001-03-20 00:00:00"},"outros":[{"id":4165,"titulo":"Resolu\u00e7\u00e3o N\u00ba 02\/2026. Disp\u00f5e sobre a aplica\u00e7\u00e3o da Lei Federal n\u00b0 14.129, de 29 de mar\u00e7o de 2021 (Lei do Governo Digital), no \u00e2mbito da C\u00e2mara Municipal de ltabaiana\/SE.","numero":"02\/2026","categoria_id":5,"slug":"resolucao-no-02-2026-dispoe-sobre-a-aplicacao-da-lei-federal-n0-14-129-de-29-de-marco-de-2021-lei-do-governo-digital-no-ambito-da-camara-municipal-de-ltabaiana-se","descricao":"\u003Cp\u003EDisp\u0026otilde;e sobre a aplica\u0026ccedil;\u0026atilde;o da Lei Federal n\u0026deg; 14.129, de 29 de mar\u0026ccedil;o de 2021 (Lei do Governo Digital), no \u0026acirc;mbito da C\u0026acirc;mara Municipal de ltabaiana\/SE.\u003C\/p\u003E","tags":"governo,digital,itabaiana","criado":"2026-04-23 12:34:51","alterado":"2026-04-23 12:44:11"},{"id":4164,"titulo":"Portarias - Ano 2023","numero":"2023","categoria_id":10,"slug":"portarias-ano-2023","descricao":"\u003Cp\u003EPortarias - Ano 2023\u003C\/p\u003E","criado":"2026-04-23 12:30:17","alterado":"2026-04-23 12:47:38"},{"id":4163,"titulo":"Resolu\u00e7\u00e3o N\u00ba 01\/2026. Disp\u00f5e sobre a aprova\u00e7\u00e3o do Plano lnstitucional Estrat\u00e9gico da C\u00e2mara Municipal de ltabaiana\/SE e d\u00e1 outras provid\u00eancias.","numero":"01\/2026","categoria_id":5,"slug":"resolucao-no-01-2026-dispoe-sobre-a-aprovacao-do-plano-lnstitucional-estrategico-da-camara-municipal-de-ltabaiana-se-e-da-outras-providencias","descricao":"\u003Cp\u003EDisp\u0026otilde;e sobre a aprova\u0026ccedil;\u0026atilde;o do Plano lnstitucional Estrat\u0026eacute;gico da C\u0026acirc;mara Municipal de ltabaiana\/SE e d\u0026aacute; outras provid\u0026ecirc;ncias.\u003C\/p\u003E","tags":"plano,institucional,camara,municipal","criado":"2026-04-23 12:26:41","alterado":"2026-04-23 12:43:46"}],"arquivos":[]}