{"item":{"id":1145,"titulo":"Abre Cr\u00e9dito Especial de Cr$ 3.200,00 para ocorrer com despesas da C\u00e2mara de Vereadores.","numero":"398","categoria_id":1,"aprovada":"1971-08-09 00:00:00","slug":"abre-cr-dito-especial-de-cr-3-200-00-para-ocorrer-com-despesas-da-c-mara-de-vereadores","descricao":"\u003Cp\u003ELei n\u0026ordm; 398\u003C\/p\u003E\r\n\u003Cp\u003EDe 09 de agosto de 1971\u003C\/p\u003E\r\n\u003Cp\u003E\u0026nbsp;\u003C\/p\u003E\r\n\u003Cp\u003EAbre Cr\u0026eacute;dito Especial de Cr$ 3.200,00 para ocorrer com despesas da C\u0026acirc;mara de Vereadores.\u003C\/p\u003E\r\n\u003Cp\u003E\u0026nbsp;\u003C\/p\u003E\r\n\u003Cp\u003EO Prefeito Municipal de Itabaiana, Estado de Sergipe:\u003C\/p\u003E\r\n\u003Cp\u003EFa\u0026ccedil;o saber que a C\u0026acirc;mara de Vereadores de Itabaiana decretou e eu, Prefeito Municipal, sanciono a seguinte Lei:\u003C\/p\u003E\r\n\u003Cp\u003EArt. 1\u0026ordm; - Fica aberto o Cr\u0026eacute;dito Especial de Cr$ 3.200,00 (tr\u0026ecirc;s mil e duzentos cruzeiros) para ocorrer despesas da C\u0026acirc;mara de Vereadores. 3.2.0.0 - Transfer\u0026ecirc;ncias Correntes Cr$ 3.200,00 3.2.3.0 - Transfer\u0026ecirc;ncia de Assist\u0026ecirc;ncia e Previd\u0026ecirc;ncia Social Cr$ 200,00 3.2.5.0 - Contribui\u0026ccedil;\u0026atilde;o da Previd\u0026ecirc;ncia Social Cr$ 2.000,00 3.2.7.0 - Diversas Transfer\u0026ecirc;ncias Correntes - FGTS e Diversos Cr$ 1.000,00\u003C\/p\u003E\r\n\u003Cp\u003EArt. 2\u0026ordm; - As despesas oriundas da presente Lei correr\u0026atilde;o por excesso da conta de arrecada\u0026ccedil;\u0026atilde;o do presente exerc\u0026iacute;cio.\u003C\/p\u003E\r\n\u003Cp\u003EArt. 3\u0026ordm; - Esta Lei entrar\u0026aacute; em vigor na data de sua publica\u0026ccedil;\u0026atilde;o, revogadas as disposi\u0026ccedil;\u0026otilde;es em contr\u0026aacute;rio.\u003C\/p\u003E\r\n\u003Cp\u003EGabinete do Prefeito Municipal de Itabaiana, em 09 de agosto de 1971.\u003C\/p\u003E\r\n\u003Cp\u003E\u0026nbsp;\u003C\/p\u003E\r\n\u003Cp\u003EPrefeito Municipal\u003C\/p\u003E\r\n\u003Cp\u003EJos\u0026eacute; Filadelfo Ara\u0026uacute;jo\u003C\/p\u003E\r\n\u003Cp\u003EJo\u0026atilde;o Silveira\u003C\/p\u003E\r\n\u003Cp\u003ESecret\u0026aacute;rio Administrativo\u003C\/p\u003E\r\n\u003Cp\u003E\u0026nbsp;\u003C\/p\u003E","criado":"1971-08-09 00:00:00","alterado":"1971-08-09 00:00:00"},"outros":[{"id":4165,"titulo":"Resolu\u00e7\u00e3o N\u00ba 02\/2026. Disp\u00f5e sobre a aplica\u00e7\u00e3o da Lei Federal n\u00b0 14.129, de 29 de mar\u00e7o de 2021 (Lei do Governo Digital), no \u00e2mbito da C\u00e2mara Municipal de ltabaiana\/SE.","numero":"02\/2026","categoria_id":5,"slug":"resolucao-no-02-2026-dispoe-sobre-a-aplicacao-da-lei-federal-n0-14-129-de-29-de-marco-de-2021-lei-do-governo-digital-no-ambito-da-camara-municipal-de-ltabaiana-se","descricao":"\u003Cp\u003EDisp\u0026otilde;e sobre a aplica\u0026ccedil;\u0026atilde;o da Lei Federal n\u0026deg; 14.129, de 29 de mar\u0026ccedil;o de 2021 (Lei do Governo Digital), no \u0026acirc;mbito da C\u0026acirc;mara Municipal de ltabaiana\/SE.\u003C\/p\u003E","tags":"governo,digital,itabaiana","criado":"2026-04-23 12:34:51","alterado":"2026-04-23 12:44:11"},{"id":4164,"titulo":"Portarias - Ano 2023","numero":"2023","categoria_id":10,"slug":"portarias-ano-2023","descricao":"\u003Cp\u003EPortarias - Ano 2023\u003C\/p\u003E","criado":"2026-04-23 12:30:17","alterado":"2026-04-23 12:47:38"},{"id":4163,"titulo":"Resolu\u00e7\u00e3o N\u00ba 01\/2026. Disp\u00f5e sobre a aprova\u00e7\u00e3o do Plano lnstitucional Estrat\u00e9gico da C\u00e2mara Municipal de ltabaiana\/SE e d\u00e1 outras provid\u00eancias.","numero":"01\/2026","categoria_id":5,"slug":"resolucao-no-01-2026-dispoe-sobre-a-aprovacao-do-plano-lnstitucional-estrategico-da-camara-municipal-de-ltabaiana-se-e-da-outras-providencias","descricao":"\u003Cp\u003EDisp\u0026otilde;e sobre a aprova\u0026ccedil;\u0026atilde;o do Plano lnstitucional Estrat\u0026eacute;gico da C\u0026acirc;mara Municipal de ltabaiana\/SE e d\u0026aacute; outras provid\u0026ecirc;ncias.\u003C\/p\u003E","tags":"plano,institucional,camara,municipal","criado":"2026-04-23 12:26:41","alterado":"2026-04-23 12:43:46"}],"arquivos":[]}