{"item":{"id":919,"titulo":"Abre Cr\u00e9dito Especial, para ocorrer despesa com aux\u00edlio concedido \u00e0 Juventude Estudantil Cat\u00f3lica desta Cidade.","numero":"174","categoria_id":1,"aprovada":"1958-10-28 00:00:00","slug":"abre-cr-dito-especial-para-ocorrer-despesa-com-aux-lio-concedido-juventude-estudantil-cat-lica-desta-cidade","descricao":"\u003Cp class=\u0022t1\u0022\u003ELei n\u0026ordm; 174\u003C\/p\u003E\r\n\u003Cp class=\u0022t1\u0022\u003EDe 28 de Outubro de 1958.\u003C\/p\u003E\r\n\u003Cp\u003E\u0026nbsp;\u003C\/p\u003E\r\n\u003Cp class=\u0022assunto\u0022\u003EAbre Cr\u0026eacute;dito Especial, para ocorrer despesa com aux\u0026iacute;lio concedido \u0026agrave; Juventude Estudantil Cat\u0026oacute;lica desta Cidade.\u003C\/p\u003E\r\n\u003Cp\u003E\u0026nbsp;\u003C\/p\u003E\r\n\u003Cp\u003EO Prefeito Municipal de Itabaiana.\u003C\/p\u003E\r\n\u003Cp\u003EFa\u0026ccedil;o saber que a C\u0026acirc;mara de Vereadores deste Munic\u0026iacute;pio de Itabaiana, decretou e eu sanciono a seguinte Lei:\u003C\/p\u003E\r\n\u003Cp\u003EArt.1\u0026ordm; - Fica autorizado o Sr. Prefeito Municipal, a abrir um Cr\u0026eacute;dito Especial de cinco mil cruzeiros (Cr$ 5.000,00), para ocorrer aux\u0026iacute;lio que foi dado \u0026agrave; \u0022Juventude Estudantil Cat\u0026oacute;lica\u0022 desta Cidade, para ajuda de transporte de uma viagem de Turismo que fizeram \u0026agrave; Cidade e Paulo Afonso, no dia 30 de agosto do corrente ano, da qual foi encarregado o Padre Arthur Moreira Pereira.\u003C\/p\u003E\r\n\u003Cp\u003EArt. 2\u0026ordm; - O presente Cr\u0026eacute;dito correr\u0026aacute; por conta do excesso da arrecada\u0026ccedil;\u0026atilde;o do corrente exerc\u0026iacute;cio, revogadas as disposi\u0026ccedil;\u0026otilde;es em contr\u0026aacute;rio, entrando em vigor esta Lei na data de sua publica\u0026ccedil;\u0026atilde;o.\u003C\/p\u003E\r\n\u003Cp\u003EGabinete do Prefeito Municipal de Itabaiana, em 28 de Outubro de 1958.\u003C\/p\u003E\r\n\u003Cp\u003E\u0026nbsp;\u003C\/p\u003E\r\n\u003Cp\u003ESerapi\u0026atilde;o Antonio de G\u0026oacute;is\u003C\/p\u003E\r\n\u003Cp\u003EPrefeito Municipal\u003C\/p\u003E\r\n\u003Cp\u003EEl\u0026iacute;zio Ara\u0026uacute;jo\u003C\/p\u003E\r\n\u003Cp\u003ESecret\u0026aacute;rio\u003C\/p\u003E","criado":"1958-10-28 00:00:00","alterado":"1958-10-28 00:00:00"},"outros":[{"id":4165,"titulo":"Resolu\u00e7\u00e3o N\u00ba 02\/2026. Disp\u00f5e sobre a aplica\u00e7\u00e3o da Lei Federal n\u00b0 14.129, de 29 de mar\u00e7o de 2021 (Lei do Governo Digital), no \u00e2mbito da C\u00e2mara Municipal de ltabaiana\/SE.","numero":"02\/2026","categoria_id":5,"slug":"resolucao-no-02-2026-dispoe-sobre-a-aplicacao-da-lei-federal-n0-14-129-de-29-de-marco-de-2021-lei-do-governo-digital-no-ambito-da-camara-municipal-de-ltabaiana-se","descricao":"\u003Cp\u003EDisp\u0026otilde;e sobre a aplica\u0026ccedil;\u0026atilde;o da Lei Federal n\u0026deg; 14.129, de 29 de mar\u0026ccedil;o de 2021 (Lei do Governo Digital), no \u0026acirc;mbito da C\u0026acirc;mara Municipal de ltabaiana\/SE.\u003C\/p\u003E","tags":"governo,digital,itabaiana","criado":"2026-04-23 12:34:51","alterado":"2026-04-23 12:44:11"},{"id":4164,"titulo":"Portarias - Ano 2023","numero":"2023","categoria_id":10,"slug":"portarias-ano-2023","descricao":"\u003Cp\u003EPortarias - Ano 2023\u003C\/p\u003E","criado":"2026-04-23 12:30:17","alterado":"2026-04-23 12:47:38"},{"id":4163,"titulo":"Resolu\u00e7\u00e3o N\u00ba 01\/2026. Disp\u00f5e sobre a aprova\u00e7\u00e3o do Plano lnstitucional Estrat\u00e9gico da C\u00e2mara Municipal de ltabaiana\/SE e d\u00e1 outras provid\u00eancias.","numero":"01\/2026","categoria_id":5,"slug":"resolucao-no-01-2026-dispoe-sobre-a-aprovacao-do-plano-lnstitucional-estrategico-da-camara-municipal-de-ltabaiana-se-e-da-outras-providencias","descricao":"\u003Cp\u003EDisp\u0026otilde;e sobre a aprova\u0026ccedil;\u0026atilde;o do Plano lnstitucional Estrat\u0026eacute;gico da C\u0026acirc;mara Municipal de ltabaiana\/SE e d\u0026aacute; outras provid\u0026ecirc;ncias.\u003C\/p\u003E","tags":"plano,institucional,camara,municipal","criado":"2026-04-23 12:26:41","alterado":"2026-04-23 12:43:46"}],"arquivos":[]}