{"item":{"id":860,"titulo":"Abre Cr\u00e9dito Suplementar.","numero":"122","categoria_id":1,"aprovada":"1954-11-12 00:00:00","slug":"abre-cr-dito-suplementar","descricao":"\u003Cp\u003ELei n\u0026ordm; 122\u003C\/p\u003E\r\n\u003Cp\u003EDe 12 de Novembro de 1954\u003C\/p\u003E\r\n\u003Cp\u003E\u0026nbsp;\u003C\/p\u003E\r\n\u003Cp\u003EAbre Cr\u0026eacute;dito Suplementar.\u003C\/p\u003E\r\n\u003Cp\u003E\u0026nbsp;\u003C\/p\u003E\r\n\u003Cp\u003EO Prefeito Municipal de Itabaiana:\u003C\/p\u003E\r\n\u003Cp\u003EFa\u0026ccedil;o saber que a C\u0026acirc;mara de Vereadores deste Munic\u0026iacute;pio decretou e eu, em nome do povo sanciono a seguinte Lei:\u003C\/p\u003E\r\n\u003Cp\u003EArt.1\u0026ordm; - Fica aberto um cr\u0026eacute;dito suplementar de quatrocentos e vinte e tr\u0026ecirc;s mil e quatrocentos cruzeiros (Cr$ 423.000,00) para refor\u0026ccedil;o das verbas abaixo discriminadas:\u003C\/p\u003E\r\n\u003Cp\u003E0.3.8.0.4.0\u003C\/p\u003E\r\n\u003Cp\u003ECr$ 8.000,00\u003C\/p\u003E\r\n\u003Cp\u003E0.3.8.0.4.3\u003C\/p\u003E\r\n\u003Cp\u003ECr$ 10.000,00\u003C\/p\u003E\r\n\u003Cp\u003E1.2.8.1.3.0\u003C\/p\u003E\r\n\u003Cp\u003ECr$ 1.000,00\u003C\/p\u003E\r\n\u003Cp\u003E1.2.8.1.3.1\u003C\/p\u003E\r\n\u003Cp\u003ECr$ 4.000,00\u003C\/p\u003E\r\n\u003Cp\u003E1.2.8.1.3.3\u003C\/p\u003E\r\n\u003Cp\u003ECr$ 4.000,00\u003C\/p\u003E\r\n\u003Cp\u003E1.2.8.1.3.4\u003C\/p\u003E\r\n\u003Cp\u003ECr$ 3.000,00\u003C\/p\u003E\r\n\u003Cp\u003E1.3.8.1.3.4\u003C\/p\u003E\r\n\u003Cp\u003ECr$ 2.000,00\u003C\/p\u003E\r\n\u003Cp\u003E3.3.8.3.8.4\u003C\/p\u003E\r\n\u003Cp\u003ECr$ 8.000,00\u003C\/p\u003E\r\n\u003Cp\u003E4.2.8.4.9.1\u003C\/p\u003E\r\n\u003Cp\u003ECr$ 5.000,00\u003C\/p\u003E\r\n\u003Cp\u003E4.2.8.4.9.3\u003C\/p\u003E\r\n\u003Cp\u003ECr$ 15.000,00\u003C\/p\u003E\r\n\u003Cp\u003E8.1.8.8.1.3\u003C\/p\u003E\r\n\u003Cp\u003ECr$ 2.000,00\u003C\/p\u003E\r\n\u003Cp\u003E8.1.8.8.1.4\u003C\/p\u003E\r\n\u003Cp\u003ECr$ 3.000,00\u003C\/p\u003E\r\n\u003Cp\u003E8.3.8.8.2.1\u003C\/p\u003E\r\n\u003Cp\u003ECr$ 20.000,00\u003C\/p\u003E\r\n\u003Cp\u003E8.3.8.8.2.3\u003C\/p\u003E\r\n\u003Cp\u003ECr$ 20.000,00\u003C\/p\u003E\r\n\u003Cp\u003E8.3.8.8.2.4\u003C\/p\u003E\r\n\u003Cp\u003ECr$ 15.000,00\u003C\/p\u003E\r\n\u003Cp\u003E8.5.8.8.7.1\u003C\/p\u003E\r\n\u003Cp\u003ECr$ 100.000,00\u003C\/p\u003E\r\n\u003Cp\u003E8.5.8.8.7.3\u003C\/p\u003E\r\n\u003Cp\u003ECr$ 100.000,00\u003C\/p\u003E\r\n\u003Cp\u003E8.5.8.8.7.4\u003C\/p\u003E\r\n\u003Cp\u003ECr$ 80.000,00\u003C\/p\u003E\r\n\u003Cp\u003E9.7.8.9.9.4\u003C\/p\u003E\r\n\u003Cp\u003ECr$ 8.000,00\u003C\/p\u003E\r\n\u003Cp\u003E9.8.8.99.4\u003C\/p\u003E\r\n\u003Cp\u003ECr$ 15.000,00\u003C\/p\u003E\r\n\u003Cp\u003ESoma:\u003C\/p\u003E\r\n\u003Cp\u003ECr$ 423.000,00\u003C\/p\u003E\r\n\u003Cp\u003E\u0026nbsp;\u003C\/p\u003E\r\n\u003Cp\u003E\u0026nbsp;\u003C\/p\u003E\r\n\u003Cp\u003EArt. 2\u0026ordm; - As despesas com a execu\u0026ccedil;\u0026atilde;o ao presente Projeto de Lei, correr\u0026atilde;o pelo excesso da Receita que se vem verificando no corrente exerc\u0026iacute;cio, ficando revogadas as disposi\u0026ccedil;\u0026otilde;es em contr\u0026aacute;rio.\u003C\/p\u003E\r\n\u003Cp\u003EGabinete do prefeito Municipal de Itabaiana em 12 de novembro de 1954.\u003C\/p\u003E\r\n\u003Cp\u003E\u0026nbsp;\u003C\/p\u003E\r\n\u003Cp\u003EEuclides Paes Mendon\u0026ccedil;a\u003C\/p\u003E\r\n\u003Cp\u003EPrefeito Municipal\u003C\/p\u003E\r\n\u003Cp\u003EEl\u0026iacute;zio Ara\u0026uacute;jo Secret\u0026aacute;rio\u003C\/p\u003E\r\n\u003Cp\u003ESubstituto\u003C\/p\u003E\r\n\u003Cp\u003E\u0026nbsp;\u003C\/p\u003E","criado":"1954-11-12 00:00:00","alterado":"1954-11-12 00:00:00"},"outros":[{"id":4165,"titulo":"Resolu\u00e7\u00e3o N\u00ba 02\/2026. Disp\u00f5e sobre a aplica\u00e7\u00e3o da Lei Federal n\u00b0 14.129, de 29 de mar\u00e7o de 2021 (Lei do Governo Digital), no \u00e2mbito da C\u00e2mara Municipal de ltabaiana\/SE.","numero":"02\/2026","categoria_id":5,"slug":"resolucao-no-02-2026-dispoe-sobre-a-aplicacao-da-lei-federal-n0-14-129-de-29-de-marco-de-2021-lei-do-governo-digital-no-ambito-da-camara-municipal-de-ltabaiana-se","descricao":"\u003Cp\u003EDisp\u0026otilde;e sobre a aplica\u0026ccedil;\u0026atilde;o da Lei Federal n\u0026deg; 14.129, de 29 de mar\u0026ccedil;o de 2021 (Lei do Governo Digital), no \u0026acirc;mbito da C\u0026acirc;mara Municipal de ltabaiana\/SE.\u003C\/p\u003E","tags":"governo,digital,itabaiana","criado":"2026-04-23 12:34:51","alterado":"2026-04-23 12:44:11"},{"id":4164,"titulo":"Portarias - Ano 2023","numero":"2023","categoria_id":10,"slug":"portarias-ano-2023","descricao":"\u003Cp\u003EPortarias - Ano 2023\u003C\/p\u003E","criado":"2026-04-23 12:30:17","alterado":"2026-04-23 12:47:38"},{"id":4163,"titulo":"Resolu\u00e7\u00e3o N\u00ba 01\/2026. Disp\u00f5e sobre a aprova\u00e7\u00e3o do Plano lnstitucional Estrat\u00e9gico da C\u00e2mara Municipal de ltabaiana\/SE e d\u00e1 outras provid\u00eancias.","numero":"01\/2026","categoria_id":5,"slug":"resolucao-no-01-2026-dispoe-sobre-a-aprovacao-do-plano-lnstitucional-estrategico-da-camara-municipal-de-ltabaiana-se-e-da-outras-providencias","descricao":"\u003Cp\u003EDisp\u0026otilde;e sobre a aprova\u0026ccedil;\u0026atilde;o do Plano lnstitucional Estrat\u0026eacute;gico da C\u0026acirc;mara Municipal de ltabaiana\/SE e d\u0026aacute; outras provid\u0026ecirc;ncias.\u003C\/p\u003E","tags":"plano,institucional,camara,municipal","criado":"2026-04-23 12:26:41","alterado":"2026-04-23 12:43:46"}],"arquivos":[]}