{"item":{"id":939,"titulo":"Abre Cr\u00e9dito Suplementar","numero":"194","categoria_id":1,"aprovada":"1959-10-30 00:00:00","slug":"abre-cr-dito-suplementar","descricao":"\u003Cp class=\u0022t1\u0022\u003ELei n\u0026ordm; 194\u003C\/p\u003E\r\n\u003Cp class=\u0022t1\u0022\u003EDe 30 de Outubro de 1959.\u003C\/p\u003E\r\n\u003Cp\u003E\u0026nbsp;\u003C\/p\u003E\r\n\u003Cp class=\u0022assunto\u0022\u003EAbre Cr\u0026eacute;dito Suplementar\u003C\/p\u003E\r\n\u003Cp\u003E\u0026nbsp;\u003C\/p\u003E\r\n\u003Cp\u003EO Prefeito Municipal de Itabaiana.\u003C\/p\u003E\r\n\u003Cp\u003EFa\u0026ccedil;o saber que a C\u0026acirc;mara de Vereadores deste Munic\u0026iacute;pio de Itabaiana, decretou e eu sanciono a seguinte Lei:\u003C\/p\u003E\r\n\u003Cp\u003EArt.1\u0026ordm; - Fica autorizado o Sr. Prefeito Municipal, a abrir um Cr\u0026eacute;dito Suplementar de setecentos mil cruzeiros (Cr$ 700.000,00), para refor\u0026ccedil;os das seguintes verbas do Or\u0026ccedil;amento vigente abaixo descriminadas:\u003C\/p\u003E\r\n\u003Cp\u003E\u0026nbsp;\u003C\/p\u003E\r\n\u003Cdiv\u003E\r\n\u003Ctable style=\u0022width: 520px;\u0022 border=\u00220\u0022 cellspacing=\u00220\u0022\u003E\r\n\u003Ctbody\u003E\r\n\u003Ctr\u003E\r\n\u003Ctd\u003E\u003Cspan style=\u0022font-family: Verdana; font-size: x-small;\u0022\u003E1.1.8.1.3.4\u003C\/span\u003E\u003C\/td\u003E\r\n\u003Ctd\u003E\u003Cspan style=\u0022font-family: Verdana; font-size: x-small;\u0022\u003EFiscaliza\u0026ccedil;\u0026atilde;o - Despesas Diversas\u003C\/span\u003E\u003C\/td\u003E\r\n\u003Ctd align=\u0022right\u0022\u003E\u003Cspan style=\u0022font-family: Verdana; font-size: x-small;\u0022\u003ECr$ 1.000,00\u0026nbsp;\u003C\/span\u003E\u003C\/td\u003E\r\n\u003C\/tr\u003E\r\n\u003Ctr\u003E\r\n\u003Ctd\u003E\u003Cspan style=\u0022font-family: Verdana; font-size: x-small;\u0022\u003E1.2.8.1.3.1\u003C\/span\u003E\u003C\/td\u003E\r\n\u003Ctd\u003E\u003Cspan style=\u0022font-family: Verdana; font-size: x-small;\u0022\u003EMatadouro - Pessoal - vari\u0026aacute;vel\u003C\/span\u003E\u003C\/td\u003E\r\n\u003Ctd align=\u0022right\u0022\u003E\u003Cspan style=\u0022font-family: Verdana; font-size: x-small;\u0022\u003ECr$ 5.000,00\u0026nbsp;\u003C\/span\u003E\u003C\/td\u003E\r\n\u003C\/tr\u003E\r\n\u003Ctr\u003E\r\n\u003Ctd\u003E\u003Cspan style=\u0022font-family: Verdana; font-size: x-small;\u0022\u003E1.2.8.1.3.3\u003C\/span\u003E\u003C\/td\u003E\r\n\u003Ctd\u003E\u003Cspan style=\u0022font-family: Verdana; font-size: x-small;\u0022\u003EMatadouro - material de consumo\u003C\/span\u003E\u003C\/td\u003E\r\n\u003Ctd align=\u0022right\u0022\u003E\u003Cspan style=\u0022font-family: Verdana; font-size: x-small;\u0022\u003ECr$ 3.000,00\u0026nbsp;\u003C\/span\u003E\u003C\/td\u003E\r\n\u003C\/tr\u003E\r\n\u003Ctr\u003E\r\n\u003Ctd\u003E\u003Cspan style=\u0022font-family: Verdana; font-size: x-small;\u0022\u003E2.1.8.2.5.3\u003C\/span\u003E\u003C\/td\u003E\r\n\u003Ctd\u003E\u003Cspan style=\u0022font-family: Verdana; font-size: x-small;\u0022\u003ESeguran\u0026ccedil;a P\u0026uacute;blica - material de consumo\u003C\/span\u003E\u003C\/td\u003E\r\n\u003Ctd align=\u0022right\u0022\u003E\u003Cspan style=\u0022font-family: Verdana; font-size: x-small;\u0022\u003ECr$ 3.000,00\u0026nbsp;\u003C\/span\u003E\u003C\/td\u003E\r\n\u003C\/tr\u003E\r\n\u003Ctr\u003E\r\n\u003Ctd\u003E\u003Cspan style=\u0022font-family: Verdana; font-size: x-small;\u0022\u003E2.1.8.2.5.4\u003C\/span\u003E\u003C\/td\u003E\r\n\u003Ctd\u003E\u003Cspan style=\u0022font-family: Verdana; font-size: x-small;\u0022\u003ESeguran\u0026ccedil;a P\u0026uacute;blica - despesas diversas\u003C\/span\u003E\u003C\/td\u003E\r\n\u003Ctd align=\u0022right\u0022\u003E\u003Cspan style=\u0022font-family: Verdana; font-size: x-small;\u0022\u003ECr$ 1.000,00\u0026nbsp;\u003C\/span\u003E\u003C\/td\u003E\r\n\u003C\/tr\u003E\r\n\u003Ctr\u003E\r\n\u003Ctd\u003E\u003Cspan style=\u0022font-family: Verdana; font-size: x-small;\u0022\u003E3.1.8.3.3.1\u003C\/span\u003E\u003C\/td\u003E\r\n\u003Ctd\u003E\u003Cspan style=\u0022font-family: Verdana; font-size: x-small;\u0022\u003EInstru\u0026ccedil;\u0026atilde;o P\u0026uacute;blica - Pessoal - vari\u0026aacute;vel\u003C\/span\u003E\u003C\/td\u003E\r\n\u003Ctd align=\u0022right\u0022\u003E\u003Cspan style=\u0022font-family: Verdana; font-size: x-small;\u0022\u003ECr$ 2.000,00\u0026nbsp;\u003C\/span\u003E\u003C\/td\u003E\r\n\u003C\/tr\u003E\r\n\u003Ctr\u003E\r\n\u003Ctd\u003E\u003Cspan style=\u0022font-family: Verdana; font-size: x-small;\u0022\u003E3.1.8.3.3.3\u003C\/span\u003E\u003C\/td\u003E\r\n\u003Ctd\u003E\u003Cspan style=\u0022font-family: Verdana; font-size: x-small;\u0022\u003EInstru\u0026ccedil;\u0026atilde;o P\u0026uacute;blica - material de consumo\u003C\/span\u003E\u003C\/td\u003E\r\n\u003Ctd align=\u0022right\u0022\u003E\u003Cspan style=\u0022font-family: Verdana; font-size: x-small;\u0022\u003ECr$ 3.000,00\u0026nbsp;\u003C\/span\u003E\u003C\/td\u003E\r\n\u003C\/tr\u003E\r\n\u003Ctr\u003E\r\n\u003Ctd\u003E\u003Cspan style=\u0022font-family: Verdana; font-size: x-small;\u0022\u003E3.1.8.3.3.4\u003C\/span\u003E\u003C\/td\u003E\r\n\u003Ctd\u003E\u003Cspan style=\u0022font-family: Verdana; font-size: x-small;\u0022\u003EInstru\u0026ccedil;\u0026atilde;o P\u0026uacute;blica - Despesas Diversas\u003C\/span\u003E\u003C\/td\u003E\r\n\u003Ctd align=\u0022right\u0022\u003E\u003Cspan style=\u0022font-family: Verdana; font-size: x-small;\u0022\u003ECr$ 2.000,00\u0026nbsp;\u003C\/span\u003E\u003C\/td\u003E\r\n\u003C\/tr\u003E\r\n\u003Ctr\u003E\r\n\u003Ctd\u003E\u003Cspan style=\u0022font-family: Verdana; font-size: x-small;\u0022\u003E3.3.8.3.8.4\u003C\/span\u003E\u003C\/td\u003E\r\n\u003Ctd\u003E\u003Cspan style=\u0022font-family: Verdana; font-size: x-small;\u0022\u003ESubven\u0026ccedil;\u0026atilde;o - Escolas Rurais e Particulares\u003C\/span\u003E\u003C\/td\u003E\r\n\u003Ctd align=\u0022right\u0022\u003E\u003Cspan style=\u0022font-family: Verdana; font-size: x-small;\u0022\u003ECr$ 10.000,00\u0026nbsp;\u003C\/span\u003E\u003C\/td\u003E\r\n\u003C\/tr\u003E\r\n\u003Ctr\u003E\r\n\u003Ctd\u003E\u003Cspan style=\u0022font-family: Verdana; font-size: x-small;\u0022\u003E4.2.8.4.9.0\u003C\/span\u003E\u003C\/td\u003E\r\n\u003Ctd\u003E\u003Cspan style=\u0022font-family: Verdana; font-size: x-small;\u0022\u003EPosto M\u0026eacute;dico\u003C\/span\u003E\u003C\/td\u003E\r\n\u003Ctd align=\u0022right\u0022\u003E\u003Cspan style=\u0022font-family: Verdana; font-size: x-small;\u0022\u003ECr$ 10.000,00\u0026nbsp;\u003C\/span\u003E\u003C\/td\u003E\r\n\u003C\/tr\u003E\r\n\u003Ctr\u003E\r\n\u003Ctd\u003E\u003Cspan style=\u0022font-family: Verdana; font-size: x-small;\u0022\u003E8.1.8.8.1.1\u003C\/span\u003E\u003C\/td\u003E\r\n\u003Ctd\u003E\u003Cspan style=\u0022font-family: Verdana; font-size: x-small;\u0022\u003EJardins - Pessoal - Vari\u0026aacute;vel\u003C\/span\u003E\u003C\/td\u003E\r\n\u003Ctd align=\u0022right\u0022\u003E\u003Cspan style=\u0022font-family: Verdana; font-size: x-small;\u0022\u003ECr$ 10.000,00\u0026nbsp;\u003C\/span\u003E\u003C\/td\u003E\r\n\u003C\/tr\u003E\r\n\u003Ctr\u003E\r\n\u003Ctd\u003E\u003Cspan style=\u0022font-family: Verdana; font-size: x-small;\u0022\u003E8.1.8.8.1.4\u003C\/span\u003E\u003C\/td\u003E\r\n\u003Ctd\u003E\u003Cspan style=\u0022font-family: Verdana; font-size: x-small;\u0022\u003EJardins - Despesas Diversas\u003C\/span\u003E\u003C\/td\u003E\r\n\u003Ctd align=\u0022right\u0022\u003E\u003Cspan style=\u0022font-family: Verdana; font-size: x-small;\u0022\u003ECr$2.000,00\u0026nbsp;\u003C\/span\u003E\u003C\/td\u003E\r\n\u003C\/tr\u003E\r\n\u003Ctr\u003E\r\n\u003Ctd\u003E\u003Cspan style=\u0022font-family: Verdana; font-size: x-small;\u0022\u003E8.2.8.8.1.1\u003C\/span\u003E\u003C\/td\u003E\r\n\u003Ctd\u003E\u003Cspan style=\u0022font-family: Verdana; font-size: x-small;\u0022\u003ELogradouros P\u0026uacute;blicos - Pessoal - vari\u0026aacute;vel\u003C\/span\u003E\u003C\/td\u003E\r\n\u003Ctd align=\u0022right\u0022\u003E\u003Cspan style=\u0022font-family: Verdana; font-size: x-small;\u0022\u003ECr$ 40.000,00\u0026nbsp;\u003C\/span\u003E\u003C\/td\u003E\r\n\u003C\/tr\u003E\r\n\u003Ctr\u003E\r\n\u003Ctd\u003E\u003Cspan style=\u0022font-family: Verdana; font-size: x-small;\u0022\u003E8.2.8.8.1.3\u003C\/span\u003E\u003C\/td\u003E\r\n\u003Ctd\u003E\u003Cspan style=\u0022font-family: Verdana; font-size: x-small;\u0022\u003ELogradouros P\u0026uacute;blicos - Material de consumo\u003C\/span\u003E\u003C\/td\u003E\r\n\u003Ctd align=\u0022right\u0022\u003E\u003Cspan style=\u0022font-family: Verdana; font-size: x-small;\u0022\u003ECr$ 80.000,00\u0026nbsp;\u003C\/span\u003E\u003C\/td\u003E\r\n\u003C\/tr\u003E\r\n\u003Ctr\u003E\r\n\u003Ctd\u003E\u003Cspan style=\u0022font-family: Verdana; font-size: x-small;\u0022\u003E8.2.8.8.1.4\u003C\/span\u003E\u003C\/td\u003E\r\n\u003Ctd\u003E\u003Cspan style=\u0022font-family: Verdana; font-size: x-small;\u0022\u003ELogradouros P\u0026uacute;blicos - Despesas Diversas\u003C\/span\u003E\u003C\/td\u003E\r\n\u003Ctd align=\u0022right\u0022\u003E\u003Cspan style=\u0022font-family: Verdana; font-size: x-small;\u0022\u003ECr$ 5.000,00\u0026nbsp;\u003C\/span\u003E\u003C\/td\u003E\r\n\u003C\/tr\u003E\r\n\u003Ctr\u003E\r\n\u003Ctd\u003E\u003Cspan style=\u0022font-family: Verdana; font-size: x-small;\u0022\u003E8.4.8.8.5.1\u003C\/span\u003E\u003C\/td\u003E\r\n\u003Ctd\u003E\u003Cspan style=\u0022font-family: Verdana; font-size: x-small;\u0022\u003ELimpeza P\u0026uacute;blica - Pessoal - vari\u0026aacute;vel\u003C\/span\u003E\u003C\/td\u003E\r\n\u003Ctd align=\u0022right\u0022\u003E\u003Cspan style=\u0022font-family: Verdana; font-size: x-small;\u0022\u003ECr$ 25.000,00\u0026nbsp;\u003C\/span\u003E\u003C\/td\u003E\r\n\u003C\/tr\u003E\r\n\u003Ctr\u003E\r\n\u003Ctd\u003E\u003Cspan style=\u0022font-family: Verdana; font-size: x-small;\u0022\u003E8.4.8.8.5.3\u003C\/span\u003E\u003C\/td\u003E\r\n\u003Ctd\u003E\u003Cspan style=\u0022font-family: Verdana; font-size: x-small;\u0022\u003ELimpeza P\u0026uacute;blica - Material de consumo\u003C\/span\u003E\u003C\/td\u003E\r\n\u003Ctd align=\u0022right\u0022\u003E\u003Cspan style=\u0022font-family: Verdana; font-size: x-small;\u0022\u003ECr$ 3.000,00\u0026nbsp;\u003C\/span\u003E\u003C\/td\u003E\r\n\u003C\/tr\u003E\r\n\u003Ctr\u003E\r\n\u003Ctd\u003E\u003Cspan style=\u0022font-family: Verdana; font-size: x-small;\u0022\u003E8.5.8.8.7.3\u003C\/span\u003E\u003C\/td\u003E\r\n\u003Ctd\u003E\u003Cspan style=\u0022font-family: Verdana; font-size: x-small;\u0022\u003EObras novas - Material de consumo\u003C\/span\u003E\u003C\/td\u003E\r\n\u003Ctd align=\u0022right\u0022\u003E\u003Cspan style=\u0022font-family: Verdana; font-size: x-small;\u0022\u003ECr$ 80.000,00\u0026nbsp;\u003C\/span\u003E\u003C\/td\u003E\r\n\u003C\/tr\u003E\r\n\u003Ctr\u003E\r\n\u003Ctd\u003E\u003Cspan style=\u0022font-family: Verdana; font-size: x-small;\u0022\u003E8.5.8.8.7.4\u003C\/span\u003E\u003C\/td\u003E\r\n\u003Ctd\u003E\u003Cspan style=\u0022font-family: Verdana; font-size: x-small;\u0022\u003EObras novas - Despesas Diversas\u003C\/span\u003E\u003C\/td\u003E\r\n\u003Ctd align=\u0022right\u0022\u003E\u003Cspan style=\u0022font-family: Verdana; font-size: x-small;\u0022\u003ECr$ 30.000,00\u0026nbsp;\u003C\/span\u003E\u003C\/td\u003E\r\n\u003C\/tr\u003E\r\n\u003Ctr\u003E\r\n\u003Ctd\u003E\u003Cspan style=\u0022font-family: Verdana; font-size: x-small;\u0022\u003E8.6.8.8.8.4\u003C\/span\u003E\u003C\/td\u003E\r\n\u003Ctd\u003E\u003Cspan style=\u0022font-family: Verdana; font-size: x-small;\u0022\u003ELuz\u003C\/span\u003E\u003C\/td\u003E\r\n\u003Ctd align=\u0022right\u0022\u003E\u003Cspan style=\u0022font-family: Verdana; font-size: x-small;\u0022\u003ECr$ 44.000,00\u0026nbsp;\u003C\/span\u003E\u003C\/td\u003E\r\n\u003C\/tr\u003E\r\n\u003Ctr\u003E\r\n\u003Ctd\u003E\u003Cspan style=\u0022font-family: Verdana; font-size: x-small;\u0022\u003E9.1.8.9.0.0\u003C\/span\u003E\u003C\/td\u003E\r\n\u003Ctd\u003E\u003Cspan style=\u0022font-family: Verdana; font-size: x-small;\u0022\u003EPessoal Inativo\u003C\/span\u003E\u003C\/td\u003E\r\n\u003Ctd align=\u0022right\u0022\u003E\u003Cspan style=\u0022font-family: Verdana; font-size: x-small;\u0022\u003ECr$ 1.000,00\u0026nbsp;\u003C\/span\u003E\u003C\/td\u003E\r\n\u003C\/tr\u003E\r\n\u003Ctr\u003E\r\n\u003Ctd\u003E\u003Cspan style=\u0022font-family: Verdana; font-size: x-small;\u0022\u003E9.2.8.9.1.4\u003C\/span\u003E\u003C\/td\u003E\r\n\u003Ctd\u003E\u003Cspan style=\u0022font-family: Verdana; font-size: x-small;\u0022\u003ECaixa de Aposentadoria\u003C\/span\u003E\u003C\/td\u003E\r\n\u003Ctd align=\u0022right\u0022\u003E\u003Cspan style=\u0022font-family: Verdana; font-size: x-small;\u0022\u003ECr$ 15.000,00\u0026nbsp;\u003C\/span\u003E\u003C\/td\u003E\r\n\u003C\/tr\u003E\r\n\u003Ctr\u003E\r\n\u003Ctd\u003E\u0026nbsp;\u003C\/td\u003E\r\n\u003Ctd\u003E\u0026nbsp;\u003C\/td\u003E\r\n\u003Ctd align=\u0022right\u0022\u003E\u003Cspan style=\u0022font-family: Verdana; font-size: x-small;\u0022\u003E\u003Cstrong\u003ECr$ 375.000,00\u003C\/strong\u003E\u0026nbsp;\u003C\/span\u003E\u003C\/td\u003E\r\n\u003C\/tr\u003E\r\n\u003Ctr\u003E\r\n\u003Ctd\u003E\u003Cspan style=\u0022font-family: Verdana; font-size: x-small;\u0022\u003E9.7.8.9.9.4\u003C\/span\u003E\u003C\/td\u003E\r\n\u003Ctd\u003E\u003Cspan style=\u0022font-family: Verdana; font-size: x-small;\u0022\u003EDelegacia de Pol\u0026iacute;cia - Despesas Diversas\u003C\/span\u003E\u003C\/td\u003E\r\n\u003Ctd align=\u0022right\u0022\u003E\u003Cspan style=\u0022font-family: Verdana; font-size: x-small;\u0022\u003ECr$ 2.000,00\u0026nbsp;\u003C\/span\u003E\u003C\/td\u003E\r\n\u003C\/tr\u003E\r\n\u003Ctr\u003E\r\n\u003Ctd\u003E\u003Cspan style=\u0022font-family: Verdana; font-size: x-small;\u0022\u003E9.7.8.9.9.4\u003C\/span\u003E\u003C\/td\u003E\r\n\u003Ctd\u003E\u003Cspan style=\u0022font-family: Verdana; font-size: x-small;\u0022\u003ETratorista\u003C\/span\u003E\u003C\/td\u003E\r\n\u003Ctd align=\u0022right\u0022\u003E\u003Cspan style=\u0022font-family: Verdana; font-size: x-small;\u0022\u003ECr$ 10.000,00\u0026nbsp;\u003C\/span\u003E\u003C\/td\u003E\r\n\u003C\/tr\u003E\r\n\u003Ctr\u003E\r\n\u003Ctd\u003E\u003Cspan style=\u0022font-family: Verdana; font-size: x-small;\u0022\u003E9.7.8.9.9.4\u003C\/span\u003E\u003C\/td\u003E\r\n\u003Ctd\u003E\u003Cspan style=\u0022font-family: Verdana; font-size: x-small;\u0022\u003EAjudantes de trator\u003C\/span\u003E\u003C\/td\u003E\r\n\u003Ctd align=\u0022right\u0022\u003E\u003Cspan style=\u0022font-family: Verdana; font-size: x-small;\u0022\u003ECr$ 3.000,00\u0026nbsp;\u003C\/span\u003E\u003C\/td\u003E\r\n\u003C\/tr\u003E\r\n\u003Ctr\u003E\r\n\u003Ctd\u003E\u003Cspan style=\u0022font-family: Verdana; font-size: x-small;\u0022\u003E9.7.8.9.9.4\u003C\/span\u003E\u003C\/td\u003E\r\n\u003Ctd\u003E\u003Cspan style=\u0022font-family: Verdana; font-size: x-small;\u0022\u003EConserto de trator\u003C\/span\u003E\u003C\/td\u003E\r\n\u003Ctd align=\u0022right\u0022\u003E\u003Cspan style=\u0022font-family: Verdana; font-size: x-small;\u0022\u003ECr$ 100.000,00\u0026nbsp;\u003C\/span\u003E\u003C\/td\u003E\r\n\u003C\/tr\u003E\r\n\u003Ctr\u003E\r\n\u003Ctd\u003E\u003Cspan style=\u0022font-family: Verdana; font-size: x-small;\u0022\u003E9.7.8.9.9.4\u003C\/span\u003E\u003C\/td\u003E\r\n\u003Ctd\u003E\u003Cspan style=\u0022font-family: Verdana; font-size: x-small;\u0022\u003E25% ao Estado - Imp. de Ind\u0026uacute;stria e Profiss\u0026otilde;es\u003C\/span\u003E\u003C\/td\u003E\r\n\u003Ctd align=\u0022right\u0022\u003E\u003Cspan style=\u0022font-family: Verdana; font-size: x-small;\u0022\u003ECr$ 200.000,00\u0026nbsp;\u003C\/span\u003E\u003C\/td\u003E\r\n\u003C\/tr\u003E\r\n\u003Ctr\u003E\r\n\u003Ctd\u003E\u003Cspan style=\u0022font-family: Verdana; font-size: x-small;\u0022\u003E9.7.8.9.9.4\u003C\/span\u003E\u003C\/td\u003E\r\n\u003Ctd\u003E\u003Cspan style=\u0022font-family: Verdana; font-size: x-small;\u0022\u003EDespesas eventuais\u003C\/span\u003E\u003C\/td\u003E\r\n\u003Ctd align=\u0022right\u0022\u003E\u003Cspan style=\u0022font-family: Verdana; font-size: x-small;\u0022\u003ECr$ 10.000,00\u0026nbsp;\u003C\/span\u003E\u003C\/td\u003E\r\n\u003C\/tr\u003E\r\n\u003Ctr\u003E\r\n\u003Ctd\u003E\u0026nbsp;\u003C\/td\u003E\r\n\u003Ctd\u003E\u0026nbsp;\u003C\/td\u003E\r\n\u003Ctd align=\u0022right\u0022\u003E\u003Cspan style=\u0022font-family: Verdana; font-size: x-small;\u0022\u003E\u003Cstrong\u003ECr$ 700.000,00\u003C\/strong\u003E\u003C\/span\u003E\u003C\/td\u003E\r\n\u003C\/tr\u003E\r\n\u003C\/tbody\u003E\r\n\u003C\/table\u003E\r\n\u003C\/div\u003E\r\n\u003Cp\u003EArt. 3\u0026ordm; - A suplementa\u0026ccedil;\u0026atilde;o do Cr\u0026eacute;dito acima mencionado, correr\u0026aacute; por conta do excesso da arrecada\u0026ccedil;\u0026atilde;o do corrente exerc\u0026iacute;cio, entrando em vigor esta Lei na data de sua publica\u0026ccedil;\u0026atilde;o, ficando revogadas as disposi\u0026ccedil;\u0026otilde;es em contr\u0026aacute;rio.\u003C\/p\u003E\r\n\u003Cp\u003EGabinete do Prefeito Municipal de Itabaiana, em 30 de Outubro de 1959.\u003C\/p\u003E\r\n\u003Cp\u003E\u0026nbsp;\u003C\/p\u003E\r\n\u003Cp\u003EEuclides Paes Mendon\u0026ccedil;a\u0026nbsp;\u003C\/p\u003E\r\n\u003Cp\u003EPrefeito Municipal\u003C\/p\u003E\r\n\u003Cp\u003EEl\u0026iacute;zio Ara\u0026uacute;jo\u003C\/p\u003E\r\n\u003Cp\u003ESecret\u0026aacute;rio\u003C\/p\u003E\r\n\u003Cp\u003E\u0026nbsp;\u003C\/p\u003E","criado":"1959-10-30 00:00:00","alterado":"1959-10-30 00:00:00"},"outros":[{"id":4165,"titulo":"Resolu\u00e7\u00e3o N\u00ba 02\/2026. Disp\u00f5e sobre a aplica\u00e7\u00e3o da Lei Federal n\u00b0 14.129, de 29 de mar\u00e7o de 2021 (Lei do Governo Digital), no \u00e2mbito da C\u00e2mara Municipal de ltabaiana\/SE.","numero":"02\/2026","categoria_id":5,"slug":"resolucao-no-02-2026-dispoe-sobre-a-aplicacao-da-lei-federal-n0-14-129-de-29-de-marco-de-2021-lei-do-governo-digital-no-ambito-da-camara-municipal-de-ltabaiana-se","descricao":"\u003Cp\u003EDisp\u0026otilde;e sobre a aplica\u0026ccedil;\u0026atilde;o da Lei Federal n\u0026deg; 14.129, de 29 de mar\u0026ccedil;o de 2021 (Lei do Governo Digital), no \u0026acirc;mbito da C\u0026acirc;mara Municipal de ltabaiana\/SE.\u003C\/p\u003E","tags":"governo,digital,itabaiana","criado":"2026-04-23 12:34:51","alterado":"2026-04-23 12:44:11"},{"id":4164,"titulo":"Portarias - Ano 2023","numero":"2023","categoria_id":10,"slug":"portarias-ano-2023","descricao":"\u003Cp\u003EPortarias - Ano 2023\u003C\/p\u003E","criado":"2026-04-23 12:30:17","alterado":"2026-04-23 12:47:38"},{"id":4163,"titulo":"Resolu\u00e7\u00e3o N\u00ba 01\/2026. Disp\u00f5e sobre a aprova\u00e7\u00e3o do Plano lnstitucional Estrat\u00e9gico da C\u00e2mara Municipal de ltabaiana\/SE e d\u00e1 outras provid\u00eancias.","numero":"01\/2026","categoria_id":5,"slug":"resolucao-no-01-2026-dispoe-sobre-a-aprovacao-do-plano-lnstitucional-estrategico-da-camara-municipal-de-ltabaiana-se-e-da-outras-providencias","descricao":"\u003Cp\u003EDisp\u0026otilde;e sobre a aprova\u0026ccedil;\u0026atilde;o do Plano lnstitucional Estrat\u0026eacute;gico da C\u0026acirc;mara Municipal de ltabaiana\/SE e d\u0026aacute; outras provid\u0026ecirc;ncias.\u003C\/p\u003E","tags":"plano,institucional,camara,municipal","criado":"2026-04-23 12:26:41","alterado":"2026-04-23 12:43:46"}],"arquivos":[]}