{"item":{"id":1833,"titulo":"Autoriza a abertura de cr\u00e9dito adicional especial e d\u00e1 outras provid\u00eancias. ","numero":"1662","categoria_id":1,"aprovada":"2013-10-08 00:00:00","slug":"autoriza-a-abertura-de-cr-dito-adicional-especial-e-d-outras-provid-ncias","descricao":"\u003Cp\u003E\u003Cspan\u003EO Prefeito do Munic\u0026iacute;pio de Itabaiana\/SE, no uso de suas atribui\u0026ccedil;\u0026otilde;es, fa\u0026ccedil;o saber que a C\u0026acirc;mara Municipal aprovou e eu sanciono a seguinte LEI:\u003C\/span\u003E\u003C\/p\u003E\r\n\u003Cp\u003E\u003Cspan\u003E\u0026nbsp;\u003C\/span\u003E\u003C\/p\u003E\r\n\u003Cp class=\u0022MsoNormal\u0022\u003E\u003Cspan\u003E\u0026nbsp;\u0026nbsp;\u0026nbsp;\u0026nbsp;\u0026nbsp;\u0026nbsp;\u0026nbsp;\u0026nbsp;\u0026nbsp;\u0026nbsp;\u0026nbsp;\u0026nbsp;\u0026nbsp;\u0026nbsp;\u0026nbsp;\u0026nbsp;\u0026nbsp;\u0026nbsp;\u0026nbsp;\u0026nbsp;\u0026nbsp;\u0026nbsp;\u0026nbsp; Art. 1\u0026deg; - Fica o Poder Executivo Municipal autorizado a abrir Cr\u0026eacute;dito Adicional Especial no valor de RS 601.920,00 (seiscentos e um mil novecentos e vinte reais), destinado a cobrir despesas n\u0026atilde;o previstas no vigente or\u0026ccedil;amento, relativas ao - atendimento: Projetos do Trabalho T\u0026eacute;cnico Social do Programa \u0022Minha Casa Minha Vida\u0022. \u003C\/span\u003E\u003C\/p\u003E\r\n\u003Cp class=\u0022MsoNormal\u0022\u003E\u003Cspan\u003EArt. 2\u0026deg; - Os valores ser\u0026atilde;o repassados do FAR (Fundo de Arrendamento Residencial) para o Munic\u0026iacute;pio realizar os Projetos do Trabalho T\u0026eacute;cnico Social, abaixo discriminado: \u003C\/span\u003E\u003C\/p\u003E\r\n\u003Cdiv\u003E\r\n\u003Ctable class=\u0022MsoNormalTable\u0022 border=\u00221\u0022 cellspacing=\u00220\u0022 cellpadding=\u00220\u0022\u003E\r\n\u003Ctbody\u003E\r\n\u003Ctr\u003E\r\n\u003Ctd width=\u0022288\u0022\u003E\r\n\u003Cp class=\u0022MsoNormal\u0022 align=\u0022center\u0022\u003EEmpreendimento\u003C\/p\u003E\r\n\u003C\/td\u003E\r\n\u003Ctd width=\u0022121\u0022\u003E\r\n\u003Cp class=\u0022MsoNormal\u0022 align=\u0022center\u0022\u003EN\u0026ordm; de unidades\u003C\/p\u003E\r\n\u003C\/td\u003E\r\n\u003Ctd width=\u0022205\u0022\u003E\r\n\u003Cp class=\u0022MsoNormal\u0022 align=\u0022center\u0022\u003EValor PTTS\u003C\/p\u003E\r\n\u003C\/td\u003E\r\n\u003C\/tr\u003E\r\n\u003Ctr\u003E\r\n\u003Ctd width=\u0022288\u0022\u003E\r\n\u003Cp class=\u0022MsoNormal\u0022 align=\u0022center\u0022\u003EResidencial   Walterlay dos Santos Pedroso\u003C\/p\u003E\r\n\u003C\/td\u003E\r\n\u003Ctd width=\u0022121\u0022\u003E\r\n\u003Cp class=\u0022MsoNormal\u0022 align=\u0022center\u0022\u003E130\u003C\/p\u003E\r\n\u003C\/td\u003E\r\n\u003Ctd width=\u0022205\u0022\u003E\r\n\u003Cp class=\u0022MsoNormal\u0022 align=\u0022center\u0022\u003E93.600,00\u003C\/p\u003E\r\n\u003C\/td\u003E\r\n\u003C\/tr\u003E\r\n\u003Ctr\u003E\r\n\u003Ctd width=\u0022288\u0022\u003E\r\n\u003Cp class=\u0022MsoNormal\u0022 align=\u0022center\u0022\u003EResidencial Manoel   Sobral\u003C\/p\u003E\r\n\u003C\/td\u003E\r\n\u003Ctd width=\u0022121\u0022\u003E\r\n\u003Cp class=\u0022MsoNormal\u0022 align=\u0022center\u0022\u003E173\u003C\/p\u003E\r\n\u003C\/td\u003E\r\n\u003Ctd width=\u0022205\u0022\u003E\r\n\u003Cp class=\u0022MsoNormal\u0022 align=\u0022center\u0022\u003E124.560,00\u003C\/p\u003E\r\n\u003C\/td\u003E\r\n\u003C\/tr\u003E\r\n\u003Ctr\u003E\r\n\u003Ctd width=\u0022288\u0022\u003E\r\n\u003Cp class=\u0022MsoNormal\u0022 align=\u0022center\u0022\u003EResidencial   Franciso Vilobaldo\u003C\/p\u003E\r\n\u003C\/td\u003E\r\n\u003Ctd width=\u0022121\u0022\u003E\r\n\u003Cp class=\u0022MsoNormal\u0022 align=\u0022center\u0022\u003E217\u003C\/p\u003E\r\n\u003C\/td\u003E\r\n\u003Ctd width=\u0022205\u0022\u003E\r\n\u003Cp class=\u0022MsoNormal\u0022 align=\u0022center\u0022\u003E156.240,00\u003C\/p\u003E\r\n\u003C\/td\u003E\r\n\u003C\/tr\u003E\r\n\u003Ctr\u003E\r\n\u003Ctd width=\u0022288\u0022\u003E\r\n\u003Cp class=\u0022MsoNormal\u0022 align=\u0022center\u0022\u003EResidencial Recanto   da Serra\u003C\/p\u003E\r\n\u003C\/td\u003E\r\n\u003Ctd width=\u0022121\u0022\u003E\r\n\u003Cp class=\u0022MsoNormal\u0022 align=\u0022center\u0022\u003E316\u003C\/p\u003E\r\n\u003C\/td\u003E\r\n\u003Ctd width=\u0022205\u0022\u003E\r\n\u003Cp class=\u0022MsoNormal\u0022 align=\u0022center\u0022\u003E227.520,00\u003C\/p\u003E\r\n\u003C\/td\u003E\r\n\u003C\/tr\u003E\r\n\u003C\/tbody\u003E\r\n\u003C\/table\u003E\r\n\u003C\/div\u003E\r\n\u003Cp class=\u0022MsoNormal\u0022\u003E\u003Cspan\u003E\u0026nbsp;\u003C\/span\u003E\u003C\/p\u003E\r\n\u003Cp class=\u0022MsoNormal\u0022\u003E\u003Cspan\u003EArt. 3\u0026deg; - Os recursos necess\u0026aacute;rios \u0026aacute; cobertura do cr\u0026eacute;dito a que se refere a presente Lei, bem como a classifica\u0026ccedil;\u0026atilde;o or\u0026ccedil;ament\u0026aacute;ria da despesa, ser\u0026atilde;o indicados e discriminados em decreto do Poder Executivo, observado o disposto no art. 43 da Lei Federal n.\u0026deg; 4.320 de 17 de mar\u0026ccedil;o de 1964. \u003C\/span\u003E\u003C\/p\u003E\r\n\u003Cp\u003E\u003Cspan\u003EArt. 4\u0026ordm; - Esta Lei entrar\u0026aacute; em vigor na data de sua publica\u0026ccedil;\u0026atilde;o.\u003C\/span\u003E\u003C\/p\u003E\r\n\u003Cp\u003E\u003Cspan\u003E\u0026nbsp;\u003C\/span\u003E\u003C\/p\u003E\r\n\u003Cp\u003E\u003Cspan\u003E\u0026nbsp;\u0026nbsp;\u0026nbsp;\u0026nbsp;\u0026nbsp;\u0026nbsp;\u0026nbsp;\u0026nbsp;\u0026nbsp;\u0026nbsp;\u0026nbsp; \u0026nbsp;\u0026nbsp;\u0026nbsp;\u0026nbsp;\u0026nbsp;\u0026nbsp;\u0026nbsp;\u0026nbsp;\u0026nbsp;\u0026nbsp;\u0026nbsp; Art. 5\u0026ordm; - Revogam-se as disposi\u0026ccedil;\u0026otilde;es em contr\u0026aacute;rio.\u003C\/span\u003E\u003C\/p\u003E\r\n\u003Cp\u003E\u003Cspan\u003E\u0026nbsp;\u003C\/span\u003E\u003C\/p\u003E\r\n\u003Cp\u003E\u003Cspan\u003E\u0026nbsp;\u0026nbsp;\u0026nbsp;\u0026nbsp;\u0026nbsp;\u0026nbsp;\u0026nbsp;\u0026nbsp;\u0026nbsp;\u0026nbsp;\u0026nbsp;\u0026nbsp;\u0026nbsp;\u0026nbsp;\u0026nbsp;\u0026nbsp;\u0026nbsp;\u0026nbsp;\u0026nbsp;\u0026nbsp;\u0026nbsp;\u0026nbsp;\u0026nbsp; Gabinete do Prefeito de Itabaiana\/SE.\u003C\/span\u003E\u003C\/p\u003E\r\n\u003Cp\u003E\u003Cstrong\u003E\u003Cspan\u003E\u0026nbsp;\u003C\/span\u003E\u003C\/strong\u003E\u003C\/p\u003E\r\n\u003Cp\u003E\u003Cstrong\u003E\u003Cspan\u003E\u0026nbsp;\u003C\/span\u003E\u003C\/strong\u003E\u003C\/p\u003E\r\n\u003Cp align=\u0022center\u0022\u003E\u003Cstrong\u003E\u003Cspan\u003EVALMIR DOS SANTOS COSTA\u003C\/span\u003E\u003C\/strong\u003E\u003C\/p\u003E\r\n\u003Cp align=\u0022center\u0022\u003E\u003Cspan\u003EPrefeito\u003C\/span\u003E\u003C\/p\u003E\r\n\u003Cp align=\u0022center\u0022\u003E\u003Cspan\u003E\u0026nbsp;\u003C\/span\u003E\u003C\/p\u003E\r\n\u003Cp class=\u0022MsoNormal\u0022 align=\u0022center\u0022\u003E\u003Cstrong\u003E\u003Cspan\u003ELUCAS CARDINALI PACHECO\u003C\/span\u003E\u003C\/strong\u003E\u003C\/p\u003E\r\n\u003Cp\u003E\u0026nbsp;\u003C\/p\u003E\r\n\u003Cp class=\u0022MsoNormal\u0022 align=\u0022center\u0022\u003E\u003Cspan\u003EProcurador Geral do Munic\u0026iacute;pio de Itabaiana\u003C\/span\u003E\u003C\/p\u003E","criado":"2013-10-08 00:00:00","alterado":"2013-10-08 00:00:00"},"outros":[{"id":4165,"titulo":"Resolu\u00e7\u00e3o N\u00ba 02\/2026. Disp\u00f5e sobre a aplica\u00e7\u00e3o da Lei Federal n\u00b0 14.129, de 29 de mar\u00e7o de 2021 (Lei do Governo Digital), no \u00e2mbito da C\u00e2mara Municipal de ltabaiana\/SE.","numero":"02\/2026","categoria_id":5,"slug":"resolucao-no-02-2026-dispoe-sobre-a-aplicacao-da-lei-federal-n0-14-129-de-29-de-marco-de-2021-lei-do-governo-digital-no-ambito-da-camara-municipal-de-ltabaiana-se","descricao":"\u003Cp\u003EDisp\u0026otilde;e sobre a aplica\u0026ccedil;\u0026atilde;o da Lei Federal n\u0026deg; 14.129, de 29 de mar\u0026ccedil;o de 2021 (Lei do Governo Digital), no \u0026acirc;mbito da C\u0026acirc;mara Municipal de ltabaiana\/SE.\u003C\/p\u003E","tags":"governo,digital,itabaiana","criado":"2026-04-23 12:34:51","alterado":"2026-04-23 12:44:11"},{"id":4164,"titulo":"Portarias - Ano 2023","numero":"2023","categoria_id":10,"slug":"portarias-ano-2023","descricao":"\u003Cp\u003EPortarias - Ano 2023\u003C\/p\u003E","criado":"2026-04-23 12:30:17","alterado":"2026-04-23 12:47:38"},{"id":4163,"titulo":"Resolu\u00e7\u00e3o N\u00ba 01\/2026. Disp\u00f5e sobre a aprova\u00e7\u00e3o do Plano lnstitucional Estrat\u00e9gico da C\u00e2mara Municipal de ltabaiana\/SE e d\u00e1 outras provid\u00eancias.","numero":"01\/2026","categoria_id":5,"slug":"resolucao-no-01-2026-dispoe-sobre-a-aprovacao-do-plano-lnstitucional-estrategico-da-camara-municipal-de-ltabaiana-se-e-da-outras-providencias","descricao":"\u003Cp\u003EDisp\u0026otilde;e sobre a aprova\u0026ccedil;\u0026atilde;o do Plano lnstitucional Estrat\u0026eacute;gico da C\u0026acirc;mara Municipal de ltabaiana\/SE e d\u0026aacute; outras provid\u0026ecirc;ncias.\u003C\/p\u003E","tags":"plano,institucional,camara,municipal","criado":"2026-04-23 12:26:41","alterado":"2026-04-23 12:43:46"}],"arquivos":[]}