{"item":{"id":1897,"titulo":"Autoriza ao Poder Executivo a abrir Cr\u00e9dito Adicional Especial no valor de R$ 500.000,000 (quinhentos mil reais) para os fins que especifica.","numero":"1727","categoria_id":1,"aprovada":"2013-12-17 00:00:00","slug":"autoriza-ao-poder-executivo-a-abrir-cr-dito-adicional-especial-no-valor-de-r-500-000-000-quinhentos-mil-reais-para-os-fins-que-especifica","descricao":"\u003Cp class=\u0022MsoNormal\u0022\u003E\u003Cstrong\u003E\u003Cspan\u003EO PREFEITO DO MUNIC\u0026Iacute;PIO DE ITABAIANA, ESTADO DE SERGIPE, \u003C\/span\u003E\u003C\/strong\u003E\u003Cspan\u003Eno uso de suas atribui\u0026ccedil;\u0026otilde;es legais;\u003Cstrong\u003E\u003C\/strong\u003E\u003C\/span\u003E\u003C\/p\u003E\r\n\u003Cp class=\u0022MsoNormal\u0022\u003E\u003Cspan\u003E\u0026nbsp;\u003C\/span\u003E\u003C\/p\u003E\r\n\u003Cp class=\u0022MsoNormal\u0022\u003E\u003Cspan\u003E\u0026nbsp;\u0026nbsp;\u0026nbsp;\u0026nbsp;\u0026nbsp;\u0026nbsp;\u0026nbsp;\u0026nbsp;\u0026nbsp;\u0026nbsp;\u0026nbsp;\u0026nbsp;\u0026nbsp;\u0026nbsp;\u0026nbsp;\u0026nbsp;\u0026nbsp;\u0026nbsp;\u0026nbsp;\u0026nbsp;\u0026nbsp;\u0026nbsp;\u0026nbsp; Fa\u0026ccedil;o saber que a C\u0026acirc;mara Municipal aprovou e eu sanciono e promulgo a seguinte LEI:\u003C\/span\u003E\u003C\/p\u003E\r\n\u003Cp class=\u0022MsoNormal\u0022\u003E\u003Cspan\u003E\u0026nbsp;\u003C\/span\u003E\u003C\/p\u003E\r\n\u003Cp class=\u0022MsoNormal\u0022\u003E\u003Cspan\u003E\u0026nbsp;\u0026nbsp;\u0026nbsp;\u0026nbsp;\u0026nbsp;\u0026nbsp;\u0026nbsp;\u0026nbsp;\u0026nbsp;\u0026nbsp;\u0026nbsp;\u0026nbsp;\u0026nbsp;\u0026nbsp;\u0026nbsp;\u0026nbsp;\u0026nbsp;\u0026nbsp;\u0026nbsp;\u0026nbsp;\u0026nbsp;\u0026nbsp;\u0026nbsp; Art. 1\u0026ordm; - Fica o Poder Executivo autorizado a abrir o Cr\u0026eacute;dito Adicional Especial no valor de R$ 500.000,000 (quinhentos mil reais), destinados a cobrir despesas n\u0026atilde;o previstas no vigente Or\u0026ccedil;amento, relativas TRANSFER\u0026Ecirc;NCIAS A CONS\u0026Oacute;RCIOS P\u0026Uacute;BLICOS.\u003C\/span\u003E\u003C\/p\u003E\r\n\u003Cp class=\u0022MsoNormal\u0022\u003E\u003Cspan\u003E\u0026nbsp;\u003C\/span\u003E\u003C\/p\u003E\r\n\u003Cp class=\u0022MsoNormal\u0022\u003E\u003Cspan\u003EArt. 2\u0026ordm; - As despesas atender\u0026atilde;o ao disposto na Lei 11.107\/2005, que disp\u0026otilde;e sobre as normas gerais para contrata\u0026ccedil;\u0026atilde;o de Cons\u0026oacute;rcios P\u0026uacute;blicos; na Lei 11.445\/2007, que estabelece a Pol\u0026iacute;tica Nacional de Saneamento B\u0026aacute;sico; e na Lei 12.305\/2005, que trata da Pol\u0026iacute;tica Nacional de Res\u0026iacute;duos S\u0026oacute;lidos.\u003C\/span\u003E\u003C\/p\u003E\r\n\u003Cp class=\u0022MsoNormal\u0022\u003E\u003Cspan\u003E\u0026nbsp;\u003C\/span\u003E\u003C\/p\u003E\r\n\u003Cp class=\u0022MsoNormal\u0022\u003E\u003Cspan\u003EArt. 3\u0026ordm; - Os recursos necess\u0026aacute;rios \u0026agrave; cobertura do Cr\u0026eacute;dito a que se refere a presente Lei, bem como, a classifica\u0026ccedil;\u0026atilde;o or\u0026ccedil;ament\u0026aacute;ria da despesa, ser\u0026atilde;o indicados e discriminados em Decreto do Poder Executivo, observado o disposto no art. 43 da lei Federal n\u0026deg; 4.320 de 17 de mar\u0026ccedil;o de 1964.\u003C\/span\u003E\u003C\/p\u003E\r\n\u003Cp class=\u0022MsoNormal\u0022\u003E\u003Cspan\u003E\u0026nbsp;\u003C\/span\u003E\u003C\/p\u003E\r\n\u003Cp class=\u0022MsoNormal\u0022\u003E\u003Cspan\u003E\u0026nbsp;\u0026nbsp;\u0026nbsp;\u0026nbsp;\u0026nbsp;\u0026nbsp;\u0026nbsp;\u0026nbsp;\u0026nbsp;\u0026nbsp;\u0026nbsp;\u0026nbsp;\u0026nbsp;\u0026nbsp;\u0026nbsp;\u0026nbsp;\u0026nbsp;\u0026nbsp;\u0026nbsp;\u0026nbsp;\u0026nbsp;\u0026nbsp;\u0026nbsp; Art. 4\u0026ordm; - Esta Lei entra em vigor na data de sua publica\u0026ccedil;\u0026atilde;o.\u003C\/span\u003E\u003C\/p\u003E\r\n\u003Cp class=\u0022MsoNormal\u0022\u003E\u003Cspan\u003E\u0026nbsp;\u003C\/span\u003E\u003C\/p\u003E\r\n\u003Cp class=\u0022MsoNormal\u0022\u003E\u003Cspan\u003E\u0026nbsp;\u0026nbsp;\u0026nbsp;\u0026nbsp;\u0026nbsp;\u0026nbsp;\u0026nbsp;\u0026nbsp;\u0026nbsp;\u0026nbsp;\u0026nbsp;\u0026nbsp;\u0026nbsp;\u0026nbsp;\u0026nbsp;\u0026nbsp;\u0026nbsp;\u0026nbsp;\u0026nbsp;\u0026nbsp;\u0026nbsp;\u0026nbsp;\u0026nbsp; Art. 5\u0026ordm; - Revogam-se as disposi\u0026ccedil;\u0026otilde;es em contr\u0026aacute;rio.\u003C\/span\u003E\u003C\/p\u003E\r\n\u003Cp class=\u0022MsoNormal\u0022\u003E\u003Cspan\u003E\u0026nbsp;\u003C\/span\u003E\u003C\/p\u003E\r\n\u003Cp class=\u0022MsoNormal\u0022\u003E\u003Cspan\u003E\u0026nbsp;\u0026nbsp;\u0026nbsp;\u0026nbsp;\u0026nbsp;\u0026nbsp;\u0026nbsp;\u0026nbsp;\u0026nbsp;\u0026nbsp;\u0026nbsp;\u0026nbsp;\u0026nbsp;\u0026nbsp;\u0026nbsp;\u0026nbsp;\u0026nbsp;\u0026nbsp;\u0026nbsp;\u0026nbsp;\u0026nbsp;\u0026nbsp;\u0026nbsp; Gabinete do Prefeito Municipal de Itabaiana\/SE, em 17 de Dezembro de 2013.\u003C\/span\u003E\u003C\/p\u003E\r\n\u003Cp class=\u0022MsoNormal\u0022\u003E\u003Cspan\u003E\u0026nbsp;\u0026nbsp;\u0026nbsp;\u0026nbsp;\u0026nbsp;\u0026nbsp;\u0026nbsp;\u0026nbsp;\u0026nbsp;\u0026nbsp;\u0026nbsp;\u0026nbsp;\u0026nbsp;\u0026nbsp;\u0026nbsp;\u0026nbsp;\u0026nbsp;\u0026nbsp;\u0026nbsp;\u0026nbsp;\u0026nbsp;\u0026nbsp;\u0026nbsp;\u0026nbsp;\u0026nbsp;\u0026nbsp;\u0026nbsp;\u0026nbsp;\u0026nbsp;\u0026nbsp;\u0026nbsp;\u0026nbsp;\u0026nbsp;\u0026nbsp; \u003C\/span\u003E\u003C\/p\u003E\r\n\u003Cp class=\u0022MsoNormal\u0022 align=\u0022center\u0022\u003E\u003Cstrong\u003E\u003Cspan\u003EVALMIR DOS SANTOS COSTA\u003C\/span\u003E\u003C\/strong\u003E\u003C\/p\u003E\r\n\u003Cp class=\u0022MsoNormal\u0022 align=\u0022center\u0022\u003E\u003Cspan\u003EPrefeito\u003C\/span\u003E\u003C\/p\u003E\r\n\u003Cp class=\u0022MsoNormal\u0022 align=\u0022center\u0022\u003E\u003Cspan\u003E\u0026nbsp;\u003C\/span\u003E\u003C\/p\u003E\r\n\u003Cp class=\u0022MsoNormal\u0022\u003E\u003Cspan\u003E\u0026nbsp;\u003C\/span\u003E\u003C\/p\u003E\r\n\u003Cp class=\u0022MsoNormal\u0022 align=\u0022center\u0022\u003E\u003Cstrong\u003E\u003Cspan\u003ELUCAS CARDINALI PACHECO\u003C\/span\u003E\u003C\/strong\u003E\u003C\/p\u003E\r\n\u003Cp\u003E\u003Cspan\u003EProcurador Geral do Munic\u0026iacute;pio\u003C\/span\u003E\u003C\/p\u003E","criado":"2013-12-17 00:00:00","alterado":"2013-12-17 00:00:00"},"outros":[{"id":4165,"titulo":"Resolu\u00e7\u00e3o N\u00ba 02\/2026. Disp\u00f5e sobre a aplica\u00e7\u00e3o da Lei Federal n\u00b0 14.129, de 29 de mar\u00e7o de 2021 (Lei do Governo Digital), no \u00e2mbito da C\u00e2mara Municipal de ltabaiana\/SE.","numero":"02\/2026","categoria_id":5,"slug":"resolucao-no-02-2026-dispoe-sobre-a-aplicacao-da-lei-federal-n0-14-129-de-29-de-marco-de-2021-lei-do-governo-digital-no-ambito-da-camara-municipal-de-ltabaiana-se","descricao":"\u003Cp\u003EDisp\u0026otilde;e sobre a aplica\u0026ccedil;\u0026atilde;o da Lei Federal n\u0026deg; 14.129, de 29 de mar\u0026ccedil;o de 2021 (Lei do Governo Digital), no \u0026acirc;mbito da C\u0026acirc;mara Municipal de ltabaiana\/SE.\u003C\/p\u003E","tags":"governo,digital,itabaiana","criado":"2026-04-23 12:34:51","alterado":"2026-04-23 12:44:11"},{"id":4164,"titulo":"Portarias - Ano 2023","numero":"2023","categoria_id":10,"slug":"portarias-ano-2023","descricao":"\u003Cp\u003EPortarias - Ano 2023\u003C\/p\u003E","criado":"2026-04-23 12:30:17","alterado":"2026-04-23 12:47:38"},{"id":4163,"titulo":"Resolu\u00e7\u00e3o N\u00ba 01\/2026. Disp\u00f5e sobre a aprova\u00e7\u00e3o do Plano lnstitucional Estrat\u00e9gico da C\u00e2mara Municipal de ltabaiana\/SE e d\u00e1 outras provid\u00eancias.","numero":"01\/2026","categoria_id":5,"slug":"resolucao-no-01-2026-dispoe-sobre-a-aprovacao-do-plano-lnstitucional-estrategico-da-camara-municipal-de-ltabaiana-se-e-da-outras-providencias","descricao":"\u003Cp\u003EDisp\u0026otilde;e sobre a aprova\u0026ccedil;\u0026atilde;o do Plano lnstitucional Estrat\u0026eacute;gico da C\u0026acirc;mara Municipal de ltabaiana\/SE e d\u0026aacute; outras provid\u0026ecirc;ncias.\u003C\/p\u003E","tags":"plano,institucional,camara,municipal","criado":"2026-04-23 12:26:41","alterado":"2026-04-23 12:43:46"}],"arquivos":[]}