{"item":{"id":861,"titulo":"Concede autoriza\u00e7\u00e3o ao Poder Executivo para doar um terreno ao \u0022Gr\u00eamio Liter\u00e1rio e Esportivo de Itabaiana\u0022.","numero":"121","categoria_id":1,"aprovada":"1954-06-01 00:00:00","slug":"concede-autoriza-o-ao-poder-executivo-para-doar-um-terreno-ao-gr-mio-liter-rio-e-esportivo-de-itabaiana","descricao":"\u003Cp\u003ELei n\u0026ordm; 121\u003C\/p\u003E\r\n\u003Cp\u003EDe 1\u0026ordm; de Junho de 1954.\u003C\/p\u003E\r\n\u003Cp\u003E\u0026nbsp;\u003C\/p\u003E\r\n\u003Cp\u003EConcede autoriza\u0026ccedil;\u0026atilde;o ao Poder Executivo para doar um terreno ao \u0022Gr\u0026ecirc;mio Liter\u0026aacute;rio e Esportivo de Itabaiana\u0022.\u003C\/p\u003E\r\n\u003Cp\u003E\u0026nbsp;\u003C\/p\u003E\r\n\u003Cp\u003EO prefeito Municipal de Itabaiana.\u003C\/p\u003E\r\n\u003Cp\u003EFaz saber que a C\u0026acirc;mara de Vereadores deste Munic\u0026iacute;pio de Itabaiana, decretou e em nome do povo, sanciono a seguinte Lei:\u003C\/p\u003E\r\n\u003Cp\u003EArt.1\u0026ordm; - Fica o Chefe do Poder Executivo autorizado a doar ao \u0022Gr\u0026ecirc;mio Liter\u0026aacute;rio e Esportivo de Itabaiana\u0022, sociedade reconhecida de utilidade p\u0026uacute;blica, o terreno de propriedade da Prefeitura, para constru\u0026ccedil;\u0026atilde;o de sua sede pr\u0026oacute;pria e pra\u0026ccedil;a de esportes localizado na esquina da Rua Antonio Dultra com a Rua Capital Manoel Joaquim Mendes nesta Cidade, medindo quarenta (40) metros de frente com trinta e oito (38) metros de fundo, at\u0026eacute; encontrar o Tanque do Povo.\u003C\/p\u003E\r\n\u003Cp\u003EArt. 2\u0026ordm; - Esta Lei entrar\u0026aacute; em vigor na data de sua publica\u0026ccedil;\u0026atilde;o, revogadas as disposi\u0026ccedil;\u0026otilde;es em contr\u0026aacute;rio.\u003C\/p\u003E\r\n\u003Cp\u003EGabinete do prefeito Municipal de Itabaiana em, 1\u0026ordm; de Junho de 1954.\u003C\/p\u003E\r\n\u003Cp\u003E\u0026nbsp;\u003C\/p\u003E\r\n\u003Cp\u003EPerc\u0026iacute;lio da Costa Andrade\u003C\/p\u003E\r\n\u003Cp\u003EPrefeito Municipal - em exerc\u0026iacute;cio\u003C\/p\u003E\r\n\u003Cp\u003EEl\u0026iacute;zio Ara\u0026uacute;jo\u003C\/p\u003E\r\n\u003Cp\u003ESecret\u0026aacute;rio\u003C\/p\u003E\r\n\u003Cp\u003E\u0026nbsp;\u003C\/p\u003E","criado":"1954-06-01 00:00:00","alterado":"1954-06-01 00:00:00"},"outros":[{"id":4165,"titulo":"Resolu\u00e7\u00e3o N\u00ba 02\/2026. Disp\u00f5e sobre a aplica\u00e7\u00e3o da Lei Federal n\u00b0 14.129, de 29 de mar\u00e7o de 2021 (Lei do Governo Digital), no \u00e2mbito da C\u00e2mara Municipal de ltabaiana\/SE.","numero":"02\/2026","categoria_id":5,"slug":"resolucao-no-02-2026-dispoe-sobre-a-aplicacao-da-lei-federal-n0-14-129-de-29-de-marco-de-2021-lei-do-governo-digital-no-ambito-da-camara-municipal-de-ltabaiana-se","descricao":"\u003Cp\u003EDisp\u0026otilde;e sobre a aplica\u0026ccedil;\u0026atilde;o da Lei Federal n\u0026deg; 14.129, de 29 de mar\u0026ccedil;o de 2021 (Lei do Governo Digital), no \u0026acirc;mbito da C\u0026acirc;mara Municipal de ltabaiana\/SE.\u003C\/p\u003E","tags":"governo,digital,itabaiana","criado":"2026-04-23 12:34:51","alterado":"2026-04-23 12:44:11"},{"id":4164,"titulo":"Portarias - Ano 2023","numero":"2023","categoria_id":10,"slug":"portarias-ano-2023","descricao":"\u003Cp\u003EPortarias - Ano 2023\u003C\/p\u003E","criado":"2026-04-23 12:30:17","alterado":"2026-04-23 12:47:38"},{"id":4163,"titulo":"Resolu\u00e7\u00e3o N\u00ba 01\/2026. Disp\u00f5e sobre a aprova\u00e7\u00e3o do Plano lnstitucional Estrat\u00e9gico da C\u00e2mara Municipal de ltabaiana\/SE e d\u00e1 outras provid\u00eancias.","numero":"01\/2026","categoria_id":5,"slug":"resolucao-no-01-2026-dispoe-sobre-a-aprovacao-do-plano-lnstitucional-estrategico-da-camara-municipal-de-ltabaiana-se-e-da-outras-providencias","descricao":"\u003Cp\u003EDisp\u0026otilde;e sobre a aprova\u0026ccedil;\u0026atilde;o do Plano lnstitucional Estrat\u0026eacute;gico da C\u0026acirc;mara Municipal de ltabaiana\/SE e d\u0026aacute; outras provid\u0026ecirc;ncias.\u003C\/p\u003E","tags":"plano,institucional,camara,municipal","criado":"2026-04-23 12:26:41","alterado":"2026-04-23 12:43:46"}],"arquivos":[]}