{"item":{"id":1899,"titulo":"Concede Subven\u00e7\u00e3o a Associa\u00e7\u00e3o Ol\u00edmpica de Itabaiana (AOI) e d\u00e1 outras provid\u00eancias.","numero":"1729","categoria_id":1,"aprovada":"2013-12-17 00:00:00","slug":"concede-subven-o-a-associa-o-ol-mpica-de-itabaiana-aoi-e-d-outras-provid-ncias","descricao":"\u003Cp class=\u0022MsoNormal\u0022\u003E\u003Cstrong\u003E\u003Cspan\u003EO PREFEITO DO MUNIC\u0026Iacute;PIO DE ITABAIANA, ESTADO DE SERGIPE, \u003C\/span\u003E\u003C\/strong\u003E\u003Cspan\u003Eno uso de suas atribui\u0026ccedil;\u0026otilde;es;\u003Cstrong\u003E\u003C\/strong\u003E\u003C\/span\u003E\u003C\/p\u003E\r\n\u003Cp class=\u0022MsoNormal\u0022\u003E\u003Cspan\u003EFa\u0026ccedil;o saber que a C\u0026acirc;mara Municipal aprovou e eu sanciono e promulgo a seguinte lei:\u003C\/span\u003E\u003C\/p\u003E\r\n\u003Cp class=\u0022MsoNormal\u0022\u003E\u003Cspan\u003E\u0026nbsp;\u003C\/span\u003E\u003C\/p\u003E\r\n\u003Cp class=\u0022MsoNormal\u0022\u003E\u003Cstrong\u003E\u003Cspan\u003EArt. 1\u003C\/span\u003E\u003C\/strong\u003E\u003Cspan\u003E \u0026ndash; Fica o Poder Executivo Municipal, autorizado a conceder subven\u0026ccedil;\u0026atilde;o \u0026agrave; Associa\u0026ccedil;\u0026atilde;o Ol\u0026iacute;mpica de Itabaiana, inscrita sob o CNPJ n\u0026deg; 13.002.563\/0001-60, com sede na Avenida Jos\u0026eacute; Am\u0026acirc;ncio Bispo, n\u0026ordm; 5255, Bairro Miguel Teles de Mendon\u0026ccedil;a, Itabaiana\/SE, com a finalidade de patrocinar o time nos jogos que disputar\u0026aacute; no campeonato Estadual de Futebol, bem como de custear despesas com o cumprimento de obriga\u0026ccedil;\u0026otilde;es decorrentes de suas finalidades estatut\u0026aacute;rias.\u003C\/span\u003E\u003C\/p\u003E\r\n\u003Cp class=\u0022MsoNormal\u0022\u003E\u003Cspan\u003E\u0026nbsp;\u003C\/span\u003E\u003C\/p\u003E\r\n\u003Cp class=\u0022MsoNormal\u0022\u003E\u003Cstrong\u003E\u003Cspan\u003EArt. 2\u003C\/span\u003E\u003C\/strong\u003E\u003Cspan\u003E - O Poder Executivo Municipal conceder\u0026aacute; Subven\u0026ccedil;\u0026atilde;o a Associa\u0026ccedil;\u0026atilde;o Ol\u0026iacute;mpica de Itabaiana no valor total de R$ 60.000,00 (sessenta mil reais) durante 06 meses, sendo esse valor repassado em parcelas mensais de R$ 10.000,00 (dez mil reais) desde que o time esteja disputando ativamente o campeonato, sob pena de ser cancelando a subven\u0026ccedil;\u0026atilde;o.\u003C\/span\u003E\u003C\/p\u003E\r\n\u003Cp class=\u0022MsoNormal\u0022\u003E\u003Cstrong\u003E\u003Cspan\u003E\u0026nbsp;\u003C\/span\u003E\u003C\/strong\u003E\u003C\/p\u003E\r\n\u003Cp class=\u0022MsoNormal\u0022\u003E\u003Cstrong\u003E\u003Cspan\u003EI\u003C\/span\u003E\u003C\/strong\u003E\u003Cspan\u003E - A subven\u0026ccedil;\u0026atilde;o de que trata o \u0026ldquo;caput\u0026rdquo; desse artigo, dever\u0026aacute; ser aplicada na cobertura de despesas provenientes do objeto de conv\u0026ecirc;nio a ser firmado, na forma desta Lei.\u003C\/span\u003E\u003C\/p\u003E\r\n\u003Cp class=\u0022MsoNormal\u0022\u003E\u003Cspan\u003E\u0026nbsp;\u003C\/span\u003E\u003C\/p\u003E\r\n\u003Cp class=\u0022MsoNormal\u0022\u003E\u003Cstrong\u003E\u003Cspan\u003EII \u003C\/span\u003E\u003C\/strong\u003E\u003Cspan\u003E- O repasse dos valores de que trata esta Lei, na forma de subven\u0026ccedil;\u0026atilde;o social, servir\u0026aacute; como participa\u0026ccedil;\u0026atilde;o do munic\u0026iacute;pio, no desenvolvimento social e cultural \u0026agrave; popula\u0026ccedil;\u0026atilde;o Itabaianense.\u003C\/span\u003E\u003C\/p\u003E\r\n\u003Cp class=\u0022MsoNormal\u0022\u003E\u003Cspan\u003E\u0026nbsp;\u003C\/span\u003E\u003C\/p\u003E\r\n\u003Cp class=\u0022MsoNormal\u0022\u003E\u003Cstrong\u003E\u003Cspan\u003EIII\u003C\/span\u003E\u003C\/strong\u003E\u003Cspan\u003E \u0026ndash; A entidade beneficiada por esta Lei dever\u0026aacute; apresentar ao Poder Executivo Municipal, trimestralmente, desde a assinatura de conv\u0026ecirc;nio, planos de trabalho e de aplica\u0026ccedil;\u0026atilde;o de recursos, sob pena de cancelamento do repasse.\u003C\/span\u003E\u003C\/p\u003E\r\n\u003Cp class=\u0022MsoNormal\u0022\u003E\u003Cspan\u003E\u0026nbsp;\u003C\/span\u003E\u003C\/p\u003E\r\n\u003Cp class=\u0022MsoNormal\u0022\u003E\u003Cstrong\u003E\u003Cspan\u003EIV\u003C\/span\u003E\u003C\/strong\u003E\u003Cspan\u003E - O Poder Executivo Municipal dever\u0026aacute; julgar e aprovar os planos de trabalho e de aplica\u0026ccedil;\u0026atilde;o de recursos citados no par\u0026aacute;grafo anterior, enquanto o representante legal da entidade beneficiada dever\u0026aacute; encaminhar c\u0026oacute;pias dos mesmos, no prazo de cinco dias da entrega ao Munic\u0026iacute;pio e \u0026agrave; C\u0026acirc;mara de Vereadores, sob pena de suspens\u0026atilde;o do conv\u0026ecirc;nio.\u003C\/span\u003E\u003C\/p\u003E\r\n\u003Cp class=\u0022MsoNormal\u0022\u003E\u003Cstrong\u003E\u003Cspan\u003E\u0026nbsp;\u003C\/span\u003E\u003C\/strong\u003E\u003C\/p\u003E\r\n\u003Cp class=\u0022MsoNormal\u0022\u003E\u003Cstrong\u003E\u003Cspan\u003EArt. 3\u003C\/span\u003E\u003C\/strong\u003E\u003Cspan\u003E - O processo de presta\u0026ccedil;\u0026atilde;o de Contas dever\u0026aacute; conter:\u003C\/span\u003E\u003C\/p\u003E\r\n\u003Cp class=\u0022MsoNormal\u0022\u003E\u003Cspan\u003E\u0026nbsp;\u003C\/span\u003E\u003C\/p\u003E\r\n\u003Cp class=\u0022MsoNormal\u0022\u003E\u003Cspan\u003E\u0026nbsp;I - Of\u0026iacute;cio de encaminhamento da presta\u0026ccedil;\u0026atilde;o de contas endere\u0026ccedil;ado ao Secret\u0026aacute;rio Municipal da Administra\u0026ccedil;\u0026atilde;o e da Gest\u0026atilde;o de Pessoas;\u003C\/span\u003E\u003C\/p\u003E\r\n\u003Cp class=\u0022MsoNormal\u0022\u003E\u003Cspan\u003EII - Rela\u0026ccedil;\u0026atilde;o de gastos efetuados dentro do prazo de aplica\u0026ccedil;\u0026atilde;o dos recursos; \u003C\/span\u003E\u003C\/p\u003E\r\n\u003Cp class=\u0022MsoNormal\u0022\u003E\u003Cspan\u003EIII - Notas fiscais, faturas e recibos emitidos em nome da entidade, as quais n\u0026atilde;o poder\u0026atilde;o conter rasuras ou emendas que prejudiquem a sua clareza ou legitimidade, devendo constar no corpo das mesmas \u0026agrave; quantidade, o pre\u0026ccedil;o unit\u0026aacute;rio, o pre\u0026ccedil;o total e a descri\u0026ccedil;\u0026atilde;o dos produtos.\u0026nbsp; \u003C\/span\u003E\u003C\/p\u003E\r\n\u003Cp class=\u0022MsoNormal\u0022\u003E\u003Cspan\u003E\u0026nbsp;\u003C\/span\u003E\u003C\/p\u003E\r\n\u003Cp class=\u0022MsoNormal\u0022\u003E\u003Cstrong\u003E\u003Cspan\u003EArt. 4\u003C\/span\u003E\u003C\/strong\u003E\u003Cspan\u003E - Caso exista saldo de recursos recebidos que n\u0026atilde;o tenha sido utilizado ou que tenha sido solicitada a sua restitui\u0026ccedil;\u0026atilde;o, este dever\u0026aacute; ser recolhido em nome do Munic\u0026iacute;pio de Itabaiana, em conta a ser indicada pelo mesmo, vinculada \u0026agrave; fonte origin\u0026aacute;ria dos recursos.\u003C\/span\u003E\u003C\/p\u003E\r\n\u003Cp class=\u0022MsoNormal\u0022\u003E\u003Cspan\u003E\u0026nbsp;\u003C\/span\u003E\u003C\/p\u003E\r\n\u003Cp class=\u0022MsoNormal\u0022\u003E\u003Cstrong\u003E\u003Cspan\u003EArt. 5\u003C\/span\u003E\u003C\/strong\u003E\u003Cspan\u003E - As despesas decorrentes da aplica\u0026ccedil;\u0026atilde;o desta Lei correr\u0026atilde;o por conta da dota\u0026ccedil;\u0026atilde;o or\u0026ccedil;ament\u0026aacute;ria de 2014, sen\u0026atilde;o vejamos:\u003C\/span\u003E\u003C\/p\u003E\r\n\u003Cul type=\u0022disc\u0022\u003E\r\n\u003Cli class=\u0022MsoNormal\u0022\u003E\u003Cspan\u003E15      \u0026ndash; SEC. DA IND\u0026Uacute;STRIA DO COM. DOS SERV. DO ESPORTE E DO LAZER\u003C\/span\u003E\u003C\/li\u003E\r\n\u003Cli class=\u0022MsoNormal\u0022\u003E\u003Cspan\u003E27813      - LAZER\u003C\/span\u003E\u003C\/li\u003E\r\n\u003Cli class=\u0022MsoNormal\u0022\u003E\u003Cspan\u003E27.813.0004      \u0026ndash; PROM. DE ATIVIDADES CULTURAIS, ART\u0026Iacute;STICAS, DESPORTIVAS E DE LAZER COM      \u0026Ecirc;NFASE NA QUALIDADE DE VIDA\u003C\/span\u003E\u003C\/li\u003E\r\n\u003Cli class=\u0022MsoNormal\u0022\u003E\u003Cspan\u003E27.813.0004.2.077      \u0026ndash; INCENTIVO AO DESPORTO E LAZER\u003C\/span\u003E\u003C\/li\u003E\r\n\u003Cli class=\u0022MsoNormal\u0022\u003E\u003Cspan\u003E3350.43.00      \u0026ndash; SUBVEN\u0026Ccedil;\u0026Otilde;ES SOCIAIS\u003C\/span\u003E\u003C\/li\u003E\r\n\u003C\/ul\u003E\r\n\u003Cp class=\u0022MsoNormal\u0022\u003E\u003Cspan\u003E\u0026nbsp;\u003C\/span\u003E\u003C\/p\u003E\r\n\u003Cp class=\u0022MsoNormal\u0022\u003E\u003Cstrong\u003E\u003Cspan\u003EPar\u0026aacute;grafo \u0026uacute;nico\u003C\/span\u003E\u003C\/strong\u003E\u003Cspan\u003E \u0026ndash; Caso haja altera\u0026ccedil;\u0026atilde;o da dota\u0026ccedil;\u0026atilde;o devido \u0026agrave; reforma administrativa implementada pelas Leis Complementares 33 e 34 de 2013, poder\u0026aacute; haver a corre\u0026ccedil;\u0026atilde;o da dota\u0026ccedil;\u0026atilde;o por meio de decreto do executivo.\u003C\/span\u003E\u003C\/p\u003E\r\n\u003Cp class=\u0022MsoNormal\u0022\u003E\u003Cstrong\u003E\u003Cspan\u003E\u0026nbsp;\u003C\/span\u003E\u003C\/strong\u003E\u003C\/p\u003E\r\n\u003Cp class=\u0022MsoNormal\u0022\u003E\u003Cstrong\u003E\u003Cspan\u003EArt. 6\u003C\/span\u003E\u003C\/strong\u003E\u003Cspan\u003E - Esta Lei entra em vigor a partir de 01 de janeiro de 2014.\u003C\/span\u003E\u003C\/p\u003E\r\n\u003Cp class=\u0022MsoNormal\u0022\u003E\u003Cstrong\u003E\u003Cspan\u003E\u0026nbsp;\u003C\/span\u003E\u003C\/strong\u003E\u003C\/p\u003E\r\n\u003Cp class=\u0022MsoNormal\u0022\u003E\u003Cstrong\u003E\u003Cspan\u003EArt. 7\u003C\/span\u003E\u003C\/strong\u003E\u003Cspan\u003E - Revogam-se as disposi\u0026ccedil;\u0026otilde;es em contr\u0026aacute;rio.\u003C\/span\u003E\u003C\/p\u003E\r\n\u003Cp class=\u0022MsoNormal\u0022\u003E\u003Cspan\u003E\u0026nbsp;\u003C\/span\u003E\u003C\/p\u003E\r\n\u003Cp class=\u0022MsoNormal\u0022\u003E\u003Cspan\u003EGabinete do Prefeito de Itabaiana\/SE, 17 de dezembro de 2013.\u003C\/span\u003E\u003C\/p\u003E\r\n\u003Cp class=\u0022MsoNormal\u0022 align=\u0022center\u0022\u003E\u003Cspan\u003E\u0026nbsp;\u003C\/span\u003E\u003C\/p\u003E\r\n\u003Cp class=\u0022MsoNormal\u0022 align=\u0022center\u0022\u003E\u003Cspan\u003E\u0026nbsp;\u003C\/span\u003E\u003C\/p\u003E\r\n\u003Cp class=\u0022MsoNormal\u0022 align=\u0022center\u0022\u003E\u003Cspan\u003E\u0026nbsp;\u003C\/span\u003E\u003C\/p\u003E\r\n\u003Cp class=\u0022MsoNormal\u0022 align=\u0022center\u0022\u003E\u003Cstrong\u003E\u003Cspan\u003EVALMIR DOS SANTOS COSTA\u003C\/span\u003E\u003C\/strong\u003E\u003C\/p\u003E\r\n\u003Cp class=\u0022MsoNormal\u0022 align=\u0022center\u0022\u003E\u003Cspan\u003EPrefeito\u003C\/span\u003E\u003C\/p\u003E\r\n\u003Cp class=\u0022MsoNormal\u0022 align=\u0022center\u0022\u003E\u003Cspan\u003E\u0026nbsp;\u003C\/span\u003E\u003C\/p\u003E\r\n\u003Cp class=\u0022MsoNormal\u0022 align=\u0022center\u0022\u003E\u003Cspan\u003E\u0026nbsp;\u003C\/span\u003E\u003C\/p\u003E\r\n\u003Cp class=\u0022MsoNormal\u0022 align=\u0022center\u0022\u003E\u003Cstrong\u003E\u003Cspan\u003ELUCAS CARDINALI PACHECO\u003C\/span\u003E\u003C\/strong\u003E\u003C\/p\u003E\r\n\u003Cp\u003E\u0026nbsp;\u003C\/p\u003E\r\n\u003Cp class=\u0022MsoNormal\u0022 align=\u0022center\u0022\u003E\u003Cspan\u003EProcurador Geral do Munic\u0026iacute;pio\u003C\/span\u003E\u003C\/p\u003E","criado":"2013-12-17 00:00:00","alterado":"2013-12-17 00:00:00"},"outros":[{"id":4165,"titulo":"Resolu\u00e7\u00e3o N\u00ba 02\/2026. Disp\u00f5e sobre a aplica\u00e7\u00e3o da Lei Federal n\u00b0 14.129, de 29 de mar\u00e7o de 2021 (Lei do Governo Digital), no \u00e2mbito da C\u00e2mara Municipal de ltabaiana\/SE.","numero":"02\/2026","categoria_id":5,"slug":"resolucao-no-02-2026-dispoe-sobre-a-aplicacao-da-lei-federal-n0-14-129-de-29-de-marco-de-2021-lei-do-governo-digital-no-ambito-da-camara-municipal-de-ltabaiana-se","descricao":"\u003Cp\u003EDisp\u0026otilde;e sobre a aplica\u0026ccedil;\u0026atilde;o da Lei Federal n\u0026deg; 14.129, de 29 de mar\u0026ccedil;o de 2021 (Lei do Governo Digital), no \u0026acirc;mbito da C\u0026acirc;mara Municipal de ltabaiana\/SE.\u003C\/p\u003E","tags":"governo,digital,itabaiana","criado":"2026-04-23 12:34:51","alterado":"2026-04-23 12:44:11"},{"id":4164,"titulo":"Portarias - Ano 2023","numero":"2023","categoria_id":10,"slug":"portarias-ano-2023","descricao":"\u003Cp\u003EPortarias - Ano 2023\u003C\/p\u003E","criado":"2026-04-23 12:30:17","alterado":"2026-04-23 12:47:38"},{"id":4163,"titulo":"Resolu\u00e7\u00e3o N\u00ba 01\/2026. Disp\u00f5e sobre a aprova\u00e7\u00e3o do Plano lnstitucional Estrat\u00e9gico da C\u00e2mara Municipal de ltabaiana\/SE e d\u00e1 outras provid\u00eancias.","numero":"01\/2026","categoria_id":5,"slug":"resolucao-no-01-2026-dispoe-sobre-a-aprovacao-do-plano-lnstitucional-estrategico-da-camara-municipal-de-ltabaiana-se-e-da-outras-providencias","descricao":"\u003Cp\u003EDisp\u0026otilde;e sobre a aprova\u0026ccedil;\u0026atilde;o do Plano lnstitucional Estrat\u0026eacute;gico da C\u0026acirc;mara Municipal de ltabaiana\/SE e d\u0026aacute; outras provid\u0026ecirc;ncias.\u003C\/p\u003E","tags":"plano,institucional,camara,municipal","criado":"2026-04-23 12:26:41","alterado":"2026-04-23 12:43:46"}],"arquivos":[]}