{"item":{"id":1902,"titulo":"Concede Subven\u00e7\u00e3o a Sociedade Filarm\u00f4nica 28 de Agosto e d\u00e1 outras provid\u00eancias.","numero":"1732","categoria_id":1,"aprovada":"2013-12-17 00:00:00","slug":"concede-subven-o-a-sociedade-filarm-nica-28-de-agosto-e-d-outras-provid-ncias","descricao":"\u003Cp class=\u0022MsoNormal\u0022\u003E\u003Cspan\u003EO \u003Cstrong\u003EPREFEITO DO MUNIC\u0026Iacute;PIO DE ITABAIANA, Estado de Sergipe, \u003C\/strong\u003Eno uso de suas atribui\u0026ccedil;\u0026otilde;es;\u003C\/span\u003E\u003C\/p\u003E\r\n\u003Cp class=\u0022MsoNormal\u0022\u003E\u003Cspan\u003E\u0026nbsp;\u003C\/span\u003E\u003C\/p\u003E\r\n\u003Cp class=\u0022MsoNormal\u0022\u003E\u003Cspan\u003EFa\u0026ccedil;o saber que a C\u0026acirc;mara Municipal aprovou e eu sanciono e promulgo a seguinte lei:\u003C\/span\u003E\u003C\/p\u003E\r\n\u003Cp class=\u0022MsoNormal\u0022\u003E\u003Cspan\u003E\u0026nbsp;\u003C\/span\u003E\u003C\/p\u003E\r\n\u003Cp class=\u0022MsoNormal\u0022\u003E\u003Cspan\u003E\u0026nbsp;\u003C\/span\u003E\u003C\/p\u003E\r\n\u003Cp class=\u0022MsoNormal\u0022\u003E\u003Cstrong\u003E\u003Cspan\u003EArt.1 -\u003C\/span\u003E\u003C\/strong\u003E\u003Cspan\u003E Fica o Poder Executivo Municipal autorizado a conceder subven\u0026ccedil;\u0026atilde;o no valor de R$ 24.000,00 (vinte e quatro mil reais), \u0026agrave; Sociedade Filarm\u0026ocirc;nica 28 de Agosto - SOFIVA, inscrita no CNPJ sob o n\u0026ordm; 13.780.130\/0001-36, com sede na Rua Jackson de Figueiredo, 725, Centro, Itabaiana\/SE, entidade de reconhecida utilidade p\u0026uacute;blica no per\u0026iacute;odo de janeiro a dezembro de 2014.\u003C\/span\u003E\u003C\/p\u003E\r\n\u003Cp class=\u0022MsoNormal\u0022\u003E\u003Cspan\u003E\u0026nbsp;\u003C\/span\u003E\u003C\/p\u003E\r\n\u003Cp class=\u0022MsoNormal\u0022\u003E\u003Cstrong\u003E\u003Cspan\u003EI \u003C\/span\u003E\u003C\/strong\u003E\u003Cspan\u003E- Os repasses ser\u0026atilde;o no valor de R$ 2.000,00 (dois mil reais) mensais, obrigando-se a entidade subvencionada a prestar conta junto \u0026agrave; C\u0026acirc;mara Municipal.\u003C\/span\u003E\u003C\/p\u003E\r\n\u003Cp class=\u0022MsoNormal\u0022\u003E\u003Cspan\u003E\u0026nbsp;\u003C\/span\u003E\u003C\/p\u003E\r\n\u003Cp class=\u0022MsoNormal\u0022\u003E\u003Cstrong\u003E\u003Cspan\u003EII \u003C\/span\u003E\u003C\/strong\u003E\u003Cspan\u003E-\u003Cstrong\u003E \u003C\/strong\u003EA subven\u0026ccedil;\u0026atilde;o consistir\u0026aacute; na manuten\u0026ccedil;\u0026atilde;o material e financeira da Sociedade Filarm\u0026ocirc;nica 28 de Agosto.\u003C\/span\u003E\u003C\/p\u003E\r\n\u003Cp class=\u0022MsoNormal\u0022\u003E\u003Cstrong\u003E\u003Cspan\u003E\u0026nbsp;\u003C\/span\u003E\u003C\/strong\u003E\u003C\/p\u003E\r\n\u003Cp class=\u0022MsoNormal\u0022\u003E\u003Cstrong\u003E\u003Cspan\u003EIII \u003C\/span\u003E\u003C\/strong\u003E\u003Cspan\u003E- O repasse dos valores de que trata esta Lei, na forma de subven\u0026ccedil;\u0026atilde;o social, servir\u0026aacute; como participa\u0026ccedil;\u0026atilde;o do munic\u0026iacute;pio, no desenvolvimento social e cultural da popula\u0026ccedil;\u0026atilde;o.\u003C\/span\u003E\u003C\/p\u003E\r\n\u003Cp class=\u0022MsoNormal\u0022\u003E\u003Cspan\u003E\u0026nbsp;\u003C\/span\u003E\u003C\/p\u003E\r\n\u003Cp class=\u0022MsoNormal\u0022\u003E\u003Cstrong\u003E\u003Cspan\u003EIV\u003C\/span\u003E\u003C\/strong\u003E\u003Cspan\u003E \u0026ndash; A entidade beneficiada por esta Lei dever\u0026aacute; apresentar ao Poder Executivo Municipal, semestralmente, desde a assinatura de conv\u0026ecirc;nio, planos de trabalho e de aplica\u0026ccedil;\u0026atilde;o de recursos, sob pena de cancelamento do repasse.\u003C\/span\u003E\u003C\/p\u003E\r\n\u003Cp class=\u0022MsoNormal\u0022\u003E\u003Cspan\u003E\u0026nbsp;\u003C\/span\u003E\u003C\/p\u003E\r\n\u003Cp class=\u0022MsoNormal\u0022\u003E\u003Cstrong\u003E\u003Cspan\u003EV\u003C\/span\u003E\u003C\/strong\u003E\u003Cspan\u003E - O Poder Executivo Municipal dever\u0026aacute; julgar e aprovar os planos de trabalho e de aplica\u0026ccedil;\u0026atilde;o de recursos citados no par\u0026aacute;grafo anterior, enquanto o representante legal da entidade beneficiada dever\u0026aacute; encaminhar c\u0026oacute;pias dos mesmos, no prazo de cinco dias da entrega ao Munic\u0026iacute;pio e \u0026agrave; C\u0026acirc;mara de Vereadores, sob pena de suspens\u0026atilde;o do conv\u0026ecirc;nio.\u003C\/span\u003E\u003C\/p\u003E\r\n\u003Cp class=\u0022MsoNormal\u0022\u003E\u003Cstrong\u003E\u003Cspan\u003E\u0026nbsp;\u003C\/span\u003E\u003C\/strong\u003E\u003C\/p\u003E\r\n\u003Cp class=\u0022MsoNormal\u0022\u003E\u003Cstrong\u003E\u003Cspan\u003EArt. 2 -\u003C\/span\u003E\u003C\/strong\u003E\u003Cspan\u003E O processo de presta\u0026ccedil;\u0026atilde;o de Contas dever\u0026aacute; conter:\u003C\/span\u003E\u003C\/p\u003E\r\n\u003Cp class=\u0022MsoNormal\u0022\u003E\u003Cspan\u003E\u0026nbsp;\u003C\/span\u003E\u003C\/p\u003E\r\n\u003Cp class=\u0022MsoNormal\u0022\u003E\u003Cspan\u003E\u0026nbsp;I - Of\u0026iacute;cio de encaminhamento da presta\u0026ccedil;\u0026atilde;o de contas endere\u0026ccedil;ado ao Secret\u0026aacute;rio Municipal de Administra\u0026ccedil;\u0026atilde;o;\u003C\/span\u003E\u003C\/p\u003E\r\n\u003Cp class=\u0022MsoNormal\u0022\u003E\u003Cspan\u003E\u0026nbsp;\u003C\/span\u003E\u003C\/p\u003E\r\n\u003Cp class=\u0022MsoNormal\u0022\u003E\u003Cspan\u003EII - Rela\u0026ccedil;\u0026atilde;o de gastos efetuados dentro do prazo de aplica\u0026ccedil;\u0026atilde;o dos recursos; \u003C\/span\u003E\u003C\/p\u003E\r\n\u003Cp class=\u0022MsoNormal\u0022\u003E\u003Cspan\u003E\u0026nbsp;\u003C\/span\u003E\u003C\/p\u003E\r\n\u003Cp class=\u0022MsoNormal\u0022\u003E\u003Cspan\u003EIII - Notas fiscais, faturas e recibos emitidos em nome da entidade, as quais n\u0026atilde;o poder\u0026atilde;o conter rasuras ou emendas que prejudiquem a sua clareza ou legitimidade, devendo constar no corpo das mesmas a quantidade, o pre\u0026ccedil;o unit\u0026aacute;rio, o pre\u0026ccedil;o total e a descri\u0026ccedil;\u0026atilde;o dos produtos.\u0026nbsp; \u003C\/span\u003E\u003C\/p\u003E\r\n\u003Cp class=\u0022MsoNormal\u0022\u003E\u003Cspan\u003E\u0026nbsp;\u003C\/span\u003E\u003C\/p\u003E\r\n\u003Cp class=\u0022MsoNormal\u0022\u003E\u003Cstrong\u003E\u003Cspan\u003EArt. 3\u0026ordm; -\u003C\/span\u003E\u003C\/strong\u003E\u003Cspan\u003E Caso exista saldo de recursos recebidos que n\u0026atilde;o tenha sido utilizado ou que tenha sido solicitada a sua restitui\u0026ccedil;\u0026atilde;o, este dever\u0026aacute; ser recolhido em nome do Munic\u0026iacute;pio de Itabaiana, em conta a ser indicada pelo mesmo.\u003C\/span\u003E\u003C\/p\u003E\r\n\u003Cp class=\u0022MsoNormal\u0022\u003E\u003Cspan\u003E\u0026nbsp;\u003C\/span\u003E\u003C\/p\u003E\r\n\u003Cp class=\u0022MsoNormal\u0022\u003E\u003Cstrong\u003E\u003Cspan\u003EArt. 4\u0026deg; -\u003C\/span\u003E\u003C\/strong\u003E\u003Cspan\u003E Os recursos correspondentes \u0026agrave; Execu\u0026ccedil;\u0026atilde;o desta lei correr\u0026atilde;o por conta de dota\u0026ccedil;\u0026atilde;o or\u0026ccedil;ament\u0026aacute;ria constantes no or\u0026ccedil;amento vigente, sen\u0026atilde;o vejamos:\u003C\/span\u003E\u003C\/p\u003E\r\n\u003Cul type=\u0022disc\u0022\u003E\r\n\u003Cli class=\u0022MsoNormal\u0022\u003E\u003Cspan\u003E05      \u0026ndash; SEC. DE ADMINISTRA\u0026Ccedil;\u0026Atilde;O E DA GEST\u0026Atilde;O DE PESSOAS\u003C\/span\u003E\u003C\/li\u003E\r\n\u003Cli class=\u0022MsoNormal\u0022\u003E\u003Cspan\u003E04.122      \u0026ndash; ADMINISTRA\u0026Ccedil;\u0026Atilde;O GERAL\u003C\/span\u003E\u003C\/li\u003E\r\n\u003Cli class=\u0022MsoNormal\u0022\u003E\u003Cspan\u003E04.122.0001      \u0026ndash; DESENVOLVIMENTO DA GEST\u0026Atilde;O ADMINISTRATIVA\u003C\/span\u003E\u003C\/li\u003E\r\n\u003Cli class=\u0022MsoNormal\u0022\u003E\u003Cspan\u003E04.122.0001.2.006      \u0026ndash; MANUTEN\u0026Ccedil;\u0026Atilde;O DA SECRETARIA DA ADM. E DA GEST\u0026Atilde;O DE PESSOAS\u003C\/span\u003E\u003C\/li\u003E\r\n\u003Cli class=\u0022MsoNormal\u0022\u003E\u003Cspan\u003E3350.43.00      \u0026ndash; SUBVEN\u0026Ccedil;\u0026Otilde;ES SOCIAIS\u003C\/span\u003E\u003C\/li\u003E\r\n\u003C\/ul\u003E\r\n\u003Cp class=\u0022MsoNormal\u0022\u003E\u003Cspan\u003E\u0026nbsp;\u003C\/span\u003E\u003C\/p\u003E\r\n\u003Cp class=\u0022MsoNormal\u0022\u003E\u003Cstrong\u003E\u003Cspan\u003EArt. 5\u0026ordm; -\u003C\/span\u003E\u003C\/strong\u003E\u003Cspan\u003E Esta Lei entra em vigor na data de sua publica\u0026ccedil;\u0026atilde;o.\u003C\/span\u003E\u003C\/p\u003E\r\n\u003Cp class=\u0022MsoNormal\u0022\u003E\u003Cspan\u003E\u0026nbsp;\u003C\/span\u003E\u003C\/p\u003E\r\n\u003Cp class=\u0022MsoNormal\u0022\u003E\u003Cstrong\u003E\u003Cspan\u003EArt. 6\u0026ordm; -\u003C\/span\u003E\u003C\/strong\u003E\u003Cspan\u003E Revogam-se as disposi\u0026ccedil;\u0026otilde;es em contr\u0026aacute;rio.\u003C\/span\u003E\u003C\/p\u003E\r\n\u003Cp class=\u0022MsoNormal\u0022\u003E\u003Cspan\u003E\u0026nbsp;\u003C\/span\u003E\u003C\/p\u003E\r\n\u003Cp class=\u0022MsoNormal\u0022\u003E\u003Cspan\u003EGabinete do Prefeito de Itabaiana\/SE, 17 de dezembro de 2013.\u003C\/span\u003E\u003C\/p\u003E\r\n\u003Cp class=\u0022MsoNormal\u0022\u003E\u003Cspan\u003E\u0026nbsp;\u003C\/span\u003E\u003C\/p\u003E\r\n\u003Cp class=\u0022MsoNormal\u0022 align=\u0022center\u0022\u003E\u003Cstrong\u003E\u003Cspan\u003E\u0026nbsp;\u003C\/span\u003E\u003C\/strong\u003E\u003C\/p\u003E\r\n\u003Cp class=\u0022MsoNormal\u0022 align=\u0022center\u0022\u003E\u003Cstrong\u003E\u003Cspan\u003EVALMIR DOS SANTOS COSTA\u003C\/span\u003E\u003C\/strong\u003E\u003C\/p\u003E\r\n\u003Cp class=\u0022MsoNormal\u0022 align=\u0022center\u0022\u003E\u003Cspan\u003EPrefeito\u003C\/span\u003E\u003C\/p\u003E\r\n\u003Cp class=\u0022MsoNormal\u0022 align=\u0022center\u0022\u003E\u003Cspan\u003E\u0026nbsp;\u003C\/span\u003E\u003C\/p\u003E\r\n\u003Cp class=\u0022MsoNormal\u0022 align=\u0022center\u0022\u003E\u003Cstrong\u003E\u003Cspan\u003ELUCAS CARDINALI PACHECO\u003C\/span\u003E\u003C\/strong\u003E\u003C\/p\u003E\r\n\u003Cp\u003E\u0026nbsp;\u003C\/p\u003E\r\n\u003Cp class=\u0022MsoNormal\u0022 align=\u0022center\u0022\u003E\u003Cspan\u003EProcurador Geral do Munic\u0026iacute;pio\u003C\/span\u003E\u003C\/p\u003E","criado":"2013-12-17 00:00:00","alterado":"2013-12-17 00:00:00"},"outros":[{"id":4165,"titulo":"Resolu\u00e7\u00e3o N\u00ba 02\/2026. Disp\u00f5e sobre a aplica\u00e7\u00e3o da Lei Federal n\u00b0 14.129, de 29 de mar\u00e7o de 2021 (Lei do Governo Digital), no \u00e2mbito da C\u00e2mara Municipal de ltabaiana\/SE.","numero":"02\/2026","categoria_id":5,"slug":"resolucao-no-02-2026-dispoe-sobre-a-aplicacao-da-lei-federal-n0-14-129-de-29-de-marco-de-2021-lei-do-governo-digital-no-ambito-da-camara-municipal-de-ltabaiana-se","descricao":"\u003Cp\u003EDisp\u0026otilde;e sobre a aplica\u0026ccedil;\u0026atilde;o da Lei Federal n\u0026deg; 14.129, de 29 de mar\u0026ccedil;o de 2021 (Lei do Governo Digital), no \u0026acirc;mbito da C\u0026acirc;mara Municipal de ltabaiana\/SE.\u003C\/p\u003E","tags":"governo,digital,itabaiana","criado":"2026-04-23 12:34:51","alterado":"2026-04-23 12:44:11"},{"id":4164,"titulo":"Portarias - Ano 2023","numero":"2023","categoria_id":10,"slug":"portarias-ano-2023","descricao":"\u003Cp\u003EPortarias - Ano 2023\u003C\/p\u003E","criado":"2026-04-23 12:30:17","alterado":"2026-04-23 12:47:38"},{"id":4163,"titulo":"Resolu\u00e7\u00e3o N\u00ba 01\/2026. Disp\u00f5e sobre a aprova\u00e7\u00e3o do Plano lnstitucional Estrat\u00e9gico da C\u00e2mara Municipal de ltabaiana\/SE e d\u00e1 outras provid\u00eancias.","numero":"01\/2026","categoria_id":5,"slug":"resolucao-no-01-2026-dispoe-sobre-a-aprovacao-do-plano-lnstitucional-estrategico-da-camara-municipal-de-ltabaiana-se-e-da-outras-providencias","descricao":"\u003Cp\u003EDisp\u0026otilde;e sobre a aprova\u0026ccedil;\u0026atilde;o do Plano lnstitucional Estrat\u0026eacute;gico da C\u0026acirc;mara Municipal de ltabaiana\/SE e d\u0026aacute; outras provid\u0026ecirc;ncias.\u003C\/p\u003E","tags":"plano,institucional,camara,municipal","criado":"2026-04-23 12:26:41","alterado":"2026-04-23 12:43:46"}],"arquivos":[]}