{"item":{"id":1837,"titulo":"Disp\u00f5e sobre a constru\u00e7\u00e3o de banheiros p\u00fablicos nos quiosques presentes em vias e pra\u00e7as p\u00fablicas do Munic\u00edpio e d\u00e1 outras provid\u00eancias. ","numero":"1667","categoria_id":1,"aprovada":"2013-10-08 00:00:00","slug":"disp-e-sobre-a-constru-o-de-banheiros-p-blicos-nos-quiosques-presentes-em-vias-e-pra-as-p-blicas-do-munic-pio-e-d-outras-provid-ncias","descricao":"\u003Cp\u003E\u003Cspan\u003EO Prefeito do Munic\u0026iacute;pio de Itabaiana\/SE, no uso de suas atribui\u0026ccedil;\u0026otilde;es, fa\u0026ccedil;o saber que a C\u0026acirc;mara Municipal aprovou e eu sanciono a seguinte LEI:\u003C\/span\u003E\u003C\/p\u003E\r\n\u003Cp\u003E\u003Cspan\u003E\u0026nbsp;\u003C\/span\u003E\u003C\/p\u003E\r\n\u003Cp class=\u0022MsoNormal\u0022\u003E\u003Cspan\u003E\u0026nbsp;\u0026nbsp;\u0026nbsp;\u0026nbsp;\u0026nbsp;\u0026nbsp;\u0026nbsp;\u0026nbsp;\u0026nbsp;\u0026nbsp;\u0026nbsp;\u0026nbsp;\u0026nbsp;\u0026nbsp;\u0026nbsp;\u0026nbsp;\u0026nbsp;\u0026nbsp;\u0026nbsp;\u0026nbsp;\u0026nbsp;\u0026nbsp;\u0026nbsp; Art. 1\u0026deg; - Ficam os gestores exploradores de atividades comerciais em quiosques estabelecidos em vias e pra\u0026ccedil;as da cidade de Itabaiana\/SE, obrigados construir sanit\u0026aacute;rios em suas depend\u0026ecirc;ncias destinadas ao uso p\u0026uacute;blico. \u003C\/span\u003E\u003C\/p\u003E\r\n\u003Cp class=\u0022MsoNormal\u0022\u003E\u003Cspan\u003E\u0026sect; 1\u0026deg; - As instala\u0026ccedil;\u0026otilde;es \u0026agrave;s quais se refere o caput deste artigo, dever\u0026atilde;o estar dispon\u0026iacute;veis para o usu\u0026aacute;rio gratuitamente. \u003C\/span\u003E\u003C\/p\u003E\r\n\u003Cp class=\u0022MsoNormal\u0022\u003E\u003Cspan\u003E\u0026sect; 2\u0026ordm; - As instala\u0026ccedil;\u0026otilde;es dever\u0026atilde;o ser acess\u0026iacute;veis a crian\u0026ccedil;as, idosos e deficientes f\u0026iacute;sicos, dentro das necessidades especiais de cada um desses grupos. \u003C\/span\u003E\u003C\/p\u003E\r\n\u003Cp class=\u0022MsoNormal\u0022\u003E\u003Cspan\u003EArt. 2\u0026ordm; - As condi\u0026ccedil;\u0026otilde;es de higiene dos banheiros ser\u0026atilde;o de responsabilidade do gestor dos quiosques com inspe\u0026ccedil;\u0026atilde;o do setor de Sa\u0026uacute;de P\u0026uacute;blica. \u003C\/span\u003E\u003C\/p\u003E\r\n\u003Cp class=\u0022MsoNormal\u0022\u003E\u003Cspan\u003EArt. 3\u0026ordm; - Poder\u0026atilde;o os gestores dos quiosques objetas da presente lei, quando da implementa\u0026ccedil;\u0026atilde;o dos banheiros, contar com patroc\u0026iacute;nios. \u003C\/span\u003E\u003C\/p\u003E\r\n\u003Cp class=\u0022MsoNormal\u0022\u003E\u003Cspan\u003EPar\u0026aacute;grafo \u0026Uacute;nico - \u0026Eacute; obrigat\u0026oacute;ria a sinaliza\u0026ccedil;\u0026atilde;o do logotipo oficial da Cidade junto com o dos patrocinadores, em tamanho no m\u0026iacute;nimo igual a estes.\u003Ca name=\u0022_GoBack\u0022\u003E\u003C\/a\u003E\u003C\/span\u003E\u003C\/p\u003E\r\n\u003Cp class=\u0022MsoNormal\u0022\u003E\u003Cspan\u003EArt. 4\u0026ordm; - Os propriet\u0026aacute;rios dos quiosques ter\u0026atilde;o um prazo de 120 dias a partir da publica\u0026ccedil;\u0026atilde;o desta Lei para regularizarem a sua situa\u0026ccedil;\u0026atilde;o. \u003C\/span\u003E\u003C\/p\u003E\r\n\u003Cp class=\u0022MsoNormal\u0022\u003E\u003Cspan\u003EArt. 5\u0026ordm; - Esta Lei entrar\u0026aacute; em vigor na data de sua publica\u0026ccedil;\u0026atilde;o. Revogam-se as disposi\u0026ccedil;\u0026otilde;es em contr\u0026aacute;rio.\u003C\/span\u003E\u003C\/p\u003E\r\n\u003Cp class=\u0022MsoNormal\u0022\u003E\u003Cspan\u003EGabinete do Prefeito de Itabaiana\/SE.\u003C\/span\u003E\u003C\/p\u003E\r\n\u003Cp\u003E\u003Cstrong\u003E\u003Cspan\u003E\u0026nbsp;\u003C\/span\u003E\u003C\/strong\u003E\u003C\/p\u003E\r\n\u003Cp align=\u0022center\u0022\u003E\u003Cstrong\u003E\u003Cspan\u003EVALMIR DOS SANTOS COSTA\u003C\/span\u003E\u003C\/strong\u003E\u003C\/p\u003E\r\n\u003Cp align=\u0022center\u0022\u003E\u003Cspan\u003EPrefeito\u003C\/span\u003E\u003C\/p\u003E\r\n\u003Cp align=\u0022center\u0022\u003E\u003Cspan\u003E\u0026nbsp;\u003C\/span\u003E\u003C\/p\u003E\r\n\u003Cp class=\u0022MsoNormal\u0022 align=\u0022center\u0022\u003E\u003Cstrong\u003E\u003Cspan\u003ELUCAS CARDINALI PACHECO\u003C\/span\u003E\u003C\/strong\u003E\u003C\/p\u003E\r\n\u003Cp\u003E\u0026nbsp;\u003C\/p\u003E\r\n\u003Cp class=\u0022MsoNormal\u0022 align=\u0022center\u0022\u003E\u003Cspan\u003EProcurador Geral do Munic\u0026iacute;pio de Itabaiana\u003C\/span\u003E\u003C\/p\u003E","criado":"2013-10-08 00:00:00","alterado":"2013-10-08 00:00:00"},"outros":[{"id":4165,"titulo":"Resolu\u00e7\u00e3o N\u00ba 02\/2026. Disp\u00f5e sobre a aplica\u00e7\u00e3o da Lei Federal n\u00b0 14.129, de 29 de mar\u00e7o de 2021 (Lei do Governo Digital), no \u00e2mbito da C\u00e2mara Municipal de ltabaiana\/SE.","numero":"02\/2026","categoria_id":5,"slug":"resolucao-no-02-2026-dispoe-sobre-a-aplicacao-da-lei-federal-n0-14-129-de-29-de-marco-de-2021-lei-do-governo-digital-no-ambito-da-camara-municipal-de-ltabaiana-se","descricao":"\u003Cp\u003EDisp\u0026otilde;e sobre a aplica\u0026ccedil;\u0026atilde;o da Lei Federal n\u0026deg; 14.129, de 29 de mar\u0026ccedil;o de 2021 (Lei do Governo Digital), no \u0026acirc;mbito da C\u0026acirc;mara Municipal de ltabaiana\/SE.\u003C\/p\u003E","tags":"governo,digital,itabaiana","criado":"2026-04-23 12:34:51","alterado":"2026-04-23 12:44:11"},{"id":4164,"titulo":"Portarias - Ano 2023","numero":"2023","categoria_id":10,"slug":"portarias-ano-2023","descricao":"\u003Cp\u003EPortarias - Ano 2023\u003C\/p\u003E","criado":"2026-04-23 12:30:17","alterado":"2026-04-23 12:47:38"},{"id":4163,"titulo":"Resolu\u00e7\u00e3o N\u00ba 01\/2026. Disp\u00f5e sobre a aprova\u00e7\u00e3o do Plano lnstitucional Estrat\u00e9gico da C\u00e2mara Municipal de ltabaiana\/SE e d\u00e1 outras provid\u00eancias.","numero":"01\/2026","categoria_id":5,"slug":"resolucao-no-01-2026-dispoe-sobre-a-aprovacao-do-plano-lnstitucional-estrategico-da-camara-municipal-de-ltabaiana-se-e-da-outras-providencias","descricao":"\u003Cp\u003EDisp\u0026otilde;e sobre a aprova\u0026ccedil;\u0026atilde;o do Plano lnstitucional Estrat\u0026eacute;gico da C\u0026acirc;mara Municipal de ltabaiana\/SE e d\u0026aacute; outras provid\u0026ecirc;ncias.\u003C\/p\u003E","tags":"plano,institucional,camara,municipal","criado":"2026-04-23 12:26:41","alterado":"2026-04-23 12:43:46"}],"arquivos":[]}