{"item":{"id":816,"titulo":"Disp\u00f5e sobre a denomina\u00e7\u00e3o de ruas e avenidas, pra\u00e7as, largos e travessas, da cidade de Itabaiana","numero":"86","categoria_id":1,"aprovada":"1952-11-05 00:00:00","slug":"disp-e-sobre-a-denomina-o-de-ruas-e-avenidas-pra-as-largos-e-travessas-da-cidade-de-itabaiana","descricao":"\u003Cp\u003ELei n\u0026ordm; 86\r\n\u003Cp\u003EDe 5 de novembro de 1952\u003C\/p\u003E\r\n\u003Cp\u003E\u0026nbsp;\u003C\/p\u003E\r\n\u003Cp\u003EDisp\u0026otilde;e sobre a denomina\u0026ccedil;\u0026atilde;o de ruas e avenidas, pra\u0026ccedil;as, largos e travessas, da cidade de Itabaiana.\u003C\/p\u003E\r\n\u003Cp\u003E\u0026nbsp;\u003C\/p\u003E\r\n\u003Cp\u003EO Prefeito Municipal de Itabaiana.\u003C\/p\u003E\r\n\u003Cp\u003EFa\u0026ccedil;o saber que a c\u0026acirc;mara de vereadores deste munic\u0026iacute;pio, decretou e sancionou a seguinte lei:\u003C\/p\u003E\r\n\u003Cp\u003EArt.1\u0026ordm;- As ruas, avenidas, pra\u0026ccedil;as, largos e travessas da cidade de Itabaiana, descriminadas nesta lei, possam ater as seguintes denomina\u0026ccedil;\u0026otilde;es.\u0026nbsp;\u003C\/p\u003E\r\n\u003Cp\u003EI- Jos\u0026eacute; do Prado Franco o largo que come\u0026ccedil;a no fundo do talho, at\u0026eacute; a rua Cap. Manoel Joaquim Mendes.\u0026nbsp;\u003C\/p\u003E\r\n\u003Cp\u003EII- Dr. Cupertino D\u0026oacute;rea, a rua constru\u0026iacute;da por Antonio do Ros\u0026aacute;rio a come\u0026ccedil;ar do local onde foi o antigo Coima.\u0026nbsp;\u003C\/p\u003E\r\n\u003Cp\u003EIII- Padre Vicente de Jesus, a rua que come\u0026ccedil;a na pra\u0026ccedil;a Jo\u0026atilde;o Pessoa, em frete do grupo escolar e segue em dire\u0026ccedil;\u0026atilde;o ao tanque de \u0022Santa Cruz\u0022.\u0026nbsp;\u003C\/p\u003E\r\n\u003Cp\u003EIV- Monsenhor Constantino, a rua que come\u0026ccedil;a ao lado da casa residencial de Jose Mesquita da Silveira Filho, em sentido transversal as ruas Coronel Sebr\u0026atilde;o e Antonio Dultra.\u0026nbsp;\u003C\/p\u003E\r\n\u003Cp\u003EV- Padre Felismino a rua que fica em transversal as referidas as do item e que passa ao lado da casa residencial de Otoniel Menezes.\u0026nbsp;\u003C\/p\u003E\r\n\u003Cp\u003EVI- Tenente Hon\u0026oacute;rio Mendon\u0026ccedil;a, a pra\u0026ccedil;a aberta com a constru\u0026ccedil;\u0026atilde;o de casas pelo Dr. Gileno de Almeida Costa;\u0026nbsp;\u003C\/p\u003E\r\n\u003Cp\u003EVII- Cap. Jose Ferreira, a travessa que come\u0026ccedil;a na esquina comercial do Irn. Adalberto Menezes;\u0026nbsp;\u003C\/p\u003E\r\n\u003Cp\u003EVIII- Otoniel D\u0026oacute;rea, a rua que come\u0026ccedil;a na rua Cap. Mendes em dire\u0026ccedil;\u0026atilde;o a rodagem federal;\u0026nbsp;\u003C\/p\u003E\r\n\u003Cp\u003EIX- Francisco Porto, a travessa que tem inicio no antigo Coima e vai at\u0026eacute; a rua Benjamin Constant;\u0026nbsp;\u003C\/p\u003E\r\n\u003Cp\u003EX- Cap. Francisco Ferreira, a travessa que tem inicio na pra\u0026ccedil;a Jo\u0026atilde;o Pessoa e vai at\u0026eacute; a rua Bar\u0026atilde;o do Rio Branco;\u0026nbsp;\u003C\/p\u003E\r\n\u003Cp\u003EXI- Manoel Andrade, a travessa que tem inicio na pra\u0026ccedil;a Fausto Cardoso e vai at\u0026eacute; a rua 13 de maio, pelo lado da casa de Perc\u0026iacute;lio Andrade.\u0026nbsp;\u003C\/p\u003E\r\n\u003Cp\u003EXII- Paulino Menezes, a travessa que tem inicio na pra\u0026ccedil;a Fausto Cardoso, pelo lado do pr\u0026eacute;dio da prefeitura e vai at\u0026eacute; a rua 13 de maio.\u0026nbsp;\u003C\/p\u003E\r\n\u003Cp\u003EXIII- Jose Corn\u0026eacute;lio, a travessa que tem inicio na pra\u0026ccedil;a Fausto Cardoso e vai at\u0026eacute; a rua Gen. Valad\u0026atilde;o;\u0026nbsp;\u003C\/p\u003E\r\n\u003Cp\u003EXIV- Manoel da Lapa, a que come\u0026ccedil;a na onde fica a rua Antonio Dultra, onde fica situado o dep\u0026oacute;sito de Jose de Faustino;\u0026nbsp;\u003C\/p\u003E\r\n\u003Cp\u003EXV- Miguel Teixeira, a rua transversal que tem inicio nas proximidades de Manoel Francisco de Oliveira que pertenceu a Jota.\u003C\/p\u003E\r\n\u003Cp\u003EArt. 2\u0026ordm;- Revogou-se as disposi\u0026ccedil;\u0026otilde;es em contrario.\u003C\/p\u003E\r\n\u003Cp\u003EGabinete do prefeito municipal de itabaiana, 5 de novembro de 1952.\u003C\/p\u003E\r\n\u003Cp\u003E\u0026nbsp;\u003C\/p\u003E\r\n\u003Cp\u003EEuclides Paes Mendon\u0026ccedil;a\u003C\/p\u003E\r\n\u003Cp\u003EPrefeito\u003C\/p\u003E\r\n\u003Cp\u003ET\u0026ecirc;nisson Melo de Oliveira\u003C\/p\u003E\r\n\u003Cp\u003ESecret\u0026aacute;rio\u003C\/p\u003E\r\n\u003Cp\u003E\u0026nbsp;\u003C\/p\u003E\r\n\u003C\/p\u003E","criado":"1952-11-05 00:00:00","alterado":"1952-11-05 00:00:00"},"outros":[{"id":4165,"titulo":"Resolu\u00e7\u00e3o N\u00ba 02\/2026. Disp\u00f5e sobre a aplica\u00e7\u00e3o da Lei Federal n\u00b0 14.129, de 29 de mar\u00e7o de 2021 (Lei do Governo Digital), no \u00e2mbito da C\u00e2mara Municipal de ltabaiana\/SE.","numero":"02\/2026","categoria_id":5,"slug":"resolucao-no-02-2026-dispoe-sobre-a-aplicacao-da-lei-federal-n0-14-129-de-29-de-marco-de-2021-lei-do-governo-digital-no-ambito-da-camara-municipal-de-ltabaiana-se","descricao":"\u003Cp\u003EDisp\u0026otilde;e sobre a aplica\u0026ccedil;\u0026atilde;o da Lei Federal n\u0026deg; 14.129, de 29 de mar\u0026ccedil;o de 2021 (Lei do Governo Digital), no \u0026acirc;mbito da C\u0026acirc;mara Municipal de ltabaiana\/SE.\u003C\/p\u003E","tags":"governo,digital,itabaiana","criado":"2026-04-23 12:34:51","alterado":"2026-04-23 12:44:11"},{"id":4164,"titulo":"Portarias - Ano 2023","numero":"2023","categoria_id":10,"slug":"portarias-ano-2023","descricao":"\u003Cp\u003EPortarias - Ano 2023\u003C\/p\u003E","criado":"2026-04-23 12:30:17","alterado":"2026-04-23 12:47:38"},{"id":4163,"titulo":"Resolu\u00e7\u00e3o N\u00ba 01\/2026. Disp\u00f5e sobre a aprova\u00e7\u00e3o do Plano lnstitucional Estrat\u00e9gico da C\u00e2mara Municipal de ltabaiana\/SE e d\u00e1 outras provid\u00eancias.","numero":"01\/2026","categoria_id":5,"slug":"resolucao-no-01-2026-dispoe-sobre-a-aprovacao-do-plano-lnstitucional-estrategico-da-camara-municipal-de-ltabaiana-se-e-da-outras-providencias","descricao":"\u003Cp\u003EDisp\u0026otilde;e sobre a aprova\u0026ccedil;\u0026atilde;o do Plano lnstitucional Estrat\u0026eacute;gico da C\u0026acirc;mara Municipal de ltabaiana\/SE e d\u0026aacute; outras provid\u0026ecirc;ncias.\u003C\/p\u003E","tags":"plano,institucional,camara,municipal","criado":"2026-04-23 12:26:41","alterado":"2026-04-23 12:43:46"}],"arquivos":[]}