{"item":{"id":874,"titulo":"Disp\u00f5e sobre denomina\u00e7\u00e3o de Ruas, Avenidas e Travessas da Cidade","numero":"136","categoria_id":1,"aprovada":"1955-06-30 00:00:00","slug":"disp-e-sobre-denomina-o-de-ruas-avenidas-e-travessas-da-cidade","descricao":"\u003Cp class=\u0022t1\u0022\u003ELei n\u0026ordm; 136\u003C\/p\u003E\r\n\u003Cp class=\u0022t1\u0022\u003EDe 30 de Junho de 1955\u003C\/p\u003E\r\n\u003Cp\u003E\u0026nbsp;\u003C\/p\u003E\r\n\u003Cp class=\u0022assunto\u0022\u003EDisp\u0026otilde;e sobre denomina\u0026ccedil;\u0026atilde;o de Ruas, Avenidas e Travessas da Cidade\u003C\/p\u003E\r\n\u003Cp\u003E\u0026nbsp;\u003C\/p\u003E\r\n\u003Cp\u003EFa\u0026ccedil;o saber que a C\u0026acirc;mara de Vereadores de Itabaiana decretou a seguinte Lei:\u003C\/p\u003E\r\n\u003Cp\u003EArt.1\u0026ordm; - As Ruas, Avenidas e Travessas da Cidade de Itabaiana, discriminadas nesta Lei, passam a ter as seguintes denomina\u0026ccedil;\u0026otilde;es e incorporam-se ass demais ampliando-se assim a reda\u0026ccedil;\u0026atilde;o do artigo 1\u0026ordm; da Lei n\u0026ordm; 88 de 05-11-1952.\u003C\/p\u003E\r\n\u003Cp\u003EI. Dr. Carlos Reis, Avenida que come\u0026ccedil;a na bifurca\u0026ccedil;\u0026atilde;o das estradas de rodagem, carro\u0026ccedil;\u0026aacute;veis, no lugar denominado Boa Vista, sub\u0026uacute;rbio do poente da cidade e da\u0026iacute; em linha reta at\u0026eacute; o encruzamento da Estrada de Rodagem que segue para a cidade de Campo do Brito.\u003C\/p\u003E\r\n\u003Cp\u003EII. Prefeito Euclides Paes Mendon\u0026ccedil;a, a Rua que fica em sentido transversal da Avenida Otoniel D\u0026oacute;rea, compreendida entre a Avenida Dr. Carlos Reis e a Rua Capit\u0026atilde;o Manoel Joaquim Mendes, com prolongamento a partir da Avenida Otoniel D\u0026oacute;rea em sentido sul e norte.\u003C\/p\u003E\r\n\u003Cp\u003EIII. Santa Cruz, a Rua que come\u0026ccedil;a na Avenida Dr. Carlos Reis e tem o seu prolongamento at\u0026eacute; as imedia\u0026ccedil;\u0026otilde;es do Tanque de Santa Cruz, em sentido sul e norte, aproximando-se ao s\u0026iacute;tio da vi\u0026uacute;va de Jo\u0026atilde;o Teixeira.\u003C\/p\u003E\r\n\u003Cp\u003EIV. Monsenhor Eraldo Barbosa, a que acha-se compreendida entre a Avenida Dr. Carlos Reis e a Rua Quintino Bocai\u0026uacute;va, pr\u0026oacute;ximo ao Gin\u0026aacute;sio Estadual de Itabaiana, esta rua fica em sentido do nascente para o poente tendo o seu prolongamento em ambos os extremos.\u003C\/p\u003E\r\n\u003Cp\u003EV. Rua 13 de junho, que acha-se compreendida entre a Avenida Dr. Carlos Reis e a Rua Quintino Bocai\u0026uacute;va, acha-se localizada entre o sub\u0026uacute;rbio e a Rua do Gin\u0026aacute;sio e com prolongamento em ambos os sentidos, nascente e poente.\u003C\/p\u003E\r\n\u003Cp\u003EArt. 2\u0026ordm; - Esta Lei entrar\u0026aacute; em vigor na data de sua publica\u0026ccedil;\u0026atilde;o, revogadas as disposi\u0026ccedil;\u0026otilde;es em contr\u0026aacute;rio.\u003C\/p\u003E\r\n\u003Cp\u003ESala das Sess\u0026otilde;es da C\u0026acirc;mara de Vereadores de Itabaiana, em 30 de Junho de 1955.\u003C\/p\u003E\r\n\u003Cp\u003E\u0026nbsp;\u003C\/p\u003E\r\n\u003Cp\u003E\u0026Aacute;lvaro Fonseca de Oliveira\u003C\/p\u003E\r\n\u003Cp\u003EPresidente\u003C\/p\u003E\r\n\u003Cp\u003EFrancisco Antonio dos Santos\u003C\/p\u003E\r\n\u003Cp\u003ESecret\u0026aacute;rio\u003C\/p\u003E","criado":"1955-06-30 00:00:00","alterado":"1955-06-30 00:00:00"},"outros":[{"id":4165,"titulo":"Resolu\u00e7\u00e3o N\u00ba 02\/2026. Disp\u00f5e sobre a aplica\u00e7\u00e3o da Lei Federal n\u00b0 14.129, de 29 de mar\u00e7o de 2021 (Lei do Governo Digital), no \u00e2mbito da C\u00e2mara Municipal de ltabaiana\/SE.","numero":"02\/2026","categoria_id":5,"slug":"resolucao-no-02-2026-dispoe-sobre-a-aplicacao-da-lei-federal-n0-14-129-de-29-de-marco-de-2021-lei-do-governo-digital-no-ambito-da-camara-municipal-de-ltabaiana-se","descricao":"\u003Cp\u003EDisp\u0026otilde;e sobre a aplica\u0026ccedil;\u0026atilde;o da Lei Federal n\u0026deg; 14.129, de 29 de mar\u0026ccedil;o de 2021 (Lei do Governo Digital), no \u0026acirc;mbito da C\u0026acirc;mara Municipal de ltabaiana\/SE.\u003C\/p\u003E","tags":"governo,digital,itabaiana","criado":"2026-04-23 12:34:51","alterado":"2026-04-23 12:44:11"},{"id":4164,"titulo":"Portarias - Ano 2023","numero":"2023","categoria_id":10,"slug":"portarias-ano-2023","descricao":"\u003Cp\u003EPortarias - Ano 2023\u003C\/p\u003E","criado":"2026-04-23 12:30:17","alterado":"2026-04-23 12:47:38"},{"id":4163,"titulo":"Resolu\u00e7\u00e3o N\u00ba 01\/2026. Disp\u00f5e sobre a aprova\u00e7\u00e3o do Plano lnstitucional Estrat\u00e9gico da C\u00e2mara Municipal de ltabaiana\/SE e d\u00e1 outras provid\u00eancias.","numero":"01\/2026","categoria_id":5,"slug":"resolucao-no-01-2026-dispoe-sobre-a-aprovacao-do-plano-lnstitucional-estrategico-da-camara-municipal-de-ltabaiana-se-e-da-outras-providencias","descricao":"\u003Cp\u003EDisp\u0026otilde;e sobre a aprova\u0026ccedil;\u0026atilde;o do Plano lnstitucional Estrat\u0026eacute;gico da C\u0026acirc;mara Municipal de ltabaiana\/SE e d\u0026aacute; outras provid\u0026ecirc;ncias.\u003C\/p\u003E","tags":"plano,institucional,camara,municipal","criado":"2026-04-23 12:26:41","alterado":"2026-04-23 12:43:46"}],"arquivos":[]}