{"item":{"id":1909,"titulo":"Disp\u00f5e sobre o reajuste dos vencimentos dos Servidores Municipais do Magist\u00e9rio e d\u00e1 outras provid\u00eancias.","categoria_id":1,"aprovada":"2013-12-20 00:00:00","slug":"disp-e-sobre-o-reajuste-dos-vencimentos-dos-servidores-municipais-do-magist-rio-e-d-outras-provid-ncias","descricao":"\u003Cdiv class=\u0022WordSection1\u0022\u003E\r\n\u003Cp class=\u0022MsoNormal\u0022 align=\u0022center\u0022\u003E\u003Cstrong\u003E\u003Cspan\u003ELEI COMPLEMENTAR N\u0026ordm;. 30\/2013\u003C\/span\u003E\u003C\/strong\u003E\u003C\/p\u003E\r\n\u003Cp class=\u0022MsoNormal\u0022 align=\u0022center\u0022\u003E\u003Cspan\u003EDe 07 de mar\u0026ccedil;o de 2013\u003C\/span\u003E\u003C\/p\u003E\r\n\u003Cp class=\u0022MsoNormal\u0022\u003E\u003Cstrong\u003E\u003Cspan\u003E\u0026nbsp;\u003C\/span\u003E\u003C\/strong\u003E\u003C\/p\u003E\r\n\u003Cp class=\u0022MsoNormal\u0022\u003E\u003Cstrong\u003E\u003Cspan\u003EDisp\u0026otilde;e sobre o reajuste dos vencimentos dos Servidores Municipais do Magist\u0026eacute;rio e d\u0026aacute; outras provid\u0026ecirc;ncias.\u003C\/span\u003E\u003C\/strong\u003E\u003C\/p\u003E\r\n\u003Cp class=\u0022MsoNormal\u0022\u003E\u003Cstrong\u003E\u003Cspan\u003E\u0026nbsp;\u003C\/span\u003E\u003C\/strong\u003E\u003C\/p\u003E\r\n\u003Cp class=\u0022MsoNormal\u0022\u003E\u003Cstrong\u003E\u003Cspan\u003EO PREFEITO MUNICIPAL DE ITABAIANA, ESTADO DE SERGIPE;\u003C\/span\u003E\u003C\/strong\u003E\u003C\/p\u003E\r\n\u003Cp class=\u0022MsoNormal\u0022\u003E\u003Cstrong\u003E\u003Cspan\u003E\u0026nbsp;\u003C\/span\u003E\u003C\/strong\u003E\u003C\/p\u003E\r\n\u003Cp class=\u0022MsoNormal\u0022\u003E\u003Cspan\u003EFa\u0026ccedil;o saber que a C\u0026acirc;mara Municipal de Itabaiana aprovou e eu, sanciono e promulgo a seguinte Lei:\u003C\/span\u003E\u003C\/p\u003E\r\n\u003Cp class=\u0022MsoNormal\u0022\u003E\u003Cspan\u003E\u0026nbsp;\u003C\/span\u003E\u003C\/p\u003E\r\n\u003Cp class=\u0022MsoNormal\u0022\u003E\u003Cstrong\u003E\u003Cspan\u003EArt. 1\u0026ordm;\u003C\/span\u003E\u003C\/strong\u003E\u003Cspan\u003E - Ficam reajustados em 7,994487% (sete ponto noventa e nove nove quatro quatro oito sete por cento) o piso salarial dos Servidores Municipais do Magist\u0026eacute;rio.\u003C\/span\u003E\u003C\/p\u003E\r\n\u003Cp class=\u0022MsoNormal\u0022\u003E\u003Cstrong\u003E\u003Cspan\u003E\u0026sect;1\u0026ordm;\u003C\/span\u003E\u003C\/strong\u003E\u003Cspan\u003E - A tabela salarial dos Servidores Municipais do Magist\u0026eacute;rio passar\u0026aacute; a vigorar com os valores descritos na tabela em anexo nesta Lei.\u003C\/span\u003E\u003C\/p\u003E\r\n\u003Cp class=\u0022MsoNormal\u0022\u003E\u003Cstrong\u003E\u003Cspan\u003E\u0026sect;2\u0026ordm; \u003C\/span\u003E\u003C\/strong\u003E\u003Cspan\u003E-\u003Cstrong\u003E \u003C\/strong\u003EO valor retroativo dos vencimentos ora atualizados ser\u0026atilde;o devidamente pagos em 01 (uma) parcela, no m\u0026ecirc;s de mar\u0026ccedil;o de 2013.\u003C\/span\u003E\u003C\/p\u003E\r\n\u003Cp class=\u0022MsoNormal\u0022\u003E\u003Cstrong\u003E\u003Cspan\u003EArt. 2\u0026ordm;\u003C\/span\u003E\u003C\/strong\u003E\u003Cspan\u003E - As despesas decorrentes da execu\u0026ccedil;\u0026atilde;o desta Lei correr\u0026atilde;o por conta das dota\u0026ccedil;\u0026otilde;es or\u0026ccedil;ament\u0026aacute;rias do Poder Executivo, suplementadas se necess\u0026aacute;rio.\u003C\/span\u003E\u003C\/p\u003E\r\n\u003Cp class=\u0022MsoNormal\u0022\u003E\u003Cstrong\u003E\u003Cspan\u003EArt. 3\u0026ordm;\u003C\/span\u003E\u003C\/strong\u003E\u003Cspan\u003E - Esta Lei entra em vigor na data de sua publica\u0026ccedil;\u0026atilde;o, retroagindo seus efeitos a fevereiro de 2013.\u003C\/span\u003E\u003C\/p\u003E\r\n\u003Cp class=\u0022MsoNormal\u0022\u003E\u003Cstrong\u003E\u003Cspan\u003EArt. 4\u0026deg;\u003C\/span\u003E\u003C\/strong\u003E\u003Cspan\u003E - Revogam-se as disposi\u0026ccedil;\u0026otilde;es em contr\u0026aacute;rio.\u003C\/span\u003E\u003C\/p\u003E\r\n\u003Cp class=\u0022MsoNormal\u0022 align=\u0022center\u0022\u003E\u003Cspan\u003E\u0026nbsp;\u003C\/span\u003E\u003C\/p\u003E\r\n\u003Cp class=\u0022MsoNormal\u0022 align=\u0022center\u0022\u003E\u003Cspan\u003EGabinete do Prefeito de Itabaiana\/SE, 25 de fevereiro de 2013.\u003C\/span\u003E\u003C\/p\u003E\r\n\u003Cp class=\u0022MsoNormal\u0022\u003E\u003Cstrong\u003E\u003Cspan\u003E\u0026nbsp;\u003C\/span\u003E\u003C\/strong\u003E\u003C\/p\u003E\r\n\u003Cp class=\u0022MsoNormal\u0022 align=\u0022center\u0022\u003E\u003Cstrong\u003E\u003Cspan\u003E\u0026nbsp;\u003C\/span\u003E\u003C\/strong\u003E\u003C\/p\u003E\r\n\u003Cp class=\u0022MsoNormal\u0022 align=\u0022center\u0022\u003E\u003Cstrong\u003E\u003Cspan\u003EVALMIR DOS SANTOS COSTA\u003C\/span\u003E\u003C\/strong\u003E\u003C\/p\u003E\r\n\u003Cp class=\u0022MsoNormal\u0022 align=\u0022center\u0022\u003E\u003Cspan\u003EPrefeito\u003C\/span\u003E\u003C\/p\u003E\r\n\u003Cp class=\u0022MsoNormal\u0022 align=\u0022center\u0022\u003E\u003Cspan\u003E\u0026nbsp;\u003C\/span\u003E\u003C\/p\u003E\r\n\u003Cp class=\u0022MsoNormal\u0022 align=\u0022center\u0022\u003E\u003Cstrong\u003E\u003Cspan\u003EVALDIRENE ROCHA NASCIMENTO \u003C\/span\u003E\u003C\/strong\u003E\u003C\/p\u003E\r\n\u003Cp class=\u0022MsoNormal\u0022 align=\u0022center\u0022\u003E\u003Cspan\u003ESecret\u0026aacute;ria Municipal da Fazenda\u003C\/span\u003E\u003C\/p\u003E\r\n\u003Cp class=\u0022MsoNormal\u0022 align=\u0022center\u0022\u003E\u003Cstrong\u003E\u003Cspan\u003E\u0026nbsp;\u003C\/span\u003E\u003C\/strong\u003E\u003C\/p\u003E\r\n\u003Cp class=\u0022MsoNormal\u0022 align=\u0022center\u0022\u003E\u003Cstrong\u003E\u003Cspan\u003ELUCAS CARDINALI PACHECO\u003C\/span\u003E\u003C\/strong\u003E\u003C\/p\u003E\r\n\u003Cp class=\u0022MsoNormal\u0022 align=\u0022center\u0022\u003E\u003Cspan\u003EAdvogado Geral\u003C\/span\u003E\u003C\/p\u003E\r\n\u003C\/div\u003E\r\n\u003Cp\u003E\u003Cspan\u003E\u003Cbr \/\u003E \u003C\/span\u003E\u003C\/p\u003E\r\n\u003Cp class=\u0022MsoNormal\u0022 align=\u0022center\u0022\u003E\u003Cstrong\u003E\u003Cspan\u003EANEXO 01\u003C\/span\u003E\u003C\/strong\u003E\u003C\/p\u003E\r\n\u003Cp class=\u0022MsoNormal\u0022 align=\u0022center\u0022\u003E\u003Cstrong\u003E\u003Cspan\u003E\u003C!--[if gte vml 1]\u003E\u003Cv:shapetype  id=\u0022_x0000_t75\u0022 coordsize=\u002221600,21600\u0022 o:spt=\u002275\u0022 o:preferrelative=\u0022t\u0022  path=\u0022m@4@5l@4@11@9@11@9@5xe\u0022 filled=\u0022f\u0022 stroked=\u0022f\u0022\u003E \u003Cv:stroke joinstyle=\u0022miter\u0022 \/\u003E \u003Cv:formulas\u003E \u003Cv:f eqn=\u0022if lineDrawn pixelLineWidth 0\u0022 \/\u003E \u003Cv:f eqn=\u0022sum @0 1 0\u0022 \/\u003E \u003Cv:f eqn=\u0022sum 0 0 @1\u0022 \/\u003E \u003Cv:f eqn=\u0022prod @2 1 2\u0022 \/\u003E \u003Cv:f eqn=\u0022prod @3 21600 pixelWidth\u0022 \/\u003E \u003Cv:f eqn=\u0022prod @3 21600 pixelHeight\u0022 \/\u003E \u003Cv:f eqn=\u0022sum @0 0 1\u0022 \/\u003E \u003Cv:f eqn=\u0022prod @6 1 2\u0022 \/\u003E \u003Cv:f eqn=\u0022prod @7 21600 pixelWidth\u0022 \/\u003E \u003Cv:f eqn=\u0022sum @8 21600 0\u0022 \/\u003E \u003Cv:f eqn=\u0022prod @7 21600 pixelHeight\u0022 \/\u003E \u003Cv:f eqn=\u0022sum @10 21600 0\u0022 \/\u003E \u003C\/v:formulas\u003E \u003Cv:path o:extrusionok=\u0022f\u0022 gradientshapeok=\u0022t\u0022 o:connecttype=\u0022rect\u0022 \/\u003E \u003Co:lock v:ext=\u0022edit\u0022 aspectratio=\u0022t\u0022 \/\u003E \u003C\/v:shapetype\u003E\u003Cv:shape id=\u0022_x0000_i1025\u0022 type=\u0022#_x0000_t75\u0022 style=\u0027width:743.25pt;  height:354pt\u0027\u003E \u003Cv:imagedata src=\u0022file:\/\/\/C:\\Users\\CEJL\\AppData\\Local\\Temp\\msohtmlclip1\\01\\clip_image001.png\u0022   o:title=\u0022imagem\u0022 \/\u003E \u003C\/v:shape\u003E\u003C![endif]--\u003E\u003C!--[if !vml]--\u003E\u003Cimg src=\u0022file:\/\/\/C:\/Users\/CEJL\/AppData\/Local\/Temp\/msohtmlclip1\/01\/clip_image002.jpg\u0022 alt=\u0022\u0022 width=\u0022991\u0022 height=\u0022472\u0022 \/\u003E\u003C!--[endif]--\u003E\u003C\/span\u003E\u003C\/strong\u003E\u003C\/p\u003E\r\n\u003Cp class=\u0022MsoNormal\u0022\u003E\u003Cspan\u003E\u0026nbsp;\u003C\/span\u003E\u003C\/p\u003E\r\n\u003Cp\u003E\u0026nbsp;\u003C\/p\u003E\r\n\u003Cp class=\u0022MsoNormal\u0022 align=\u0022center\u0022\u003E\u003Cspan\u003E\u0026nbsp;\u003C\/span\u003E\u003C\/p\u003E","criado":"2013-12-20 00:00:00","alterado":"2013-12-20 00:00:00"},"outros":[{"id":4165,"titulo":"Resolu\u00e7\u00e3o N\u00ba 02\/2026. Disp\u00f5e sobre a aplica\u00e7\u00e3o da Lei Federal n\u00b0 14.129, de 29 de mar\u00e7o de 2021 (Lei do Governo Digital), no \u00e2mbito da C\u00e2mara Municipal de ltabaiana\/SE.","numero":"02\/2026","categoria_id":5,"slug":"resolucao-no-02-2026-dispoe-sobre-a-aplicacao-da-lei-federal-n0-14-129-de-29-de-marco-de-2021-lei-do-governo-digital-no-ambito-da-camara-municipal-de-ltabaiana-se","descricao":"\u003Cp\u003EDisp\u0026otilde;e sobre a aplica\u0026ccedil;\u0026atilde;o da Lei Federal n\u0026deg; 14.129, de 29 de mar\u0026ccedil;o de 2021 (Lei do Governo Digital), no \u0026acirc;mbito da C\u0026acirc;mara Municipal de ltabaiana\/SE.\u003C\/p\u003E","tags":"governo,digital,itabaiana","criado":"2026-04-23 12:34:51","alterado":"2026-04-23 12:44:11"},{"id":4164,"titulo":"Portarias - Ano 2023","numero":"2023","categoria_id":10,"slug":"portarias-ano-2023","descricao":"\u003Cp\u003EPortarias - Ano 2023\u003C\/p\u003E","criado":"2026-04-23 12:30:17","alterado":"2026-04-23 12:47:38"},{"id":4163,"titulo":"Resolu\u00e7\u00e3o N\u00ba 01\/2026. Disp\u00f5e sobre a aprova\u00e7\u00e3o do Plano lnstitucional Estrat\u00e9gico da C\u00e2mara Municipal de ltabaiana\/SE e d\u00e1 outras provid\u00eancias.","numero":"01\/2026","categoria_id":5,"slug":"resolucao-no-01-2026-dispoe-sobre-a-aprovacao-do-plano-lnstitucional-estrategico-da-camara-municipal-de-ltabaiana-se-e-da-outras-providencias","descricao":"\u003Cp\u003EDisp\u0026otilde;e sobre a aprova\u0026ccedil;\u0026atilde;o do Plano lnstitucional Estrat\u0026eacute;gico da C\u0026acirc;mara Municipal de ltabaiana\/SE e d\u0026aacute; outras provid\u0026ecirc;ncias.\u003C\/p\u003E","tags":"plano,institucional,camara,municipal","criado":"2026-04-23 12:26:41","alterado":"2026-04-23 12:43:46"}],"arquivos":[]}