{"item":{"id":1121,"titulo":" Disp\u00f5e sobre transfer\u00eancia para a classe de bens p\u00fablicos, terreno municipal situado no Largo Jos\u00e9 do Prado Franco e d\u00e1 outras provid\u00eancias.","numero":"373","categoria_id":1,"aprovada":"1970-05-26 00:00:00","slug":"disp-e-sobre-transfer-ncia-para-a-classe-de-bens-p-blicos-terreno-municipal-situado-no-largo-jos-do-prado-franco-e-d-outras-provid-ncias","descricao":"\u003Cp\u003ELei n\u0026ordm; 373\u003C\/p\u003E\r\n\u003Cp\u003EDe 26 de Maio de 1970\u003C\/p\u003E\r\n\u003Cp\u003E\u0026nbsp;\u003C\/p\u003E\r\n\u003Cp\u003EDisp\u0026otilde;e sobre transfer\u0026ecirc;ncia para a classe de bens p\u0026uacute;blicos, terreno municipal situado no Largo Jos\u0026eacute; do Prado Franco e d\u0026aacute; outras provid\u0026ecirc;ncias.\u003C\/p\u003E\r\n\u003Cp\u003E\u0026nbsp;\u003C\/p\u003E\r\n\u003Cp\u003EO Prefeito do Munic\u0026iacute;pio de Itabaiana,\u003C\/p\u003E\r\n\u003Cp\u003EFa\u0026ccedil;o saber que a C\u0026acirc;mara de Vereadores do Munic\u0026iacute;pio de Itabaiana decretou e eu Prefeito do Munic\u0026iacute;pio sanciono a seguinte Lei:\u003C\/p\u003E\r\n\u003Cp\u003EArt. 1\u0026ordm; - Fica desincorporado dos bens patrimoniais do Munic\u0026iacute;pio de Itabaiana e transferido para a classe dos bens p\u0026uacute;blicos de uso comum para fins de urbaniza\u0026ccedil;\u0026atilde;o, a \u0026aacute;rea de terrenos em que se acha localizado o tanque de abastecimento de \u0026aacute;gua, em forma de quadril\u0026aacute;tero hachuriado na planta anexa, assim descrita: pelo lado com o Largo Jos\u0026eacute; do Prado Franco, numa extens\u0026atilde;o de 188,90 m; e do ponto de interse\u0026ccedil;\u0026atilde;o com a murada do Edif\u0026iacute;cio Serra do machado, na extens\u0026atilde;o de linha reta de 94,50 m confrontando-se com a propriedade de quem de direito, at\u0026eacute; a murada das propriedades com quem de direito pela Rua Antonio Dultra, numa extens\u0026atilde;o de 92,00 m at\u0026eacute; a interse\u0026ccedil;\u0026atilde;o com a Rua Capit\u0026atilde;o Mendes da\u0026iacute; em linha reta numa extens\u0026atilde;o de 132,00 m, com o Largo Jos\u0026eacute; do Prado Franco.\u003C\/p\u003E\r\n\u003Cp\u003EArt. 2\u0026ordm; - A \u0026aacute;rea de terreno objeto do artigo anterior ap\u0026oacute;s recupera\u0026ccedil;\u0026atilde;o com aterro do tanque de \u0026aacute;gua se destinar\u0026aacute; urbaniza\u0026ccedil;\u0026atilde;o do local, n\u0026atilde;o s\u0026oacute; para abertura de logradouros como para atender a localiza\u0026ccedil;\u0026atilde;o de barraca de feira de Itabaiana.\u003C\/p\u003E\r\n\u003Cp\u003EArt. 2\u0026ordm; - Esta Lei entrar\u0026aacute; em vigor na data de sua publica\u0026ccedil;\u0026atilde;o, revogadas as disposi\u0026ccedil;\u0026otilde;es em contr\u0026aacute;rio.\u003C\/p\u003E\r\n\u003Cp\u003EGabinete do Prefeito Municipal de Itabaiana, em 26 de Maio de 1970.\u003C\/p\u003E\r\n\u003Cp\u003E\u0026nbsp;\u003C\/p\u003E\r\n\u003Cp\u003EVicente Machado Meneses\u003C\/p\u003E\r\n\u003Cp\u003EPrefeito Municipal\u003C\/p\u003E\r\n\u003Cp\u003EMaria Luzia de Menezes Vieira\u003C\/p\u003E\r\n\u003Cp\u003ESecret\u0026aacute;ria\u003C\/p\u003E\r\n\u003Cp\u003E\u0026nbsp;\u003C\/p\u003E","criado":"1970-05-26 00:00:00","alterado":"1970-05-26 00:00:00"},"outros":[{"id":4165,"titulo":"Resolu\u00e7\u00e3o N\u00ba 02\/2026. Disp\u00f5e sobre a aplica\u00e7\u00e3o da Lei Federal n\u00b0 14.129, de 29 de mar\u00e7o de 2021 (Lei do Governo Digital), no \u00e2mbito da C\u00e2mara Municipal de ltabaiana\/SE.","numero":"02\/2026","categoria_id":5,"slug":"resolucao-no-02-2026-dispoe-sobre-a-aplicacao-da-lei-federal-n0-14-129-de-29-de-marco-de-2021-lei-do-governo-digital-no-ambito-da-camara-municipal-de-ltabaiana-se","descricao":"\u003Cp\u003EDisp\u0026otilde;e sobre a aplica\u0026ccedil;\u0026atilde;o da Lei Federal n\u0026deg; 14.129, de 29 de mar\u0026ccedil;o de 2021 (Lei do Governo Digital), no \u0026acirc;mbito da C\u0026acirc;mara Municipal de ltabaiana\/SE.\u003C\/p\u003E","tags":"governo,digital,itabaiana","criado":"2026-04-23 12:34:51","alterado":"2026-04-23 12:44:11"},{"id":4164,"titulo":"Portarias - Ano 2023","numero":"2023","categoria_id":10,"slug":"portarias-ano-2023","descricao":"\u003Cp\u003EPortarias - Ano 2023\u003C\/p\u003E","criado":"2026-04-23 12:30:17","alterado":"2026-04-23 12:47:38"},{"id":4163,"titulo":"Resolu\u00e7\u00e3o N\u00ba 01\/2026. Disp\u00f5e sobre a aprova\u00e7\u00e3o do Plano lnstitucional Estrat\u00e9gico da C\u00e2mara Municipal de ltabaiana\/SE e d\u00e1 outras provid\u00eancias.","numero":"01\/2026","categoria_id":5,"slug":"resolucao-no-01-2026-dispoe-sobre-a-aprovacao-do-plano-lnstitucional-estrategico-da-camara-municipal-de-ltabaiana-se-e-da-outras-providencias","descricao":"\u003Cp\u003EDisp\u0026otilde;e sobre a aprova\u0026ccedil;\u0026atilde;o do Plano lnstitucional Estrat\u0026eacute;gico da C\u0026acirc;mara Municipal de ltabaiana\/SE e d\u0026aacute; outras provid\u0026ecirc;ncias.\u003C\/p\u003E","tags":"plano,institucional,camara,municipal","criado":"2026-04-23 12:26:41","alterado":"2026-04-23 12:43:46"}],"arquivos":[]}