{"item":{"id":1183,"titulo":" Estabelece o dia 18 de Outubro no \u00e2mbito Municipal como o dia do M\u00e9dico; cuida da realiza\u00e7\u00e3o de solenidade nesta cidade, no \u00e2mbito Municipal, visando destacar o trabalho do M\u00e9dico no contexto da organiza\u00e7\u00e3o social.","numero":"438","categoria_id":1,"aprovada":"1974-10-15 00:00:00","slug":"estabelece-o-dia-18-de-outubro-no-mbito-municipal-como-o-dia-do-m-dico-cuida-da-realiza-o-de-solenidade-nesta-cidade-no-mbito-municipal-visando-destacar-o-trabalho-do-m-dico-no-contexto-da-organiza-o-social","descricao":"\u003Cp\u003ELei n\u0026ordm; 438\u003C\/p\u003E\r\n\u003Cp\u003EDe 15 de Outubro de 1974\u003C\/p\u003E\r\n\u003Cp\u003E\u0026nbsp;\u003C\/p\u003E\r\n\u003Cp\u003EEstabelece o dia 18 de Outubro no \u0026acirc;mbito Municipal como o dia do M\u0026eacute;dico; cuida da realiza\u0026ccedil;\u0026atilde;o de solenidade nesta cidade, no \u0026acirc;mbito Municipal, visando destacar o trabalho do M\u0026eacute;dico no contexto da organiza\u0026ccedil;\u0026atilde;o social.\u003C\/p\u003E\r\n\u003Cp\u003E\u0026nbsp;\u003C\/p\u003E\r\n\u003Cp\u003EO Prefeito do Munic\u0026iacute;pio de Itabaiana - SE,\u003C\/p\u003E\r\n\u003Cp\u003EFa\u0026ccedil;o saber que a C\u0026acirc;mara Municipal de Itabaiana decretou e eu sanciono a seguinte Lei:\u003C\/p\u003E\r\n\u003Cp\u003EArt. 1\u0026ordm; - Fica estabelecido o dia 18 de Outubro no \u0026acirc;mbito Municipal como o dia do M\u0026eacute;dico.\u003C\/p\u003E\r\n\u003Cp\u003EArt. 2\u0026ordm; - A Prefeitura Municipal de Itabaiana atrav\u0026eacute;s do departamento de Educa\u0026ccedil;\u0026atilde;o e Cultura, determinar\u0026aacute; a realiza\u0026ccedil;\u0026atilde;o de solenidades alusivas \u0026agrave; efemeridade, dando \u0026ecirc;nfase especial a fun\u0026ccedil;\u0026atilde;o social e humana da profiss\u0026atilde;o do m\u0026eacute;dico.\u003C\/p\u003E\r\n\u003Cp\u003EArt. 3\u0026ordm; - A Prefeitura Municipal de Itabaiana organizar\u0026aacute; um concurso liter\u0026aacute;rio, tendo como tema o \u0022Dia do M\u0026eacute;dico\u0022.\u003C\/p\u003E\r\n\u003Cp\u003EPar\u0026aacute;grafo \u0026Uacute;nico - Os trabalhos liter\u0026aacute;rios dever\u0026atilde;o destacar a miss\u0026atilde;o do bom m\u0026eacute;dico desde a antiguidade cl\u0026aacute;ssica at\u0026eacute; os dias atuais. Participar\u0026atilde;o do concurso liter\u0026aacute;rio apenas estudantes do 2\u0026ordm; Grau e haver\u0026aacute; pr\u0026ecirc;mios em medalhas de ouro, prata e men\u0026ccedil;\u0026atilde;o honrosa para o 1\u0026ordm;, 2\u0026ordm; e 3\u0026ordm; lugares, respectivamente.\u003C\/p\u003E\r\n\u003Cp\u003EArt. 4\u0026ordm; - Esta Lei entrar\u0026aacute; em vigor na data de sua publica\u0026ccedil;\u0026atilde;o, ficando revogadas as disposi\u0026ccedil;\u0026otilde;es em contr\u0026aacute;rio.\u003C\/p\u003E\r\n\u003Cp\u003EGabinete do Prefeito Municipal de Itabaiana, em 15 de Outubro de 1974.\u003C\/p\u003E\r\n\u003Cp\u003E\u0026nbsp;\u003C\/p\u003E\r\n\u003Cp\u003EAntonio Jos\u0026eacute; da Cruz\u003C\/p\u003E\r\n\u003Cp\u003EPrefeito Municipal\u003C\/p\u003E\r\n\u003Cp\u003EJo\u0026atilde;o Silveira\u003C\/p\u003E\r\n\u003Cp\u003ESecret\u0026aacute;rio\u003C\/p\u003E\r\n\u003Cp\u003E\u0026nbsp;\u003C\/p\u003E","criado":"1974-10-15 00:00:00","alterado":"1974-10-15 00:00:00"},"outros":[{"id":4165,"titulo":"Resolu\u00e7\u00e3o N\u00ba 02\/2026. Disp\u00f5e sobre a aplica\u00e7\u00e3o da Lei Federal n\u00b0 14.129, de 29 de mar\u00e7o de 2021 (Lei do Governo Digital), no \u00e2mbito da C\u00e2mara Municipal de ltabaiana\/SE.","numero":"02\/2026","categoria_id":5,"slug":"resolucao-no-02-2026-dispoe-sobre-a-aplicacao-da-lei-federal-n0-14-129-de-29-de-marco-de-2021-lei-do-governo-digital-no-ambito-da-camara-municipal-de-ltabaiana-se","descricao":"\u003Cp\u003EDisp\u0026otilde;e sobre a aplica\u0026ccedil;\u0026atilde;o da Lei Federal n\u0026deg; 14.129, de 29 de mar\u0026ccedil;o de 2021 (Lei do Governo Digital), no \u0026acirc;mbito da C\u0026acirc;mara Municipal de ltabaiana\/SE.\u003C\/p\u003E","tags":"governo,digital,itabaiana","criado":"2026-04-23 12:34:51","alterado":"2026-04-23 12:44:11"},{"id":4164,"titulo":"Portarias - Ano 2023","numero":"2023","categoria_id":10,"slug":"portarias-ano-2023","descricao":"\u003Cp\u003EPortarias - Ano 2023\u003C\/p\u003E","criado":"2026-04-23 12:30:17","alterado":"2026-04-23 12:47:38"},{"id":4163,"titulo":"Resolu\u00e7\u00e3o N\u00ba 01\/2026. Disp\u00f5e sobre a aprova\u00e7\u00e3o do Plano lnstitucional Estrat\u00e9gico da C\u00e2mara Municipal de ltabaiana\/SE e d\u00e1 outras provid\u00eancias.","numero":"01\/2026","categoria_id":5,"slug":"resolucao-no-01-2026-dispoe-sobre-a-aprovacao-do-plano-lnstitucional-estrategico-da-camara-municipal-de-ltabaiana-se-e-da-outras-providencias","descricao":"\u003Cp\u003EDisp\u0026otilde;e sobre a aprova\u0026ccedil;\u0026atilde;o do Plano lnstitucional Estrat\u0026eacute;gico da C\u0026acirc;mara Municipal de ltabaiana\/SE e d\u0026aacute; outras provid\u0026ecirc;ncias.\u003C\/p\u003E","tags":"plano,institucional,camara,municipal","criado":"2026-04-23 12:26:41","alterado":"2026-04-23 12:43:46"}],"arquivos":[]}