{"item":{"id":1025,"titulo":"Fica o Poder Executivo Municipal, autorizado a abrir Cr\u00e9dito Suplementar abaixo descriminado.","numero":"268","categoria_id":1,"aprovada":"1964-10-29 00:00:00","slug":"fica-o-poder-executivo-municipal-autorizado-a-abrir-cr-dito-suplementar-abaixo-descriminado","descricao":"\u003Cp\u003ELei n\u0026ordm; 268\u003C\/p\u003E\r\n\u003Cp\u003EDe 29 de Outubro de 1964\u003C\/p\u003E\r\n\u003Cp\u003E\u0026nbsp;\u003C\/p\u003E\r\n\u003Cp\u003EFica o Poder Executivo Municipal, autorizado a abrir Cr\u0026eacute;dito Suplementar abaixo descriminado.\u003C\/p\u003E\r\n\u003Cp\u003E\u0026nbsp;\u003C\/p\u003E\r\n\u003Cp\u003EFa\u0026ccedil;o saber que a C\u0026acirc;mara de Vereadores deste Munic\u0026iacute;pio de Itabaiana, do Estado de Sergipe, decretou a seguinte Lei:\u003C\/p\u003E\r\n\u003Cp\u003EArt. 1\u0026ordm; - Fica o Poder Executivo Municipal de Itabaiana, Estado de Sergipe, autorizado a abrir Cr\u0026eacute;ditos Suplementares, a quantia de quinze milh\u0026otilde;es de cruzeiros (Cr$ 15.000.000,00), para novos refor\u0026ccedil;os de verbas esgotadas e a esgotarem, constante no Or\u0026ccedil;amento de corrente exerc\u0026iacute;cio, em vigor, referente \u0026agrave;s codifica\u0026ccedil;\u0026otilde;es abaixo descriminadas:\u003C\/p\u003E\r\n\u003Cp\u003E\u0026nbsp;\u003C\/p\u003E\r\n\u003Cp\u003EC\u0026oacute;digos\u003C\/p\u003E\r\n\u003Cp\u003ET\u0026iacute;tulos\u003C\/p\u003E\r\n\u003Cp\u003ETotais Cr$\u003C\/p\u003E\r\n\u003Cp\u003E\u0026nbsp;\u003C\/p\u003E\r\n\u003Cp\u003ECr\u0026eacute;dito Suplementar\u003C\/p\u003E\r\n\u003Cp\u003E15.000.000,00\u003C\/p\u003E\r\n\u003Cp\u003E00\u003C\/p\u003E\r\n\u003Cp\u003EADMINISTRA\u0026Ccedil;\u0026Atilde;O GERAL\u003C\/p\u003E\r\n\u003Cp\u003E700.000,00\u003C\/p\u003E\r\n\u003Cp\u003E0.1.8.0.0.0\u003C\/p\u003E\r\n\u003Cp\u003EC\u0026acirc;mara de Vereadores\u003C\/p\u003E\r\n\u003Cp\u003E100.000,00\u003C\/p\u003E\r\n\u003Cp\u003E0.3\u003C\/p\u003E\r\n\u003Cp\u003ESecretaria\u003C\/p\u003E\r\n\u003Cp\u003E600.000,00\u003C\/p\u003E\r\n\u003Cp\u003E0.3.8.0.4.0\u003C\/p\u003E\r\n\u003Cp\u003EPessoal Fixo\u003C\/p\u003E\r\n\u003Cp\u003E500.000,00\u003C\/p\u003E\r\n\u003Cp\u003E0.3.8.0.4.4\u003C\/p\u003E\r\n\u003Cp\u003EDespesas Diversas\u003C\/p\u003E\r\n\u003Cp\u003E100.000,00\u003C\/p\u003E\r\n\u003Cp\u003E1.0\u003C\/p\u003E\r\n\u003Cp\u003EExa\u0026ccedil;\u0026atilde;o e Fiscaliza\u0026ccedil;\u0026atilde;o Financeira\u003C\/p\u003E\r\n\u003Cp\u003E1.650.000,00\u003C\/p\u003E\r\n\u003Cp\u003E1.1.8.1.3.0\u003C\/p\u003E\r\n\u003Cp\u003EPessoal Fixo\u003C\/p\u003E\r\n\u003Cp\u003E900.000,00\u003C\/p\u003E\r\n\u003Cp\u003E1.1.8.1.3.1\u003C\/p\u003E\r\n\u003Cp\u003EPessoal Vari\u0026aacute;vel\u003C\/p\u003E\r\n\u003Cp\u003E650.000,00\u003C\/p\u003E\r\n\u003Cp\u003E1.1.8.1.3.4\u003C\/p\u003E\r\n\u003Cp\u003EDespesas Diversas\u003C\/p\u003E\r\n\u003Cp\u003E100.000,00\u003C\/p\u003E\r\n\u003Cp\u003E1.3\u003C\/p\u003E\r\n\u003Cp\u003EMercado\u003C\/p\u003E\r\n\u003Cp\u003E50.000,00\u003C\/p\u003E\r\n\u003Cp\u003E1.3.8.1.3.4\u003C\/p\u003E\r\n\u003Cp\u003EDespesas Diversas\u003C\/p\u003E\r\n\u003Cp\u003E50.000,00\u003C\/p\u003E\r\n\u003Cp\u003E2.1.8.2.3.0\u003C\/p\u003E\r\n\u003Cp\u003EAssist\u0026ecirc;ncia Social\u003C\/p\u003E\r\n\u003Cp\u003E50.000,00\u003C\/p\u003E\r\n\u003Cp\u003E2.1.8.2.5.0\u003C\/p\u003E\r\n\u003Cp\u003EPessoal Fixo\u003C\/p\u003E\r\n\u003Cp\u003E300.000,00\u003C\/p\u003E\r\n\u003Cp\u003E2.1.8.2.5.4\u003C\/p\u003E\r\n\u003Cp\u003EDespesas Diversas\u003C\/p\u003E\r\n\u003Cp\u003E50.000,00\u003C\/p\u003E\r\n\u003Cp\u003E3.0\u003C\/p\u003E\r\n\u003Cp\u003EEduca\u0026ccedil;\u0026atilde;o P\u0026uacute;blica - Instru\u0026ccedil;\u0026atilde;o P\u0026uacute;blica\u003C\/p\u003E\r\n\u003Cp\u003E1.330.000,00\u003C\/p\u003E\r\n\u003Cp\u003E3.1.8.3.3.0\u003C\/p\u003E\r\n\u003Cp\u003EProfessores oficializados\u003C\/p\u003E\r\n\u003Cp\u003E800.000,00\u003C\/p\u003E\r\n\u003Cp\u003E3.1.8.3.3.4\u003C\/p\u003E\r\n\u003Cp\u003EProfessores oficializados - Despesas diversas\u003C\/p\u003E\r\n\u003Cp\u003E30.000,00\u003C\/p\u003E\r\n\u003Cp\u003E3.2.8.3.8.4\u003C\/p\u003E\r\n\u003Cp\u003ESub-escolar e outros\u003C\/p\u003E\r\n\u003Cp\u003E500.000,00\u003C\/p\u003E\r\n\u003Cp\u003E4.0\u003C\/p\u003E\r\n\u003Cp\u003ESaneamento e Higiene\u003C\/p\u003E\r\n\u003Cp\u003E390.000,00\u003C\/p\u003E\r\n\u003Cp\u003E4.2.8.4.9.0\u003C\/p\u003E\r\n\u003Cp\u003EPessoal Fixo\u003C\/p\u003E\r\n\u003Cp\u003E350.000,00\u003C\/p\u003E\r\n\u003Cp\u003E4.2.8.4.9.1\u003C\/p\u003E\r\n\u003Cp\u003EPessoal vari\u0026aacute;vel\u003C\/p\u003E\r\n\u003Cp\u003E40.000,00\u003C\/p\u003E\r\n\u003Cp\u003E6.2.8.1.3.4\u003C\/p\u003E\r\n\u003Cp\u003ELuz - Despesas Diversas\u003C\/p\u003E\r\n\u003Cp\u003E900.000,00\u003C\/p\u003E\r\n\u003Cp\u003E8.0\u003C\/p\u003E\r\n\u003Cp\u003EServi\u0026ccedil;os de Utilidade P\u0026uacute;blica\u003C\/p\u003E\r\n\u003Cp\u003E5.500.000,00\u003C\/p\u003E\r\n\u003Cp\u003E8.2\u003C\/p\u003E\r\n\u003Cp\u003EConstru\u0026ccedil;\u0026atilde;o de Logradouros e Conserva\u0026ccedil;\u0026atilde;o\u003C\/p\u003E\r\n\u003Cp\u003E500.000,00\u003C\/p\u003E\r\n\u003Cp\u003E8.2.8.8.1.0\u003C\/p\u003E\r\n\u003Cp\u003EPessoal Fixo\u003C\/p\u003E\r\n\u003Cp\u003E500.000,00\u003C\/p\u003E\r\n\u003Cp\u003E8.2.8.8.1.1\u003C\/p\u003E\r\n\u003Cp\u003EPessoal Vari\u0026aacute;vel\u003C\/p\u003E\r\n\u003Cp\u003E1.000.000,00\u003C\/p\u003E\r\n\u003Cp\u003E8.2.8.8.1.3\u003C\/p\u003E\r\n\u003Cp\u003EMaterial de Consumo\u003C\/p\u003E\r\n\u003Cp\u003E1.025.000,00\u003C\/p\u003E\r\n\u003Cp\u003E8.2.8.8.1.4\u003C\/p\u003E\r\n\u003Cp\u003EDespesas Diversas\u003C\/p\u003E\r\n\u003Cp\u003E500.000,00\u003C\/p\u003E\r\n\u003Cp\u003E8.5\u003C\/p\u003E\r\n\u003Cp\u003EObras Novas\u003C\/p\u003E\r\n\u003Cp\u003E5.300.000,00\u003C\/p\u003E\r\n\u003Cp\u003E8.5.8.8.7.1\u003C\/p\u003E\r\n\u003Cp\u003EPessoal Vari\u0026aacute;vel\u003C\/p\u003E\r\n\u003Cp\u003E2.000.000,00\u003C\/p\u003E\r\n\u003Cp\u003E8.5.8.8.7.3\u003C\/p\u003E\r\n\u003Cp\u003EMaterial de Consumo\u003C\/p\u003E\r\n\u003Cp\u003E3.000.000,00\u003C\/p\u003E\r\n\u003Cp\u003E8.5.8.8.7.4\u003C\/p\u003E\r\n\u003Cp\u003EDespesas Diversas\u003C\/p\u003E\r\n\u003Cp\u003E300.000,00\u003C\/p\u003E\r\n\u003Cp\u003E9.0\u003C\/p\u003E\r\n\u003Cp\u003EEncargos Diversos\u003C\/p\u003E\r\n\u003Cp\u003E1.555.000,00\u003C\/p\u003E\r\n\u003Cp\u003E9.1.8.9.0.0\u003C\/p\u003E\r\n\u003Cp\u003EPessoal Inativos\u003C\/p\u003E\r\n\u003Cp\u003E280.000,00\u003C\/p\u003E\r\n\u003Cp\u003E9.7\u003C\/p\u003E\r\n\u003Cp\u003EDespesas Diversas\u003C\/p\u003E\r\n\u003Cp\u003E1.275.000,00\u003C\/p\u003E\r\n\u003Cp\u003E9.7.8.9.9.4\u003C\/p\u003E\r\n\u003Cp\u003EDiversos\u003C\/p\u003E\r\n\u003Cp\u003E1.275.000,00\u003C\/p\u003E\r\n\u003Cp\u003E\u0026nbsp;\u003C\/p\u003E\r\n\u003Cp\u003EArt. 2\u0026ordm; - As suplementa\u0026ccedil;\u0026otilde;es dos cr\u0026eacute;ditos acima mencionados, correr\u0026atilde;o por conta de excesso de arrecada\u0026ccedil;\u0026atilde;o do corrente exerc\u0026iacute;cio.\u003C\/p\u003E\r\n\u003Cp\u003EArt. 3\u0026ordm; - A presente Lei entrar\u0026aacute; em vigor a partir da sua publica\u0026ccedil;\u0026atilde;o, ficando revogadas as disposi\u0026ccedil;\u0026otilde;es em contr\u0026aacute;rio.\u003C\/p\u003E\r\n\u003Cp\u003EGabinete do Prefeito Municipal de Itabaiana, em 29 de outubro de 1964.\u003C\/p\u003E\r\n\u003Cp\u003E\u0026nbsp;\u003C\/p\u003E\r\n\u003Cp\u003EJos\u0026eacute; Sizino de Almeida\u003C\/p\u003E\r\n\u003Cp\u003EPrefeito Municipal\u003C\/p\u003E\r\n\u003Cp\u003EEl\u0026iacute;zio Ara\u0026uacute;jo\u003C\/p\u003E\r\n\u003Cp\u003ESecret\u0026aacute;rio\u003C\/p\u003E\r\n\u003Cp\u003E\u0026nbsp;\u003C\/p\u003E","criado":"1964-10-29 00:00:00","alterado":"1964-10-29 00:00:00"},"outros":[{"id":4165,"titulo":"Resolu\u00e7\u00e3o N\u00ba 02\/2026. Disp\u00f5e sobre a aplica\u00e7\u00e3o da Lei Federal n\u00b0 14.129, de 29 de mar\u00e7o de 2021 (Lei do Governo Digital), no \u00e2mbito da C\u00e2mara Municipal de ltabaiana\/SE.","numero":"02\/2026","categoria_id":5,"slug":"resolucao-no-02-2026-dispoe-sobre-a-aplicacao-da-lei-federal-n0-14-129-de-29-de-marco-de-2021-lei-do-governo-digital-no-ambito-da-camara-municipal-de-ltabaiana-se","descricao":"\u003Cp\u003EDisp\u0026otilde;e sobre a aplica\u0026ccedil;\u0026atilde;o da Lei Federal n\u0026deg; 14.129, de 29 de mar\u0026ccedil;o de 2021 (Lei do Governo Digital), no \u0026acirc;mbito da C\u0026acirc;mara Municipal de ltabaiana\/SE.\u003C\/p\u003E","tags":"governo,digital,itabaiana","criado":"2026-04-23 12:34:51","alterado":"2026-04-23 12:44:11"},{"id":4164,"titulo":"Portarias - Ano 2023","numero":"2023","categoria_id":10,"slug":"portarias-ano-2023","descricao":"\u003Cp\u003EPortarias - Ano 2023\u003C\/p\u003E","criado":"2026-04-23 12:30:17","alterado":"2026-04-23 12:47:38"},{"id":4163,"titulo":"Resolu\u00e7\u00e3o N\u00ba 01\/2026. Disp\u00f5e sobre a aprova\u00e7\u00e3o do Plano lnstitucional Estrat\u00e9gico da C\u00e2mara Municipal de ltabaiana\/SE e d\u00e1 outras provid\u00eancias.","numero":"01\/2026","categoria_id":5,"slug":"resolucao-no-01-2026-dispoe-sobre-a-aprovacao-do-plano-lnstitucional-estrategico-da-camara-municipal-de-ltabaiana-se-e-da-outras-providencias","descricao":"\u003Cp\u003EDisp\u0026otilde;e sobre a aprova\u0026ccedil;\u0026atilde;o do Plano lnstitucional Estrat\u0026eacute;gico da C\u0026acirc;mara Municipal de ltabaiana\/SE e d\u0026aacute; outras provid\u0026ecirc;ncias.\u003C\/p\u003E","tags":"plano,institucional,camara,municipal","criado":"2026-04-23 12:26:41","alterado":"2026-04-23 12:43:46"}],"arquivos":[]}