{"item":{"id":753,"titulo":"Ficam criadas seis escolas municipais, localizadas aonde convier ao ensino municipal, com os nomes","numero":"58","categoria_id":1,"aprovada":"1951-11-05 00:00:00","slug":"ficam-criadas-seis-escolas-municipais-localizadas-aonde-convier-ao-ensino-municipal-com-os-nomes","descricao":"\u003Cp class=\u0022t1\u0022\u003ELei n\u0026ordm; 58\u003C\/p\u003E\r\n\u003Cp class=\u0022t1\u0022\u003EDe 05 de novembro de 1951\u003C\/p\u003E\r\n\u003Cp\u003E\u0026nbsp;\u003C\/p\u003E\r\n\u003Cp class=\u0022assunto\u0022\u003EAbre Cr\u0026eacute;dito Especial.\u003C\/p\u003E\r\n\u003Cp\u003E\u0026nbsp;\u003C\/p\u003E\r\n\u003Cp\u003EO PREFEITO MUNICIPAL DE ITABAIANA:\u003C\/p\u003E\r\n\u003Cp\u003EFa\u0026ccedil;o saber que a C\u0026acirc;mara Municipal de Vereadores do Munic\u0026iacute;pio de Itabaiana decretou e eu sanciono a seguinte Lei:\u003C\/p\u003E\r\n\u003Cp\u003EArt. 1\u0026ordm; - Ficam criadas seis escolas municipais, localizadas aonde convier ao ensino municipal, com os nomes: \u0022Otoniel D\u0026oacute;rea;\u0022 \u0022Jos\u0026eacute; do Prado Franco;\u0022 \u0022Nestor de Carvalho Lima;\u0022 \u0022Hon\u0026oacute;rio Francisco de Mendon\u0026ccedil;a;\u0022 \u0022Elias de Andrade;\u0022 \u0022Jos\u0026eacute; Corn\u0026eacute;lio da Fonseca filho.\u0022\u003C\/p\u003E\r\n\u003Cp\u003EArt. 2\u0026ordm; - Fica igualmente aberto, no presente exerc\u0026iacute;cio, o cr\u0026eacute;dito especial de Cr$ (20.000,00) vinte mil cruzeiros, para ocorrer com as despesas de pagamento dos vencimentos dos professores, de constru\u0026ccedil;\u0026otilde;es das referidas escolas o qual ocorrer\u0026aacute; por conta do aux\u0026iacute;lio federal.\u003C\/p\u003E\r\n\u003Cp\u003EArt. 3\u0026ordm; - Fica o Prefeito Municipal autorizado a pedir suplementa\u0026ccedil;\u0026atilde;o de verba, para os fins previstos, no pr\u0026oacute;ximo exerc\u0026iacute;cio de 1.952, quando para isso houver oportunidade.\u003C\/p\u003E\r\n\u003Cp\u003EArt 4\u0026ordm; - Esta Lei entrar\u0026aacute; em vigor na data de sua publica\u0026ccedil;\u0026atilde;o, revogadas as disposi\u0026ccedil;\u0026otilde;es em contr\u0026aacute;rio.\u003C\/p\u003E\r\n\u003Cp\u003EGabinete do Prefeito de Itabaiana, 05 de novembro de 1951.\u003C\/p\u003E\r\n\u003Cp\u003E\u0026nbsp;\u003C\/p\u003E\r\n\u003Cp\u003EEuclides Paes Mendon\u0026ccedil;a\u003C\/p\u003E\r\n\u003Cp\u003EPrefeito\u003C\/p\u003E\r\n\u003Cp\u003ET\u0026ecirc;nisson Melo e Oliveira\u003C\/p\u003E\r\n\u003Cp\u003ESecret\u0026aacute;rio\u003C\/p\u003E\r\n\u003Cp\u003E\u0026nbsp;\u003C\/p\u003E\r\n\u003Cp\u003E(*)cf livro de registro de leis.\u003C\/p\u003E","criado":"1951-11-05 00:00:00","alterado":"1951-11-05 00:00:00"},"outros":[{"id":4165,"titulo":"Resolu\u00e7\u00e3o N\u00ba 02\/2026. Disp\u00f5e sobre a aplica\u00e7\u00e3o da Lei Federal n\u00b0 14.129, de 29 de mar\u00e7o de 2021 (Lei do Governo Digital), no \u00e2mbito da C\u00e2mara Municipal de ltabaiana\/SE.","numero":"02\/2026","categoria_id":5,"slug":"resolucao-no-02-2026-dispoe-sobre-a-aplicacao-da-lei-federal-n0-14-129-de-29-de-marco-de-2021-lei-do-governo-digital-no-ambito-da-camara-municipal-de-ltabaiana-se","descricao":"\u003Cp\u003EDisp\u0026otilde;e sobre a aplica\u0026ccedil;\u0026atilde;o da Lei Federal n\u0026deg; 14.129, de 29 de mar\u0026ccedil;o de 2021 (Lei do Governo Digital), no \u0026acirc;mbito da C\u0026acirc;mara Municipal de ltabaiana\/SE.\u003C\/p\u003E","tags":"governo,digital,itabaiana","criado":"2026-04-23 12:34:51","alterado":"2026-04-23 12:44:11"},{"id":4164,"titulo":"Portarias - Ano 2023","numero":"2023","categoria_id":10,"slug":"portarias-ano-2023","descricao":"\u003Cp\u003EPortarias - Ano 2023\u003C\/p\u003E","criado":"2026-04-23 12:30:17","alterado":"2026-04-23 12:47:38"},{"id":4163,"titulo":"Resolu\u00e7\u00e3o N\u00ba 01\/2026. Disp\u00f5e sobre a aprova\u00e7\u00e3o do Plano lnstitucional Estrat\u00e9gico da C\u00e2mara Municipal de ltabaiana\/SE e d\u00e1 outras provid\u00eancias.","numero":"01\/2026","categoria_id":5,"slug":"resolucao-no-01-2026-dispoe-sobre-a-aprovacao-do-plano-lnstitucional-estrategico-da-camara-municipal-de-ltabaiana-se-e-da-outras-providencias","descricao":"\u003Cp\u003EDisp\u0026otilde;e sobre a aprova\u0026ccedil;\u0026atilde;o do Plano lnstitucional Estrat\u0026eacute;gico da C\u0026acirc;mara Municipal de ltabaiana\/SE e d\u0026aacute; outras provid\u0026ecirc;ncias.\u003C\/p\u003E","tags":"plano,institucional,camara,municipal","criado":"2026-04-23 12:26:41","alterado":"2026-04-23 12:43:46"}],"arquivos":[]}