{"item":{"id":626,"titulo":"Lei nome de Rua Vereados Pedro Teles de Mendon\u00e7a","numero":"1260","categoria_id":1,"aprovada":"2007-12-13 00:00:00","slug":"lei-nome-de-rua-vereados-pedro-teles-de-mendon-a","descricao":"\u003CP\u003E\u003CEM\u003E\u003CFONT color=#404040\u003EDisp\u00f5e sobre nome de Rua do nosso munic\u00edpio e d\u00e1 outras provid\u00eancias.\u003CBR\u003E\u003C\/FONT\u003E\u003C\/EM\u003E\u003CBR\u003EO PRESIDENTE DA C\u00c2MARA MUNICIPAL DE ITABAIANA \u2013 SERGIPE.\u003CBR\u003E\u003CBR\u003EFa\u00e7o saber que a C\u00e2mara Municipal aprovou e a Sra. Prefeita Municipal de Itabaiana sancionar\u00e1 a seguinte LEI:\u003CBR\u003E\u003CBR\u003EArt. 1\u00ba - A Rua projetada \u201cA\u201d com inicio na Rua Francisco Bragan\u00e7a e termino na Trav. Leandro Maciel passar\u00e1 a denominar \u2013 se de RUA VEREADOR PEDRO TELES DE MENDON\u00c7A.\u003CBR\u003E\u003CBR\u003EArt. 2\u00ba - Esta Lei entrar\u00e1 em vigor na data de sua publica\u00e7\u00e3o.\u003CBR\u003E\u003CBR\u003EArt. 3\u00ba - Ficam revogadas as disposi\u00e7\u00f5es em contr\u00e1rio.\u003CBR\u003E\u003CBR\u003EGabinete da Presid\u00eancia da C\u00e2mara Municipal de Itabaiana, em 13 de dezembro de 2007.\u003C\/P\u003E","criado":"2007-12-13 00:00:00","alterado":"2007-12-13 00:00:00"},"outros":[{"id":4165,"titulo":"Resolu\u00e7\u00e3o N\u00ba 02\/2026. Disp\u00f5e sobre a aplica\u00e7\u00e3o da Lei Federal n\u00b0 14.129, de 29 de mar\u00e7o de 2021 (Lei do Governo Digital), no \u00e2mbito da C\u00e2mara Municipal de ltabaiana\/SE.","numero":"02\/2026","categoria_id":5,"slug":"resolucao-no-02-2026-dispoe-sobre-a-aplicacao-da-lei-federal-n0-14-129-de-29-de-marco-de-2021-lei-do-governo-digital-no-ambito-da-camara-municipal-de-ltabaiana-se","descricao":"\u003Cp\u003EDisp\u0026otilde;e sobre a aplica\u0026ccedil;\u0026atilde;o da Lei Federal n\u0026deg; 14.129, de 29 de mar\u0026ccedil;o de 2021 (Lei do Governo Digital), no \u0026acirc;mbito da C\u0026acirc;mara Municipal de ltabaiana\/SE.\u003C\/p\u003E","tags":"governo,digital,itabaiana","criado":"2026-04-23 12:34:51","alterado":"2026-04-23 12:44:11"},{"id":4164,"titulo":"Portarias - Ano 2023","numero":"2023","categoria_id":10,"slug":"portarias-ano-2023","descricao":"\u003Cp\u003EPortarias - Ano 2023\u003C\/p\u003E","criado":"2026-04-23 12:30:17","alterado":"2026-04-23 12:47:38"},{"id":4163,"titulo":"Resolu\u00e7\u00e3o N\u00ba 01\/2026. Disp\u00f5e sobre a aprova\u00e7\u00e3o do Plano lnstitucional Estrat\u00e9gico da C\u00e2mara Municipal de ltabaiana\/SE e d\u00e1 outras provid\u00eancias.","numero":"01\/2026","categoria_id":5,"slug":"resolucao-no-01-2026-dispoe-sobre-a-aprovacao-do-plano-lnstitucional-estrategico-da-camara-municipal-de-ltabaiana-se-e-da-outras-providencias","descricao":"\u003Cp\u003EDisp\u0026otilde;e sobre a aprova\u0026ccedil;\u0026atilde;o do Plano lnstitucional Estrat\u0026eacute;gico da C\u0026acirc;mara Municipal de ltabaiana\/SE e d\u0026aacute; outras provid\u0026ecirc;ncias.\u003C\/p\u003E","tags":"plano,institucional,camara,municipal","criado":"2026-04-23 12:26:41","alterado":"2026-04-23 12:43:46"}],"arquivos":[]}