{"item":{"id":962,"titulo":"O artigo 20 da Lei 827, de 24 de abril de 1997, passa a ter a ter a seguinte reda\u00e7\u00e3o","numero":"933","categoria_id":1,"aprovada":"2001-02-22 00:00:00","slug":"o-artigo-20-da-lei-827-de-24-de-abril-de-1997-passa-a-ter-a-ter-a-seguinte-reda-o","descricao":"\u003Cp\u003E\u0026nbsp;\u003C\/p\u003E\r\n\u003Cp class=\u0022t1\u0022\u003ELEI N\u0026ordm; 933\u003C\/p\u003E\r\n\u003Cp class=\u0022t1\u0022\u003EDe 22 de Fevereiro de 2001\u003C\/p\u003E\r\n\u003Cp\u003E\u003Cspan style=\u0022color: #0000ff; font-size: xx-small;\u0022\u003E(transcri\u0026ccedil;\u0026atilde;o fiel do texto original,  do arquivo de Leis da C\u0026acirc;mara Municipal de Itabaiana, Estado de Sergipe).\u003C\/span\u003E\u003C\/p\u003E\r\n\u003Cp class=\u0022assunto\u0022\u003EDa nova reda\u0026ccedil;\u0026atilde;o aos arts. 2\u0026ordm;, 3\u0026ordm; e 6\u0026ordm; da Lei n\u0026ordm; 827,  de 24 de abril de 1997, que criou o COMAE - Conselho Municipal de  Alimenta\u0026ccedil;\u0026atilde;o Escolar do Munic\u0026iacute;pio de Itabaiana.\u003C\/p\u003E\r\n\u003Cp class=\u0022assunto\u0022\u003E\u0026nbsp;\u003C\/p\u003E\r\n\u003Cp\u003EO PREFEITO MUNICIPAL DE ITABAIANA, ESTADO DE SERGIPE.\u003C\/p\u003E\r\n\u003Cp\u003EFa\u0026ccedil;o saber que a C\u0026acirc;mara Municipal de Itabaiana, aprovou e eu,  Prefeito do Munic\u0026iacute;pio, sanciono a seguinte Lei:\u003C\/p\u003E\r\n\u003Cp\u003EArt. 1\u0026ordm; - O artigo 20 da Lei 827, de 24 de abril de 1997, passa a ter  a ter a seguinte reda\u0026ccedil;\u0026atilde;o:\u003C\/p\u003E\r\n\u003Cp style=\u0022margin-left: 64px;\u0022\u003E\u003Cspan style=\u0022color: #008000;\u0022\u003EArt. 2\u0026ordm; - Compete ao  conselho Municipal de Alimenta\u0026ccedil;\u0026atilde;o Escolar - COMAE:\u003C\/span\u003E\u003C\/p\u003E\r\n\u003Cp style=\u0022margin-left: 64px;\u0022\u003E\u003Cspan style=\u0022color: #008000;\u0022\u003EI - Deliberar,  fiscalizar e assessorar a aplica\u0026ccedil;\u0026atilde;o dos recursos destinados a Alimenta\u0026ccedil;\u0026atilde;o Escolar;\u003C\/span\u003E\u003C\/p\u003E\r\n\u003Cp style=\u0022margin-left: 64px;\u0022\u003E\u003Cspan style=\u0022color: #008000;\u0022\u003EII - Elaborar o seu  Regimento Interno;\u003C\/span\u003E\u003C\/p\u003E\r\n\u003Cp style=\u0022margin-left: 64px;\u0022\u003E\u003Cspan style=\u0022color: #008000;\u0022\u003EIII - Realizar  auditorias, inspe\u0026ccedil;\u0026otilde;es e an\u0026aacute;lise dos processos referentes \u0026agrave; presta\u0026ccedil;\u0026otilde;es de contas dos recursos financeiros relativos ao PNAE;\u003C\/span\u003E\u003C\/p\u003E\r\n\u003Cp style=\u0022margin-left: 64px;\u0022\u003E\u003Cspan style=\u0022color: #008000;\u0022\u003EIV - Participar da  elabora\u0026ccedil;\u0026atilde;o dos card\u0026aacute;pios do Programa de Alimenta\u0026ccedil;\u0026atilde;o Escolar, respeitando h\u0026aacute;bitos alimentares da localidade, sua voca\u0026ccedil;\u0026atilde;o agr\u0026iacute;cola, a prefer\u0026ecirc;ncia pelos produtos in natura e da regi\u0026atilde;o.\u003C\/span\u003E\u003C\/p\u003E\r\n\u003Cp style=\u0022margin-left: 64px;\u0022\u003E\u003Cspan style=\u0022color: #008000;\u0022\u003EV - Acompanhar e  avaliar o Programa de Alimenta\u0026ccedil;\u0026atilde;o Escolar;\u003C\/span\u003E\u003C\/p\u003E\r\n\u003Cp style=\u0022margin-left: 64px;\u0022\u003E\u003Cspan style=\u0022color: #008000;\u0022\u003EVI - Receber e  encaminhar \u0026agrave;s inst\u0026acirc;ncias competentes as eventuais den\u0026uacute;ncias sobre irregularidades na execu\u0026ccedil;\u0026atilde;o do Programa de Alimenta\u0026ccedil;\u0026atilde;o Escolar;\u003C\/span\u003E\u003C\/p\u003E\r\n\u003Cp style=\u0022margin-left: 64px;\u0022\u003E\u003Cspan style=\u0022color: #008000;\u0022\u003EVII - Apreciar e  votar em sess\u0026atilde;o aberta ao p\u0026uacute;blico o plano de a\u0026ccedil;\u0026atilde;o da prefeitura sobre a gest\u0026atilde;o do programa de Alimenta\u0026ccedil;\u0026atilde;o Escolar;\u003C\/span\u003E\u003C\/p\u003E\r\n\u003Cp style=\u0022margin-left: 64px;\u0022\u003E\u003Cspan style=\u0022color: #008000;\u0022\u003EVIII - Apresentar \u0026agrave;  Prefeitura Municipal proposta para execu\u0026ccedil;\u0026atilde;o dos servi\u0026ccedil;os de Alimenta\u0026ccedil;\u0026atilde;o Escolar Municipal, adequando-o a realidade e as diretrizes do PNAE;\u003C\/span\u003E\u003C\/p\u003E\r\n\u003Cp style=\u0022margin-left: 64px;\u0022\u003E\u003Cspan style=\u0022color: #008000;\u0022\u003EIX - Divulgar sua  atua\u0026ccedil;\u0026atilde;o, como forma de controle social e de apoio \u0026agrave; descentraliza\u0026ccedil;\u0026atilde;o da  A1imenta\u0026ccedil;\u0026atilde;o Escolar.\u0022\u003C\/span\u003E\u003C\/p\u003E\r\n\u003Cp\u003EArt 2\u0026ordm; - O artigo 3\u0026ordm; da lei 827, de 24 de abril de 1997, passa a ter a seguinte reda\u0026ccedil;\u0026atilde;o:\u003C\/p\u003E\r\n\u003Cp style=\u0022margin-left: 64px;\u0022\u003E\u003Cspan style=\u0022color: #008000;\u0022\u003EArt. 3\u0026ordm; - O Conselho  Municipal de Alimenta\u0026ccedil;\u0026atilde;o Escolar - COMAE - ser\u0026aacute; constitu\u0026iacute;do de sete membros e tem a seguinte composi\u0026ccedil;\u0026atilde;o:\u003C\/span\u003E\u003C\/p\u003E\r\n\u003Cp style=\u0022margin-left: 64px;\u0022\u003E\u003Cspan style=\u0022color: #008000;\u0022\u003EI - Um representante  do Poder Executivo indicado pelo Chefe desse poder;\u003C\/span\u003E\u003C\/p\u003E\r\n\u003Cp style=\u0022margin-left: 64px;\u0022\u003E\u003Cspan style=\u0022color: #008000;\u0022\u003EII - Um  representante do Poder Legislativo indicado pela Mesa Diretora desse poder;\u003C\/span\u003E\u003C\/p\u003E\r\n\u003Cp style=\u0022margin-left: 64px;\u0022\u003E\u003Cspan style=\u0022color: #008000;\u0022\u003EIII - Dois  representantes dos professores indicados pelos respectivos \u0026oacute;rg\u0026atilde;os de classe;\u003C\/span\u003E\u003C\/p\u003E\r\n\u003Cp style=\u0022margin-left: 64px;\u0022\u003E\u003Cspan style=\u0022color: #008000;\u0022\u003EIV - Dois  representantes de pais de alunos indicados pelos Conselhos Escolares, Associa\u0026ccedil;\u0026otilde;es de Pais e Mestres ou entidades similares;\u003C\/span\u003E\u003C\/p\u003E\r\n\u003Cp style=\u0022margin-left: 64px;\u0022\u003E\u003Cspan style=\u0022color: #008000;\u0022\u003EV - Um representante  de outro segmento da sociedade civil.\u003C\/span\u003E\u003C\/p\u003E\r\n\u003Cp style=\u0022margin-left: 64px;\u0022\u003E\u003Cspan style=\u0022color: #008000;\u0022\u003E\u0026sect; 1\u0026ordm; - Cada membro  titular do COMAE ter\u0026aacute; um suplente da mesma categoria representada.\u003C\/span\u003E\u003C\/p\u003E\r\n\u003Cp style=\u0022margin-left: 64px;\u0022\u003E\u003Cspan style=\u0022color: #008000;\u0022\u003E\u0026sect; 2\u0026ordm; - O exerc\u0026iacute;cio  do mandato de Conselheiro do COMAE \u0026eacute; considerado servi\u0026ccedil;o p\u0026uacute;blico relevante e n\u0026atilde;o ser\u0026aacute; remunerado.\u003C\/span\u003E\u003C\/p\u003E\r\n\u003Cp style=\u0022margin-left: 64px;\u0022\u003E\u003Cspan style=\u0022color: #008000;\u0022\u003E\u0026sect; 3\u0026ordm; - A presid\u0026ecirc;ncia  do COMAE ser\u0026aacute; exercida pelo representante do poder executivo municipal.\u003C\/span\u003E\u003C\/p\u003E\r\n\u003Cp style=\u0022margin-left: 64px;\u0022\u003E\u003Cspan style=\u0022color: #008000;\u0022\u003E\u0026sect; 4\u0026ordm; - A nomea\u0026ccedil;\u0026atilde;o do Conselheiro ser\u0026aacute; formalizada por ato do poder executivo.\u003C\/span\u003E\u003C\/p\u003E\r\n\u003Cp style=\u0022margin-left: 64px;\u0022\u003E\u003Cspan style=\u0022color: #008000;\u0022\u003E\u0026sect; 5\u0026ordm; - A Associa\u0026ccedil;\u0026atilde;o  dos Professores e Pessoal da Educa\u0026ccedil;\u0026atilde;o do Munic\u0026iacute;pio de Itabaiana - APPEMI \u0026eacute; o \u0026oacute;rg\u0026atilde;o de classe respons\u0026aacute;vel pela indica\u0026ccedil;\u0026atilde;o dos professores referida no inciso III deste artigo.\u0022\u003C\/span\u003E\u003C\/p\u003E\r\n\u003Cp\u003EArt. 3\u0026ordm; - O art. 6\u0026ordm; da Lei 827, de 24 de abril de 1997, passa a ter a seguinte reda\u0026ccedil;\u0026atilde;o:\u003C\/p\u003E\r\n\u003Cp style=\u0022margin-left: 64px;\u0022\u003E\u003Cspan style=\u0022color: #008000;\u0022\u003EArt. 6\u0026ordm; - Os membros  e o Presidente do COMAE ter\u0026atilde;o mandato de dois anos, podendo ser reconduzidos  uma \u0026uacute;nica vez.\u0022\u003C\/span\u003E\u003C\/p\u003E\r\n\u003Cp\u003EArt.7\u0026ordm; - Esta Lei entrar\u0026aacute; em vigor na data de sua publica\u0026ccedil;\u0026atilde;o,  revogadas as disposi\u0026ccedil;\u0026otilde;es em contr\u0026aacute;rio.\u003C\/p\u003E\r\n\u003Cp\u003EGabinete do Prefeito Municipal de Itabaiana, em 22 de Fevereiro de  2001.\u003C\/p\u003E\r\n\u003Cp\u003ELUCIANO BISPO DE LIMA\u003C\/p\u003E\r\n\u003Cp\u003EPrefeito Municipal\u003C\/p\u003E\r\n\u003Cp\u003EJUAREZ FERREIRA DE GOIS\u003C\/p\u003E\r\n\u003Cp\u003ESec. Mun. de Administra\u0026ccedil;\u0026atilde;o\u003C\/p\u003E","criado":"2001-02-22 00:00:00","alterado":"2001-02-22 00:00:00"},"outros":[{"id":4165,"titulo":"Resolu\u00e7\u00e3o N\u00ba 02\/2026. Disp\u00f5e sobre a aplica\u00e7\u00e3o da Lei Federal n\u00b0 14.129, de 29 de mar\u00e7o de 2021 (Lei do Governo Digital), no \u00e2mbito da C\u00e2mara Municipal de ltabaiana\/SE.","numero":"02\/2026","categoria_id":5,"slug":"resolucao-no-02-2026-dispoe-sobre-a-aplicacao-da-lei-federal-n0-14-129-de-29-de-marco-de-2021-lei-do-governo-digital-no-ambito-da-camara-municipal-de-ltabaiana-se","descricao":"\u003Cp\u003EDisp\u0026otilde;e sobre a aplica\u0026ccedil;\u0026atilde;o da Lei Federal n\u0026deg; 14.129, de 29 de mar\u0026ccedil;o de 2021 (Lei do Governo Digital), no \u0026acirc;mbito da C\u0026acirc;mara Municipal de ltabaiana\/SE.\u003C\/p\u003E","tags":"governo,digital,itabaiana","criado":"2026-04-23 12:34:51","alterado":"2026-04-23 12:44:11"},{"id":4164,"titulo":"Portarias - Ano 2023","numero":"2023","categoria_id":10,"slug":"portarias-ano-2023","descricao":"\u003Cp\u003EPortarias - Ano 2023\u003C\/p\u003E","criado":"2026-04-23 12:30:17","alterado":"2026-04-23 12:47:38"},{"id":4163,"titulo":"Resolu\u00e7\u00e3o N\u00ba 01\/2026. Disp\u00f5e sobre a aprova\u00e7\u00e3o do Plano lnstitucional Estrat\u00e9gico da C\u00e2mara Municipal de ltabaiana\/SE e d\u00e1 outras provid\u00eancias.","numero":"01\/2026","categoria_id":5,"slug":"resolucao-no-01-2026-dispoe-sobre-a-aprovacao-do-plano-lnstitucional-estrategico-da-camara-municipal-de-ltabaiana-se-e-da-outras-providencias","descricao":"\u003Cp\u003EDisp\u0026otilde;e sobre a aprova\u0026ccedil;\u0026atilde;o do Plano lnstitucional Estrat\u0026eacute;gico da C\u0026acirc;mara Municipal de ltabaiana\/SE e d\u0026aacute; outras provid\u0026ecirc;ncias.\u003C\/p\u003E","tags":"plano,institucional,camara,municipal","criado":"2026-04-23 12:26:41","alterado":"2026-04-23 12:43:46"}],"arquivos":[]}