{"item":{"id":1008,"titulo":" O Poder Executivo Municipal solicita autoriza\u00e7\u00e3o para abertura de Cr\u00e9ditos Suplementares.","numero":"251","categoria_id":1,"aprovada":"1963-10-29 00:00:00","slug":"o-poder-executivo-municipal-solicita-autoriza-o-para-abertura-de-cr-ditos-suplementares","descricao":"\u003Cp\u003ELei n\u0026ordm; 251\u003C\/p\u003E\r\n\u003Cp\u003EDe 29 de outubro de 1963\u003C\/p\u003E\r\n\u003Cp\u003E\u0026nbsp;\u003C\/p\u003E\r\n\u003Cp\u003EO Poder Executivo Municipal solicita autoriza\u0026ccedil;\u0026atilde;o para abertura de Cr\u0026eacute;ditos Suplementares.\u003C\/p\u003E\r\n\u003Cp\u003E\u0026nbsp;\u003C\/p\u003E\r\n\u003Cp\u003EFa\u0026ccedil;o saber que a C\u0026acirc;mara de Vereadores deste Munic\u0026iacute;pio de Itabaiana, do Estado de Sergipe, decretou e eu sanciono a seguinte Lei:\u003C\/p\u003E\r\n\u003Cp\u003EArt. 1\u0026ordm; - Fica o Prefeito Municipal de Itabaiana, deste Estado federado de Sergipe, autorizado a abrir Cr\u0026eacute;ditos Suplementares, da quantia de cinco milh\u0026otilde;es, seiscentos e quarenta mil cruzeiros (Cr$ 5.640.000,00), para novos refor\u0026ccedil;os da verbas esgotadas e a esgotarem, constantes do or\u0026ccedil;amento em vigor, do corrente exerc\u0026iacute;cio, referentes \u0026agrave;s codifica\u0026ccedil;\u0026otilde;es abaixo descriminadas:\u003C\/p\u003E\r\n\u003Cp\u003E\u0026nbsp;\u003C\/p\u003E\r\n\u003Cp\u003EC\u0026oacute;digos\u003C\/p\u003E\r\n\u003Cp\u003ET\u0026iacute;tulos\u003C\/p\u003E\r\n\u003Cp\u003ETotais Cr$\u003C\/p\u003E\r\n\u003Cp\u003ECr\u0026eacute;dito Suplementar \t5.640.000,00\u003C\/p\u003E\r\n\u003Cp\u003E00\u003Cbr \/\u003E ADMINISTRA\u0026Ccedil;\u0026Atilde;O GERAL \t670.000,00\u003C\/p\u003E\r\n\u003Cp\u003E0.1.8.0.0.0\u003Cbr \/\u003E C\u0026acirc;mara de Vereadores \t20.000,00\u003C\/p\u003E\r\n\u003Cp\u003E0.1.8.0.0.4\u003Cbr \/\u003E Despesas Diversas \t20.000,00\u003C\/p\u003E\r\n\u003Cp\u003E0.3\u003Cbr \/\u003E Secretaria \t650.000,00\u003C\/p\u003E\r\n\u003Cp\u003E0.3.8.0.4.0\u003Cbr \/\u003E Pessoal Fixo \t600.000,00\u003C\/p\u003E\r\n\u003Cp\u003E0.3.8.0.4.1\u003Cbr \/\u003E Pessoal Vari\u0026aacute;vel \t30.000,00\u003C\/p\u003E\r\n\u003Cp\u003E0.3.8.0.4.3\u003Cbr \/\u003E Material de Consumo \t20.000,00\u003C\/p\u003E\r\n\u003Cp\u003E1.0\u003Cbr \/\u003E Exa\u0026ccedil;\u0026atilde;o e Fiscaliza\u0026ccedil;\u0026atilde;o Financeira \t1.250.000,00\u003C\/p\u003E\r\n\u003Cp\u003E1.1.8.1.3.0\u003Cbr \/\u003E Pessoal Fixo \t1.200.000,00\u003C\/p\u003E\r\n\u003Cp\u003E1.1.8.1.3.1\u003Cbr \/\u003E Pessoal Vari\u0026aacute;vel \t30.000,00\u003C\/p\u003E\r\n\u003Cp\u003E1.2\u003Cbr \/\u003E Matadouro Municipal \t20.000,00\u003C\/p\u003E\r\n\u003Cp\u003E1.2.8.1.3.1\u003Cbr \/\u003E Pessoal vari\u0026aacute;vel \t10.000,00\u003C\/p\u003E\r\n\u003Cp\u003E1.2.8.1.3.4\u003Cbr \/\u003E Despesas Diversas \t10.000,00\u003C\/p\u003E\r\n\u003Cp\u003E2.0\u003Cbr \/\u003E Seguran\u0026ccedil;a P\u0026uacute;blica \t350.000,00\u003C\/p\u003E\r\n\u003Cp\u003E2.1.8.2.5.0\u003Cbr \/\u003E Pessoal Fixo \t300.000,00\u003C\/p\u003E\r\n\u003Cp\u003E2.1.8.2.5.4\u003Cbr \/\u003E Despesas Diversas \t50.000,00\u003C\/p\u003E\r\n\u003Cp\u003E3.0\u003Cbr \/\u003E Educa\u0026ccedil;\u0026atilde;o P\u0026uacute;blica - Instru\u0026ccedil;\u0026atilde;o P\u0026uacute;blica \t1.150.000,00\u003C\/p\u003E\r\n\u003Cp\u003E3.1.8.3.3.0\u003Cbr \/\u003E Pessoal Fixo \t800.000,00\u003C\/p\u003E\r\n\u003Cp\u003E3.3.8.3.9.4\u003Cbr \/\u003E Subven\u0026ccedil;\u0026otilde;es, Contribui\u0026ccedil;\u0026otilde;es e Aux\u0026iacute;lios \t350.000,00\u003C\/p\u003E\r\n\u003Cp\u003E4.0\u003Cbr \/\u003E Saneamento e Higiene \t455.000,00\u003C\/p\u003E\r\n\u003Cp\u003E4.2.8.4.9.0\u003Cbr \/\u003E Pessoal Fixo \t420.000,00\u003C\/p\u003E\r\n\u003Cp\u003E4.2.8.4.9.1\u003Cbr \/\u003E Pessoal vari\u0026aacute;vel \t30.000,00\u003C\/p\u003E\r\n\u003Cp\u003E8.0\u003Cbr \/\u003E Servi\u0026ccedil;os de Utilidade P\u0026uacute;blica \t1.450.000,00\u003C\/p\u003E\r\n\u003Cp\u003E8.2\u003Cbr \/\u003E Constru\u0026ccedil;\u0026atilde;o de Logradouros e Conserva\u0026ccedil;\u0026atilde;o \t500.000,00\u003C\/p\u003E\r\n\u003Cp\u003E8.2.8.8.1.1\u003Cbr \/\u003E Pessoal Vari\u0026aacute;vel \t500.000,00\u003C\/p\u003E\r\n\u003Cp\u003E8.3\u003Cbr \/\u003E Servi\u0026ccedil;os de Estradas e Vias de Comunica\u0026ccedil;\u0026atilde;o \t200.000,00\u003C\/p\u003E\r\n\u003Cp\u003E8.3.8.8.2.1\u003Cbr \/\u003E Pessoal Vari\u0026aacute;vel \t200.000,00\u003C\/p\u003E\r\n\u003Cp\u003E8.6\u003Cbr \/\u003E Ilumina\u0026ccedil;\u0026atilde;o P\u0026uacute;blica \t750.000,00\u003C\/p\u003E\r\n\u003Cp\u003E8.6.8.8.8.4\u003Cbr \/\u003E Despesas Diversas \t750.000,00\u003C\/p\u003E\r\n\u003Cp\u003E9.0\u003Cbr \/\u003E Encargos Diversos \t200.000,00\u003C\/p\u003E\r\n\u003Cp\u003E9.1.8.9.0.0\u003Cbr \/\u003E Pessoal Inativos \t200.000,00\u003C\/p\u003E\r\n\u003Cp\u003E9.7\u003Cbr \/\u003E Despesas Diversas \t70.000,00\u003C\/p\u003E\r\n\u003Cp\u003E9.7.8.9.9.4\u003Cbr \/\u003E Diversos \t70.000,00\u003C\/p\u003E\r\n\u003Cp\u003E\u0026nbsp;\u003C\/p\u003E\r\n\u003Cp\u003EArt. 2\u0026ordm; - As suplementa\u0026ccedil;\u0026otilde;es de cr\u0026eacute;dito accima anunciadas correr\u0026atilde;o por conta do excesso da arrecada\u0026ccedil;\u0026atilde;o do corrente exerc\u0026iacute;cio.\u003C\/p\u003E\r\n\u003Cp\u003EArt. 3\u0026ordm; - Esta Lei entrar\u0026aacute; em vigor a partir da data de sua publica\u0026ccedil;\u0026atilde;o, ficando revogadas as disposi\u0026ccedil;\u0026otilde;es em contr\u0026aacute;rio.\u003C\/p\u003E\r\n\u003Cp\u003EGabinete do Prefeito Municipal de Itabaiana em 29 de outubro de 1963.\u003C\/p\u003E\r\n\u003Cp\u003E\u0026nbsp;\u003C\/p\u003E\r\n\u003Cp\u003EJos\u0026eacute; Sizino de Almeida\u003C\/p\u003E\r\n\u003Cp\u003EPrefeito Municipal\u003C\/p\u003E\r\n\u003Cp\u003EEl\u0026iacute;zio Ara\u0026uacute;jo\u003C\/p\u003E\r\n\u003Cp\u003ESecret\u0026aacute;rio\u003C\/p\u003E\r\n\u003Cp\u003E\u0026nbsp;\u003C\/p\u003E","criado":"1963-10-29 00:00:00","alterado":"1963-10-29 00:00:00"},"outros":[{"id":4165,"titulo":"Resolu\u00e7\u00e3o N\u00ba 02\/2026. Disp\u00f5e sobre a aplica\u00e7\u00e3o da Lei Federal n\u00b0 14.129, de 29 de mar\u00e7o de 2021 (Lei do Governo Digital), no \u00e2mbito da C\u00e2mara Municipal de ltabaiana\/SE.","numero":"02\/2026","categoria_id":5,"slug":"resolucao-no-02-2026-dispoe-sobre-a-aplicacao-da-lei-federal-n0-14-129-de-29-de-marco-de-2021-lei-do-governo-digital-no-ambito-da-camara-municipal-de-ltabaiana-se","descricao":"\u003Cp\u003EDisp\u0026otilde;e sobre a aplica\u0026ccedil;\u0026atilde;o da Lei Federal n\u0026deg; 14.129, de 29 de mar\u0026ccedil;o de 2021 (Lei do Governo Digital), no \u0026acirc;mbito da C\u0026acirc;mara Municipal de ltabaiana\/SE.\u003C\/p\u003E","tags":"governo,digital,itabaiana","criado":"2026-04-23 12:34:51","alterado":"2026-04-23 12:44:11"},{"id":4164,"titulo":"Portarias - Ano 2023","numero":"2023","categoria_id":10,"slug":"portarias-ano-2023","descricao":"\u003Cp\u003EPortarias - Ano 2023\u003C\/p\u003E","criado":"2026-04-23 12:30:17","alterado":"2026-04-23 12:47:38"},{"id":4163,"titulo":"Resolu\u00e7\u00e3o N\u00ba 01\/2026. Disp\u00f5e sobre a aprova\u00e7\u00e3o do Plano lnstitucional Estrat\u00e9gico da C\u00e2mara Municipal de ltabaiana\/SE e d\u00e1 outras provid\u00eancias.","numero":"01\/2026","categoria_id":5,"slug":"resolucao-no-01-2026-dispoe-sobre-a-aprovacao-do-plano-lnstitucional-estrategico-da-camara-municipal-de-ltabaiana-se-e-da-outras-providencias","descricao":"\u003Cp\u003EDisp\u0026otilde;e sobre a aprova\u0026ccedil;\u0026atilde;o do Plano lnstitucional Estrat\u0026eacute;gico da C\u0026acirc;mara Municipal de ltabaiana\/SE e d\u0026aacute; outras provid\u0026ecirc;ncias.\u003C\/p\u003E","tags":"plano,institucional,camara,municipal","criado":"2026-04-23 12:26:41","alterado":"2026-04-23 12:43:46"}],"arquivos":[]}