{"item":{"id":1896,"titulo":"Torna obrigat\u00f3ria a instala\u00e7\u00e3o de dispositivos de seguran\u00e7a nas ag\u00eancias e nos postos de servi\u00e7os das institui\u00e7\u00f5es financeiras, localizadas no munic\u00edpio de Itabaiana.","numero":"1726","categoria_id":1,"aprovada":"2013-12-17 00:00:00","slug":"torna-obrigat-ria-a-instala-o-de-dispositivos-de-seguran-a-nas-ag-ncias-e-nos-postos-de-servi-os-das-institui-es-financeiras-localizadas-no-munic-pio-de-itabaiana","descricao":"\u003Cp class=\u0022MsoNormal\u0022\u003E\u003Cstrong\u003E\u003Cspan\u003EO PREFEITO DO MUNIC\u0026Iacute;PIO DE ITABAIANA, ESTADO DE SERGIPE, \u003C\/span\u003E\u003C\/strong\u003E\u003Cspan\u003Eno uso de suas atribui\u0026ccedil;\u0026otilde;es legais;\u003Cstrong\u003E\u003C\/strong\u003E\u003C\/span\u003E\u003C\/p\u003E\r\n\u003Cp class=\u0022MsoNormal\u0022\u003E\u003Cspan\u003E\u0026nbsp;\u003C\/span\u003E\u003C\/p\u003E\r\n\u003Cp class=\u0022MsoNormal\u0022\u003E\u003Cspan\u003E\u0026nbsp;\u0026nbsp;\u0026nbsp;\u0026nbsp;\u0026nbsp;\u0026nbsp;\u0026nbsp;\u0026nbsp;\u0026nbsp;\u0026nbsp;\u0026nbsp;\u0026nbsp;\u0026nbsp;\u0026nbsp;\u0026nbsp;\u0026nbsp;\u0026nbsp;\u0026nbsp;\u0026nbsp;\u0026nbsp;\u0026nbsp;\u0026nbsp;\u0026nbsp; Fa\u0026ccedil;o saber que a C\u0026acirc;mara Municipal aprovou e eu sanciono e promulgo a seguinte LEI:\u003C\/span\u003E\u003C\/p\u003E\r\n\u003Cp class=\u0022MsoNormal\u0022\u003E\u003Cspan\u003E\u0026nbsp;\u003C\/span\u003E\u003C\/p\u003E\r\n\u003Cp class=\u0022MsoNormal\u0022\u003E\u003Cspan\u003E\u0026nbsp;\u0026nbsp;\u0026nbsp;\u0026nbsp;\u0026nbsp;\u0026nbsp;\u0026nbsp;\u0026nbsp;\u0026nbsp;\u0026nbsp;\u0026nbsp;\u0026nbsp;\u0026nbsp;\u0026nbsp;\u0026nbsp;\u0026nbsp;\u0026nbsp;\u0026nbsp;\u0026nbsp;\u0026nbsp;\u0026nbsp;\u0026nbsp;\u0026nbsp; Art. 1\u0026ordm; - Ficam os estabelecimentos financeiros obrigados a instalar dispositivos de seguran\u0026ccedil;a em suas ag\u0026ecirc;ncias e postos de servi\u0026ccedil;os, situados no \u0026acirc;mbito do munic\u0026iacute;pio.\u003C\/span\u003E\u003C\/p\u003E\r\n\u003Cp class=\u0022MsoNormal\u0022\u003E\u003Cspan\u003E\u0026nbsp;\u003C\/span\u003E\u003C\/p\u003E\r\n\u003Cp class=\u0022MsoNormal\u0022\u003E\u003Cspan\u003EPar\u0026aacute;grafo \u0026Uacute;nico \u0026ndash; Os estabelecimentos financeiros referidos neste artigo compreendem bancos oficiais ou privados, caixas econ\u0026ocirc;micas, sociedades de cr\u0026eacute;ditos, associa\u0026ccedil;\u0026otilde;es de poupan\u0026ccedil;a, suas ag\u0026ecirc;ncias, postos de atendimento, subag\u0026ecirc;ncias e se\u0026ccedil;\u0026otilde;es.\u003C\/span\u003E\u003C\/p\u003E\r\n\u003Cp class=\u0022MsoNormal\u0022\u003E\u003Cspan\u003E\u0026nbsp;\u003C\/span\u003E\u003C\/p\u003E\r\n\u003Cp class=\u0022MsoNormal\u0022\u003E\u003Cspan\u003EArt. 2\u0026ordm; - Sem preju\u0026iacute;zo de outros equipamentos, cada unidade de atendimento das institui\u0026ccedil;\u0026otilde;es de que trata o art. 1\u0026ordm; desta Lei dever\u0026aacute; dispor de:\u003C\/span\u003E\u003C\/p\u003E\r\n\u003Cp class=\u0022MsoNormal\u0022\u003E\u003Cspan\u003E\u0026nbsp;\u003C\/span\u003E\u003C\/p\u003E\r\n\u003Cp class=\u0022MsoNormal\u0022\u003E\u003Cspan\u003EI \u0026ndash; porta eletr\u0026ocirc;nica de seguran\u0026ccedil;a individualizada, em todos os acessos destinados ao p\u0026uacute;blico, incluindo o espa\u0026ccedil;os de autoatendimento, provido de:\u003C\/span\u003E\u003C\/p\u003E\r\n\u003Cp class=\u0022MsoNormal\u0022\u003E\u003Cspan\u003E\u0026nbsp;\u003C\/span\u003E\u003C\/p\u003E\r\n\u003Cp class=\u0022MsoListParagraph\u0022\u003E\u003C!--[if !supportLists]--\u003E\u003Cspan\u003Ea)\u003Cspan\u003E\u0026nbsp;\u0026nbsp;\u0026nbsp;\u0026nbsp;\u0026nbsp; \u003C\/span\u003E\u003C\/span\u003E\u003C!--[endif]--\u003E\u003Cspan\u003EDetecto de metal;\u003C\/span\u003E\u003C\/p\u003E\r\n\u003Cp class=\u0022MsoNormal\u0022\u003E\u003Cspan\u003E\u0026nbsp;\u003C\/span\u003E\u003C\/p\u003E\r\n\u003Cp class=\u0022MsoListParagraphCxSpFirst\u0022\u003E\u003C!--[if !supportLists]--\u003E\u003Cspan\u003Eb)\u003Cspan\u003E\u0026nbsp;\u0026nbsp;\u0026nbsp;\u0026nbsp;\u0026nbsp; \u003C\/span\u003E\u003C\/span\u003E\u003C!--[endif]--\u003E\u003Cspan\u003ETravamento e retorno autom\u0026aacute;tico;\u003C\/span\u003E\u003C\/p\u003E\r\n\u003Cp class=\u0022MsoListParagraphCxSpMiddle\u0022\u003E\u003Cspan\u003E\u0026nbsp;\u003C\/span\u003E\u003C\/p\u003E\r\n\u003Cp class=\u0022MsoListParagraphCxSpMiddle\u0022\u003E\u003C!--[if !supportLists]--\u003E\u003Cspan\u003Ec)\u003Cspan\u003E\u0026nbsp;\u0026nbsp;\u0026nbsp;\u0026nbsp;\u0026nbsp; \u003C\/span\u003E\u003C\/span\u003E\u003C!--[endif]--\u003E\u003Cspan\u003EVidros laminados resistentes a impactos e a disparo de armas de fogo at\u0026eacute; calibre 45.\u003C\/span\u003E\u003C\/p\u003E\r\n\u003Cp class=\u0022MsoListParagraphCxSpMiddle\u0022\u003E\u003Cspan\u003E\u0026nbsp;\u003C\/span\u003E\u003C\/p\u003E\r\n\u003Cp class=\u0022MsoListParagraphCxSpMiddle\u0022\u003E\u003C!--[if !supportLists]--\u003E\u003Cspan\u003Ed)\u003Cspan\u003E\u0026nbsp;\u0026nbsp;\u0026nbsp;\u0026nbsp;\u0026nbsp; \u003C\/span\u003E\u003C\/span\u003E\u003C!--[endif]--\u003E\u003Cspan\u003EPel\u0026iacute;cula apropriada para reten\u0026ccedil;\u0026atilde;o de estilha\u0026ccedil;os.\u003C\/span\u003E\u003C\/p\u003E\r\n\u003Cp class=\u0022MsoListParagraphCxSpLast\u0022\u003E\u003Cspan\u003E\u0026nbsp;\u003C\/span\u003E\u003C\/p\u003E\r\n\u003Cp class=\u0022MsoNormal\u0022\u003E\u003Cspan\u003EII \u0026ndash; Sistema de monitora\u0026ccedil;\u0026atilde;o e grava\u0026ccedil;\u0026atilde;o eletr\u0026ocirc;nica de imagens, em tempo real, atrav\u0026eacute;s de circuito fechado de televis\u0026atilde;o, interligado com central de controle fora do local monitorado, com:\u003C\/span\u003E\u003C\/p\u003E\r\n\u003Cp class=\u0022MsoNormal\u0022\u003E\u003Cspan\u003E\u0026nbsp;\u003C\/span\u003E\u003C\/p\u003E\r\n\u003Cp class=\u0022MsoListParagraph\u0022\u003E\u003C!--[if !supportLists]--\u003E\u003Cspan\u003Ea)\u003Cspan\u003E\u0026nbsp;\u0026nbsp;\u0026nbsp;\u0026nbsp;\u0026nbsp; \u003C\/span\u003E\u003C\/span\u003E\u003C!--[endif]--\u003E\u003Cspan\u003EC\u0026acirc;mara com sensores capazes de captar imagens, em resolu\u0026ccedil;\u0026atilde;o capaz de permitir a clara identifica\u0026ccedil;\u0026atilde;o de assaltantes, criminosos e suspeitos, instala\u0026ccedil;\u0026atilde;o em todos os acessos destinados ao p\u0026uacute;blico, em todos os caixas e locais de acessos aos mesmos, na sala de terminais de autoatendimento e em \u0026aacute;rea onde houver guarda e movimenta\u0026ccedil;\u0026atilde;o de numer\u0026aacute;rio no interior do estabelecimento, bem como nas cal\u0026ccedil;adas externas e na \u0026aacute;rea de estacionamento onde houver;\u003C\/span\u003E\u003C\/p\u003E\r\n\u003Cp class=\u0022MsoNormal\u0022\u003E\u003Cspan\u003E\u0026nbsp;\u003C\/span\u003E\u003C\/p\u003E\r\n\u003Cp class=\u0022MsoListParagraphCxSpFirst\u0022\u003E\u003C!--[if !supportLists]--\u003E\u003Cspan\u003Eb)\u003Cspan\u003E\u0026nbsp;\u0026nbsp;\u0026nbsp;\u0026nbsp;\u0026nbsp; \u003C\/span\u003E\u003C\/span\u003E\u003C!--[endif]--\u003E\u003Cspan\u003EEquipamento que permita a grava\u0026ccedil;\u0026atilde;o simult\u0026acirc;nea e ininterrupta das imagens geradas de todas as c\u0026acirc;maras do estabelecimento durante o hor\u0026aacute;rio de atendimento externo e quando houver movimenta\u0026ccedil;\u0026atilde;o de numer\u0026aacute;rio no interior do estabelecimento de forma que sempre tenha armazenada, no equipamento de controle, as imagens nas \u0026uacute;ltimas 24 (vinte e quatro) horas;\u003C\/span\u003E\u003C\/p\u003E\r\n\u003Cp class=\u0022MsoListParagraphCxSpMiddle\u0022\u003E\u003Cspan\u003E\u0026nbsp;\u003C\/span\u003E\u003C\/p\u003E\r\n\u003Cp class=\u0022MsoListParagraphCxSpMiddle\u0022\u003E\u003C!--[if !supportLists]--\u003E\u003Cspan\u003Ec)\u003Cspan\u003E\u0026nbsp;\u0026nbsp;\u0026nbsp;\u0026nbsp;\u0026nbsp; \u003C\/span\u003E\u003C\/span\u003E\u003C!--[endif]--\u003E\u003Cspan\u003EEquipamento de grava\u0026ccedil;\u0026atilde;o de caixa de prote\u0026ccedil;\u0026atilde;o e instalada em local que n\u0026atilde;o permita sua viola\u0026ccedil;\u0026atilde;o ou remo\u0026ccedil;\u0026atilde;o atrav\u0026eacute;s da utiliza\u0026ccedil;\u0026atilde;o de armas de fogo, ferramentas ou instrumentos de utiliza\u0026ccedil;\u0026atilde;o manual;\u003C\/span\u003E\u003C\/p\u003E\r\n\u003Cp class=\u0022MsoListParagraphCxSpLast\u0022\u003E\u003Cspan\u003E\u0026nbsp;\u003C\/span\u003E\u003C\/p\u003E\r\n\u003Cp class=\u0022MsoNormal\u0022\u003E\u003Cspan\u003EIII \u0026ndash; Divis\u0026oacute;rias opacas e com altura de dois metros entre a fila de espera e a bateria de caixas das ag\u0026ecirc;ncias, bem como na \u0026aacute;rea dos terminais de autoatendimento, cujo espa\u0026ccedil;o devem ser observados pelos vigilantes e controlados pelas c\u0026acirc;maras de filmagem, visando impedir a visualiza\u0026ccedil;\u0026atilde;o das opera\u0026ccedil;\u0026otilde;es banc\u0026aacute;rias por terceiros.\u003C\/span\u003E\u003C\/p\u003E\r\n\u003Cp class=\u0022MsoNormal\u0022\u003E\u003Cspan\u003E\u0026nbsp;\u003C\/span\u003E\u003C\/p\u003E\r\n\u003Cp class=\u0022MsoNormal\u0022\u003E\u003Cspan\u003EArt. 3\u0026ordm; - \u0026Eacute; vedado aos vigilantes o exerc\u0026iacute;cio de qualquer outra atividade no interior da ag\u0026ecirc;ncia, que n\u0026atilde;o seja de seguran\u0026ccedil;a.\u003C\/span\u003E\u003C\/p\u003E\r\n\u003Cp class=\u0022MsoNormal\u0022\u003E\u003Cspan\u003E\u0026nbsp;\u003C\/span\u003E\u003C\/p\u003E\r\n\u003Cp class=\u0022MsoNormal\u0022\u003E\u003Cspan\u003EPar\u0026aacute;grafo \u0026Uacute;nico \u0026ndash; O trabalhador de que trata este artigo dever\u0026aacute; usar colete a prova de bala de n\u0026iacute;vel 03, porta arma de fogo e arma n\u0026atilde;o letal autorizada, al\u0026eacute;m de dispor de assento apropriado e escudo de prote\u0026ccedil;\u0026atilde;o.\u003C\/span\u003E\u003C\/p\u003E\r\n\u003Cp class=\u0022MsoNormal\u0022\u003E\u003Cspan\u003E\u0026nbsp;\u003C\/span\u003E\u003C\/p\u003E\r\n\u003Cp class=\u0022MsoNormal\u0022\u003E\u003Cspan\u003EArt. 4\u0026ordm; - O estabelecimento financeiro que infringir cada um dos itens dispostos nesta Lei ficar\u0026aacute; sujeito \u0026agrave;s seguintes penalidades:\u003C\/span\u003E\u003C\/p\u003E\r\n\u003Cp class=\u0022MsoNormal\u0022\u003E\u003Cspan\u003E\u0026nbsp;\u003C\/span\u003E\u003C\/p\u003E\r\n\u003Cp class=\u0022MsoListParagraph\u0022\u003E\u003C!--[if !supportLists]--\u003E\u003Cspan\u003Ea)\u003Cspan\u003E\u0026nbsp;\u0026nbsp;\u0026nbsp;\u0026nbsp;\u0026nbsp; \u003C\/span\u003E\u003C\/span\u003E\u003C!--[endif]--\u003E\u003Cspan\u003EAdvert\u0026ecirc;ncia: na primeira autua\u0026ccedil;\u0026atilde;o, o banco ser\u0026aacute; notificado para que efetue a regulariza\u0026ccedil;\u0026atilde;o da pend\u0026ecirc;ncia no prazo de at\u0026eacute; 10 (dez) dias \u0026uacute;teis;\u003C\/span\u003E\u003C\/p\u003E\r\n\u003Cp class=\u0022MsoNormal\u0022\u003E\u003Cspan\u003E\u0026nbsp;\u003C\/span\u003E\u003C\/p\u003E\r\n\u003Cp class=\u0022MsoListParagraphCxSpFirst\u0022\u003E\u003C!--[if !supportLists]--\u003E\u003Cspan\u003Eb)\u003Cspan\u003E\u0026nbsp;\u0026nbsp;\u0026nbsp;\u0026nbsp;\u0026nbsp; \u003C\/span\u003E\u003C\/span\u003E\u003C!--[endif]--\u003E\u003Cspan\u003EMulta: persistindo a infra\u0026ccedil;\u0026atilde;o, ser\u0026aacute; aplicada a multa no valor de 10.000 UFMs (Unidade Financeiras Municipais; se, at\u0026eacute; 30 (trinta) dias \u0026uacute;teis ap\u0026oacute;s a aplica\u0026ccedil;\u0026atilde;o da multa, n\u0026atilde;o houver regulariza\u0026ccedil;\u0026atilde;o de situa\u0026ccedil;\u0026atilde;o, ser\u0026aacute; aplicada uma segunda\u0026nbsp; multa no valor 20.000 UFMs (Unidades Financeiras Municipais)\u003C\/span\u003E\u003C\/p\u003E\r\n\u003Cp class=\u0022MsoListParagraphCxSpLast\u0022\u003E\u003Cspan\u003E\u0026nbsp;\u003C\/span\u003E\u003C\/p\u003E\r\n\u003Cp class=\u0022MsoNormal\u0022\u003E\u003Cspan\u003EPar\u0026aacute;grafo \u0026Uacute;nico \u0026ndash; As entidades sindicais dos banc\u0026aacute;rios e vigilantes poder\u0026atilde;o representar junto ao Munic\u0026iacute;pio contra o(os) infrator(es) desta Lei.\u003C\/span\u003E\u003C\/p\u003E\r\n\u003Cp class=\u0022MsoNormal\u0022\u003E\u003Cspan\u003E\u0026nbsp;\u003C\/span\u003E\u003C\/p\u003E\r\n\u003Cp class=\u0022MsoNormal\u0022\u003E\u003Cspan\u003EArt. 5\u0026ordm; - Os estabelecimentos financeiros ter\u0026atilde;o um prazo de at\u0026eacute; 120 (cento e vinte) dias, a contar da aplica\u0026ccedil;\u0026atilde;o desta Lei, para instalarem os equipamentos exigidos desta Lei.\u003C\/span\u003E\u003C\/p\u003E\r\n\u003Cp class=\u0022MsoNormal\u0022\u003E\u003Cspan\u003E\u0026nbsp;\u003C\/span\u003E\u003C\/p\u003E\r\n\u003Cp class=\u0022MsoNormal\u0022\u003E\u003Cspan\u003E\u0026nbsp;\u0026nbsp;\u0026nbsp;\u0026nbsp;\u0026nbsp;\u0026nbsp;\u0026nbsp;\u0026nbsp;\u0026nbsp;\u0026nbsp;\u0026nbsp;\u0026nbsp;\u0026nbsp;\u0026nbsp;\u0026nbsp;\u0026nbsp;\u0026nbsp;\u0026nbsp;\u0026nbsp;\u0026nbsp;\u0026nbsp;\u0026nbsp;\u0026nbsp; Art. 6\u0026ordm; - Esta Lei entra em vigor na data de sua publica\u0026ccedil;\u0026atilde;o.\u003C\/span\u003E\u003C\/p\u003E\r\n\u003Cp class=\u0022MsoNormal\u0022\u003E\u003Cspan\u003E\u0026nbsp;\u003C\/span\u003E\u003C\/p\u003E\r\n\u003Cp class=\u0022MsoNormal\u0022\u003E\u003Cspan\u003E\u0026nbsp;\u0026nbsp;\u0026nbsp;\u0026nbsp;\u0026nbsp;\u0026nbsp;\u0026nbsp;\u0026nbsp;\u0026nbsp;\u0026nbsp;\u0026nbsp;\u0026nbsp;\u0026nbsp;\u0026nbsp;\u0026nbsp;\u0026nbsp;\u0026nbsp;\u0026nbsp;\u0026nbsp;\u0026nbsp;\u0026nbsp;\u0026nbsp;\u0026nbsp; Art. 7\u0026ordm; - Revogam-se as disposi\u0026ccedil;\u0026otilde;es em contr\u0026aacute;rio.\u003C\/span\u003E\u003C\/p\u003E\r\n\u003Cp class=\u0022MsoNormal\u0022\u003E\u003Cspan\u003E\u0026nbsp;\u003C\/span\u003E\u003C\/p\u003E\r\n\u003Cp class=\u0022MsoNormal\u0022\u003E\u003Cspan\u003E\u0026nbsp;\u0026nbsp;\u0026nbsp;\u0026nbsp;\u0026nbsp;\u0026nbsp;\u0026nbsp;\u0026nbsp;\u0026nbsp;\u0026nbsp;\u0026nbsp;\u0026nbsp;\u0026nbsp;\u0026nbsp;\u0026nbsp;\u0026nbsp;\u0026nbsp;\u0026nbsp;\u0026nbsp;\u0026nbsp;\u0026nbsp;\u0026nbsp;\u0026nbsp; Gabinete do Prefeito Municipal de Itabaiana\/SE, em 17 de Dezembro de 2013.\u003C\/span\u003E\u003C\/p\u003E\r\n\u003Cp class=\u0022MsoNormal\u0022\u003E\u003Cspan\u003E\u0026nbsp;\u003C\/span\u003E\u003C\/p\u003E\r\n\u003Cp class=\u0022MsoNormal\u0022\u003E\u003Cspan\u003E\u0026nbsp;\u003C\/span\u003E\u003C\/p\u003E\r\n\u003Cp class=\u0022MsoNormal\u0022\u003E\u003Cspan\u003E\u0026nbsp;\u0026nbsp;\u0026nbsp;\u0026nbsp;\u0026nbsp;\u0026nbsp;\u0026nbsp;\u0026nbsp;\u0026nbsp;\u0026nbsp;\u0026nbsp;\u0026nbsp;\u0026nbsp;\u0026nbsp;\u0026nbsp;\u0026nbsp;\u0026nbsp;\u0026nbsp;\u0026nbsp;\u0026nbsp;\u0026nbsp;\u0026nbsp;\u0026nbsp;\u0026nbsp;\u0026nbsp;\u0026nbsp;\u0026nbsp;\u0026nbsp;\u0026nbsp;\u0026nbsp;\u0026nbsp;\u0026nbsp;\u0026nbsp;\u0026nbsp; \u003C\/span\u003E\u003C\/p\u003E\r\n\u003Cp class=\u0022MsoNormal\u0022 align=\u0022center\u0022\u003E\u003Cstrong\u003E\u003Cspan\u003EVALMIR DOS SANTOS COSTA\u003C\/span\u003E\u003C\/strong\u003E\u003C\/p\u003E\r\n\u003Cp class=\u0022MsoNormal\u0022 align=\u0022center\u0022\u003E\u003Cspan\u003EPrefeito\u003C\/span\u003E\u003C\/p\u003E\r\n\u003Cp class=\u0022MsoNormal\u0022 align=\u0022center\u0022\u003E\u003Cspan\u003E\u0026nbsp;\u003C\/span\u003E\u003C\/p\u003E\r\n\u003Cp class=\u0022MsoNormal\u0022\u003E\u003Cspan\u003E\u0026nbsp;\u003C\/span\u003E\u003C\/p\u003E\r\n\u003Cp class=\u0022MsoNormal\u0022 align=\u0022center\u0022\u003E\u003Cstrong\u003E\u003Cspan\u003ELUCAS CARDINALI PACHECO\u003C\/span\u003E\u003C\/strong\u003E\u003C\/p\u003E\r\n\u003Cp\u003E\u0026nbsp;\u003C\/p\u003E\r\n\u003Cp class=\u0022MsoNormal\u0022 align=\u0022center\u0022\u003E\u003Cspan\u003EProcurador Geral do Munic\u0026iacute;pio\u003C\/span\u003E\u003C\/p\u003E","criado":"2013-12-17 00:00:00","alterado":"2013-12-17 00:00:00"},"outros":[{"id":4165,"titulo":"Resolu\u00e7\u00e3o N\u00ba 02\/2026. Disp\u00f5e sobre a aplica\u00e7\u00e3o da Lei Federal n\u00b0 14.129, de 29 de mar\u00e7o de 2021 (Lei do Governo Digital), no \u00e2mbito da C\u00e2mara Municipal de ltabaiana\/SE.","numero":"02\/2026","categoria_id":5,"slug":"resolucao-no-02-2026-dispoe-sobre-a-aplicacao-da-lei-federal-n0-14-129-de-29-de-marco-de-2021-lei-do-governo-digital-no-ambito-da-camara-municipal-de-ltabaiana-se","descricao":"\u003Cp\u003EDisp\u0026otilde;e sobre a aplica\u0026ccedil;\u0026atilde;o da Lei Federal n\u0026deg; 14.129, de 29 de mar\u0026ccedil;o de 2021 (Lei do Governo Digital), no \u0026acirc;mbito da C\u0026acirc;mara Municipal de ltabaiana\/SE.\u003C\/p\u003E","tags":"governo,digital,itabaiana","criado":"2026-04-23 12:34:51","alterado":"2026-04-23 12:44:11"},{"id":4164,"titulo":"Portarias - Ano 2023","numero":"2023","categoria_id":10,"slug":"portarias-ano-2023","descricao":"\u003Cp\u003EPortarias - Ano 2023\u003C\/p\u003E","criado":"2026-04-23 12:30:17","alterado":"2026-04-23 12:47:38"},{"id":4163,"titulo":"Resolu\u00e7\u00e3o N\u00ba 01\/2026. Disp\u00f5e sobre a aprova\u00e7\u00e3o do Plano lnstitucional Estrat\u00e9gico da C\u00e2mara Municipal de ltabaiana\/SE e d\u00e1 outras provid\u00eancias.","numero":"01\/2026","categoria_id":5,"slug":"resolucao-no-01-2026-dispoe-sobre-a-aprovacao-do-plano-lnstitucional-estrategico-da-camara-municipal-de-ltabaiana-se-e-da-outras-providencias","descricao":"\u003Cp\u003EDisp\u0026otilde;e sobre a aprova\u0026ccedil;\u0026atilde;o do Plano lnstitucional Estrat\u0026eacute;gico da C\u0026acirc;mara Municipal de ltabaiana\/SE e d\u0026aacute; outras provid\u0026ecirc;ncias.\u003C\/p\u003E","tags":"plano,institucional,camara,municipal","criado":"2026-04-23 12:26:41","alterado":"2026-04-23 12:43:46"}],"arquivos":[]}