{"categorias":[{"id":2,"nome":"Decreto","slug":"decreto","criado":"2021-09-21 15:19:15","alterado":"2026-04-22 13:08:01"},{"id":1,"nome":"Lei","slug":"lei","criado":"2021-09-21 15:19:15","alterado":"2026-04-22 13:08:09"},{"id":10,"nome":"Portaria","slug":"portaria","criado":"2024-05-14 12:10:49","alterado":"2026-04-22 13:07:36"},{"id":7,"nome":"Projeto de Decreto","slug":"projeto-de-decreto","criado":"2023-03-21 08:45:22","alterado":"2024-08-16 11:08:15"},{"id":6,"nome":"Projeto de Lei","slug":"projeto-de-lei","criado":"2023-03-17 14:46:15","alterado":"2024-08-16 11:08:58"},{"id":5,"nome":"Resolu\u00e7\u00e3o","slug":"resolucao","criado":"2021-09-21 15:19:15","alterado":"2026-04-22 13:07:52"}],"categoria":null,"paginacao":{"atual":142,"proxima":143,"anterior":141,"total_registros":4101,"total_paginas":274},"itens":[{"id":1991,"titulo":"lei_1875_-_diretrizes_or_ament_rias_-_2016_001","numero":"1875","categoria_id":1,"aprovada":"2015-04-28 00:00:00","slug":"lei-1875-diretrizes-or-ament-rias-2016-001","criado":"2015-04-28 00:00:00","alterado":"2015-04-28 00:00:00"},{"id":1990,"titulo":"lei_1870_-_pmsa","numero":"1870","categoria_id":1,"aprovada":"2015-06-25 00:00:00","slug":"lei-1870-pmsa","criado":"2015-06-25 00:00:00","alterado":"2015-06-25 00:00:00"},{"id":1989,"titulo":"lei_1870_-_pmae_-_anexo","numero":"1870","categoria_id":1,"aprovada":"2015-06-01 00:00:00","slug":"lei-1870-pmae-anexo","criado":"2015-06-01 00:00:00","alterado":"2015-06-01 00:00:00"},{"id":1988,"titulo":"lei_1869-_plano_municipal_proinfancia_-_assinada","numero":"1869","categoria_id":1,"aprovada":"2015-06-16 00:00:00","slug":"lei-1869-plano-municipal-proinfancia-assinada","criado":"2015-06-16 00:00:00","alterado":"2015-06-16 00:00:00"},{"id":1987,"titulo":"lei_1868_-_subven__o_grupo_esp_rita_mensageiro_da_amizade","numero":"1868","categoria_id":1,"aprovada":"2015-06-08 00:00:00","slug":"lei-1868-subven-o-grupo-esp-rita-mensageiro-da-amizade","criado":"2015-06-08 00:00:00","alterado":"2015-06-08 00:00:00"},{"id":1986,"titulo":"lei_1864.2015_-_nome_de_rua_jos__francisco_de_andrade","numero":"1864","categoria_id":1,"aprovada":"2015-04-28 00:00:00","slug":"lei-1864-2015-nome-de-rua-jos-francisco-de-andrade","criado":"2015-04-28 00:00:00","alterado":"2015-04-28 00:00:00"},{"id":1985,"titulo":"lei_1.873_-_pra_a_oscar_niemeyer","numero":"1873","categoria_id":1,"aprovada":"2015-06-29 00:00:00","slug":"lei-1-873-pra-a-oscar-niemeyer","criado":"2015-06-29 00:00:00","alterado":"2015-06-29 00:00:00"},{"id":1984,"titulo":"lei_1.872_-_nome_de_pra_a_28_de_agosto","numero":"1872","categoria_id":1,"aprovada":"2015-06-29 00:00:00","slug":"lei-1-872-nome-de-pra-a-28-de-agosto","criado":"2015-06-29 00:00:00","alterado":"2015-06-29 00:00:00"},{"id":1983,"titulo":"lei_1.871_-_nome_de_distrito_industrial_adilson_maciel","numero":"1871","categoria_id":1,"aprovada":"2015-06-29 00:00:00","slug":"lei-1-871-nome-de-distrito-industrial-adilson-maciel","criado":"2015-06-29 00:00:00","alterado":"2015-06-29 00:00:00"},{"id":1982,"titulo":"Lei Complementar n\u00ba 050\/2015 - Define e caracteriza a Estrutura Organizacional da C\u00e2mara Municipal de Vereadores de Itabaiana e d\u00e1 outras provid\u00eancias.","numero":"Lei Complementar n\u00ba 050\/2015","categoria_id":1,"aprovada":"2015-04-15 12:36:37","slug":"lei-complementar-no-050-2015-define-e-caracteriza-a-estrutura-organizacional-da-camara-municipal-de-vereadores-de-itabaiana-e-da-outras-providencias","tags":"estrturua,cargos,fun\u00e7\u00f5es","criado":"2015-04-15 00:00:00","alterado":"2026-02-10 12:36:37"},{"id":1981,"titulo":"lc_n__50.2015_-_estrutura_organizacional_da_cmv","numero":"Lei Complementar n\u00ba 50","categoria_id":1,"aprovada":"2015-04-15 00:00:00","slug":"lc-n-50-2015-estrutura-organizacional-da-cmv","criado":"2015-04-15 00:00:00","alterado":"2015-04-15 00:00:00"},{"id":1980,"titulo":"lc_n__49.2015_-_altera_lc_n__10.2015_-_auxiliar_de_cuidador_social","numero":"049","categoria_id":1,"aprovada":"2015-03-30 00:00:00","slug":"lc-n-49-2015-altera-lc-n-10-2015-auxiliar-de-cuidador-social","criado":"2015-03-30 00:00:00","alterado":"2015-03-30 00:00:00"},{"id":1979,"titulo":"lc_n__48.2015_-_piso_dos_professores","numero":"Lei Complementar n\u00ba 48","categoria_id":1,"aprovada":"2015-02-04 00:00:00","slug":"lc-n-48-2015-piso-dos-professores","criado":"2015-02-04 00:00:00","alterado":"2015-02-04 00:00:00"},{"id":1978,"titulo":"Plano Municipal de Educa\u00e7\u00e3o","numero":"Anexo \u00danico","categoria_id":1,"aprovada":"2015-02-04 00:00:00","slug":"plano-municipal-de-educa-o","criado":"2015-02-04 00:00:00","alterado":"2015-02-04 00:00:00"},{"id":1977,"titulo":"anexo_da_lei_1837_-_cria_aragrest","numero":"Anexo da Lei 1837","categoria_id":1,"aprovada":"2015-02-04 00:00:00","slug":"anexo-da-lei-1837-cria-aragrest","criado":"2015-02-04 00:00:00","alterado":"2015-02-04 00:00:00"}],"ano":null,"busca":null}