{"categorias":[{"id":2,"nome":"Decreto","slug":"decreto","criado":"2021-09-21 15:19:15","alterado":"2026-04-22 13:08:01"},{"id":1,"nome":"Lei","slug":"lei","criado":"2021-09-21 15:19:15","alterado":"2026-04-22 13:08:09"},{"id":10,"nome":"Portaria","slug":"portaria","criado":"2024-05-14 12:10:49","alterado":"2026-04-22 13:07:36"},{"id":7,"nome":"Projeto de Decreto","slug":"projeto-de-decreto","criado":"2023-03-21 08:45:22","alterado":"2024-08-16 11:08:15"},{"id":6,"nome":"Projeto de Lei","slug":"projeto-de-lei","criado":"2023-03-17 14:46:15","alterado":"2024-08-16 11:08:58"},{"id":5,"nome":"Resolu\u00e7\u00e3o","slug":"resolucao","criado":"2021-09-21 15:19:15","alterado":"2026-04-22 13:07:52"}],"categoria":null,"paginacao":{"atual":143,"proxima":144,"anterior":142,"total_registros":4101,"total_paginas":274},"itens":[{"id":1976,"titulo":"ANEXO-LEI DA ARAGREST","categoria_id":1,"aprovada":"2015-06-03 00:00:00","slug":"anexo-lei-da-aragrest","criado":"2015-06-03 00:00:00","alterado":"2015-06-03 00:00:00"},{"id":1975,"titulo":"Lei n\u00ba 1791","numero":"1791\/2014","categoria_id":1,"aprovada":"2014-08-26 00:00:00","slug":"lei-n-1791","criado":"2014-08-26 00:00:00","alterado":"2014-08-26 00:00:00"},{"id":1974,"titulo":"Lei Complementar 47\/2014","numero":"47\/2014","categoria_id":1,"aprovada":"2014-11-10 00:00:00","slug":"lei-complementar-47-2014","criado":"2014-11-10 00:00:00","alterado":"2014-11-10 00:00:00"},{"id":1973,"titulo":"Lei Complementar n\u00ba 45\/2015","numero":"45\/2015","categoria_id":1,"aprovada":"2014-09-19 00:00:00","slug":"lei-complementar-n-45-2015","criado":"2014-09-19 00:00:00","alterado":"2014-09-19 00:00:00"},{"id":1972,"titulo":"Disp\u00f5e sobre nome de Posto de Sa\u00fade de Povoado do nosso Munic\u00edpio e d\u00e1 outras provid\u00eancias. ","numero":"1796\/2014 ","categoria_id":1,"aprovada":"2014-09-25 00:00:00","slug":"disp-e-sobre-nome-de-posto-de-sa-de-de-povoado-do-nosso-munic-pio-e-d-outras-provid-ncias","criado":"2014-09-25 00:00:00","alterado":"2014-09-25 00:00:00"},{"id":1971,"titulo":"Disp\u00f5e sobre a obrigatoriedade das farm\u00e1cias e drogarias do Munic\u00edpio, a disponibilizarem urnas receptoras para recolhimento de medicamentos vencidos ou deteriorados. ","numero":"1795\/2014","categoria_id":1,"aprovada":"2014-09-26 00:00:00","slug":"disp-e-sobre-a-obrigatoriedade-das-farm-cias-e-drogarias-do-munic-pio-a-disponibilizarem-urnas-receptoras-para-recolhimento-de-medicamentos-vencidos-ou-deteriorados","criado":"2014-09-26 00:00:00","alterado":"2014-09-26 00:00:00"},{"id":1970,"titulo":"ERRATA ","numero":"1791\/2014","categoria_id":1,"aprovada":"2014-09-26 00:00:00","slug":"errata","criado":"2014-09-26 00:00:00","alterado":"2014-09-26 00:00:00"},{"id":1969,"titulo":"Disp\u00f5e sobre a regulamenta\u00e7\u00e3o e crit\u00e9rios para a concess\u00e3o de Benef\u00edcios Eventuais de Assist\u00eancia Social em caso de Conting\u00eancias Sociais, de Vulnerabilidade Tempor\u00e1ria e de Calamidade P\u00fablica. \t","numero":"1794\/2014","categoria_id":1,"aprovada":"2014-09-19 00:00:00","slug":"disp-e-sobre-a-regulamenta-o-e-crit-rios-para-a-concess-o-de-benef-cios-eventuais-de-assist-ncia-social-em-caso-de-conting-ncias-sociais-de-vulnerabilidade-tempor-ria-e-de-calamidade-p-blica","criado":"2014-09-19 00:00:00","alterado":"2014-09-19 00:00:00"},{"id":1968,"titulo":"Disp\u00f5e sobre nome de Posto de Sa\u00fade de Povoado do nosso Munic\u00edpio e d\u00e1 outras provid\u00eancias. ","numero":"1793\/2014","categoria_id":1,"aprovada":"2014-09-25 00:00:00","slug":"disp-e-sobre-nome-de-posto-de-sa-de-de-povoado-do-nosso-munic-pio-e-d-outras-provid-ncias","criado":"2014-09-25 00:00:00","alterado":"2014-09-25 00:00:00"},{"id":1967,"titulo":"Autoriza ao Poder Executivo a abrir Cr\u00e9dito Adicional Especial no valor de R$ 195.512,68 para os fins que especifica.","numero":"1792\/2014","categoria_id":1,"aprovada":"2014-08-26 00:00:00","slug":"autoriza-ao-poder-executivo-a-abrir-cr-dito-adicional-especial-no-valor-de-r-195-512-68-para-os-fins-que-especifica","criado":"2014-08-26 00:00:00","alterado":"2014-08-26 00:00:00"},{"id":1966,"titulo":"Disp\u00f5e sobre nome de Pra\u00e7a do nosso Munic\u00edpio e d\u00e1 outras provid\u00eancias.","numero":"1791\/2014 ","categoria_id":1,"aprovada":"2014-08-26 00:00:00","slug":"disp-e-sobre-nome-de-pra-a-do-nosso-munic-pio-e-d-outras-provid-ncias","criado":"2014-08-26 00:00:00","alterado":"2014-08-26 00:00:00"},{"id":1965,"titulo":"Lei n\u00ba 1791\/2014 com ERRATA","numero":"1791\/2014 ","categoria_id":1,"aprovada":"2014-08-26 00:00:00","slug":"lei-n-1791-2014-com-errata","criado":"2014-08-26 00:00:00","alterado":"2014-08-26 00:00:00"},{"id":1964,"titulo":"Disp\u00f5e sobre nome de Rua do nosso Munic\u00edpio e d\u00e1 outras provid\u00eancias.","numero":"1790\/2014","categoria_id":1,"aprovada":"2014-08-19 00:00:00","slug":"disp-e-sobre-nome-de-rua-do-nosso-munic-pio-e-d-outras-provid-ncias","criado":"2014-08-19 00:00:00","alterado":"2014-08-19 00:00:00"},{"id":1963,"titulo":"Disp\u00f5e sobre nome de Rua do nosso Munic\u00edpio e d\u00e1 outras provid\u00eancias.","numero":"1789\/2014","categoria_id":1,"aprovada":"2014-08-19 00:00:00","slug":"disp-e-sobre-nome-de-rua-do-nosso-munic-pio-e-d-outras-provid-ncias","criado":"2014-08-19 00:00:00","alterado":"2014-08-19 00:00:00"},{"id":1962,"titulo":"Disp\u00f5e sobre a cria\u00e7\u00e3o, no \u00e2mbito da C\u00e2mara Municipal de Itabaiana, da cria\u00e7\u00e3o da Frente Parlamentar em defesa dos consumidores e d\u00e1 outras provid\u00eancias.","numero":"1787\/2014","categoria_id":1,"aprovada":"2014-06-26 00:00:00","slug":"disp-e-sobre-a-cria-o-no-mbito-da-c-mara-municipal-de-itabaiana-da-cria-o-da-frente-parlamentar-em-defesa-dos-consumidores-e-d-outras-provid-ncias","criado":"2014-06-26 00:00:00","alterado":"2014-06-26 00:00:00"}],"ano":null,"busca":null}