{"categorias":[{"id":2,"nome":"Decreto","slug":"decreto","criado":"2021-09-21 15:19:15","alterado":"2026-04-22 13:08:01"},{"id":1,"nome":"Lei","slug":"lei","criado":"2021-09-21 15:19:15","alterado":"2026-04-22 13:08:09"},{"id":10,"nome":"Portaria","slug":"portaria","criado":"2024-05-14 12:10:49","alterado":"2026-04-22 13:07:36"},{"id":7,"nome":"Projeto de Decreto","slug":"projeto-de-decreto","criado":"2023-03-21 08:45:22","alterado":"2024-08-16 11:08:15"},{"id":6,"nome":"Projeto de Lei","slug":"projeto-de-lei","criado":"2023-03-17 14:46:15","alterado":"2024-08-16 11:08:58"},{"id":5,"nome":"Resolu\u00e7\u00e3o","slug":"resolucao","criado":"2021-09-21 15:19:15","alterado":"2026-04-22 13:07:52"}],"categoria":null,"paginacao":{"atual":147,"proxima":148,"anterior":146,"total_registros":4101,"total_paginas":274},"itens":[{"id":1916,"titulo":"\u201cDisp\u00f5e sobre nome de Rua do nosso Munic\u00edpio e da outras provid\u00eancias. ","categoria_id":1,"aprovada":"2013-03-07 00:00:00","slug":"disp-e-sobre-nome-de-rua-do-nosso-munic-pio-e-da-outras-provid-ncias","criado":"2013-03-07 00:00:00","alterado":"2013-03-07 00:00:00"},{"id":1915,"titulo":"Disp\u00f5e sobre o reajuste dos vencimentos dos Servidores Municipais do Magist\u00e9rio e d\u00e1 outras provid\u00eancias.","categoria_id":1,"aprovada":"2013-03-07 00:00:00","slug":"disp-e-sobre-o-reajuste-dos-vencimentos-dos-servidores-municipais-do-magist-rio-e-d-outras-provid-ncias","criado":"2013-03-07 00:00:00","alterado":"2013-03-07 00:00:00"},{"id":1914,"titulo":"Disp\u00f5e sobre o reajuste dos vencimentos dos Servidores Municipais do Magist\u00e9rio e d\u00e1 outras provid\u00eancias.","categoria_id":1,"aprovada":"2013-03-07 00:00:00","slug":"disp-e-sobre-o-reajuste-dos-vencimentos-dos-servidores-municipais-do-magist-rio-e-d-outras-provid-ncias","criado":"2013-03-07 00:00:00","alterado":"2013-03-07 00:00:00"},{"id":1913,"titulo":"\u201cEstima a Receita e fixa a Despesa do Munic\u00edpio de ITABAIANA, Estado de Sergipe, para o exerc\u00edcio financeiro de 2014 e d\u00e1 provid\u00eancias correlatas.\u201d","numero":"1740","categoria_id":1,"aprovada":"2013-12-26 00:00:00","slug":"estima-a-receita-e-fixa-a-despesa-do-munic-pio-de-itabaiana-estado-de-sergipe-para-o-exerc-cio-financeiro-de-2014-e-d-provid-ncias-correlatas","criado":"2013-12-26 00:00:00","alterado":"2013-12-26 00:00:00"},{"id":1912,"titulo":"Disp\u00f5e sobre nome de Travessa  do nosso munic\u00edpio e d\u00e1 outras provid\u00eancias","numero":"1738","categoria_id":1,"aprovada":"1984-01-30 00:00:00","slug":"disp-e-sobre-nome-de-travessa-do-nosso-munic-pio-e-d-outras-provid-ncias","criado":"1984-01-30 00:00:00","alterado":"1984-01-30 00:00:00"},{"id":1911,"titulo":"Disp\u00f5e sobre nome de Travessa de nosso munic\u00edpio e d\u00e1 outras provid\u00eancias.","categoria_id":1,"aprovada":"2013-12-20 00:00:00","slug":"disp-e-sobre-nome-de-travessa-de-nosso-munic-pio-e-d-outras-provid-ncias","criado":"2013-12-20 00:00:00","alterado":"2013-12-20 00:00:00"},{"id":1910,"titulo":"Disp\u00f5e sobre nome de Travessa de nosso munic\u00edpio e d\u00e1 outras provid\u00eancias.","categoria_id":1,"aprovada":"2013-12-20 00:00:00","slug":"disp-e-sobre-nome-de-travessa-de-nosso-munic-pio-e-d-outras-provid-ncias","criado":"2013-12-20 00:00:00","alterado":"2013-12-20 00:00:00"},{"id":1909,"titulo":"Disp\u00f5e sobre o reajuste dos vencimentos dos Servidores Municipais do Magist\u00e9rio e d\u00e1 outras provid\u00eancias.","categoria_id":1,"aprovada":"2013-12-20 00:00:00","slug":"disp-e-sobre-o-reajuste-dos-vencimentos-dos-servidores-municipais-do-magist-rio-e-d-outras-provid-ncias","descricao":"\u003Cdiv class=\u0022WordSection1\u0022\u003E\r\n\u003Cp class=\u0022MsoNormal\u0022 align=\u0022center\u0022\u003E\u003Cstrong\u003E\u003Cspan\u003ELEI COMPLEMENTAR N\u0026ordm;. 30\/2013\u003C\/span\u003E\u003C\/strong\u003E\u003C\/p\u003E\r\n\u003Cp class=\u0022MsoNormal\u0022 align=\u0022center\u0022\u003E\u003Cspan\u003EDe 07 de mar\u0026ccedil;o de 2013\u003C\/span\u003E\u003C\/p\u003E\r\n\u003Cp class=\u0022MsoNormal\u0022\u003E\u003Cstrong\u003E\u003Cspan\u003E\u0026nbsp;\u003C\/span\u003E\u003C\/strong\u003E\u003C\/p\u003E\r\n\u003Cp class=\u0022MsoNormal\u0022\u003E\u003Cstrong\u003E\u003Cspan\u003EDisp\u0026otilde;e sobre o reajuste dos vencimentos dos Servidores Municipais do Magist\u0026eacute;rio e d\u0026aacute; outras provid\u0026ecirc;ncias.\u003C\/span\u003E\u003C\/strong\u003E\u003C\/p\u003E\r\n\u003Cp class=\u0022MsoNormal\u0022\u003E\u003Cstrong\u003E\u003Cspan\u003E\u0026nbsp;\u003C\/span\u003E\u003C\/strong\u003E\u003C\/p\u003E\r\n\u003Cp class=\u0022MsoNormal\u0022\u003E\u003Cstrong\u003E\u003Cspan\u003EO PREFEITO MUNICIPAL DE ITABAIANA, ESTADO DE SERGIPE;\u003C\/span\u003E\u003C\/strong\u003E\u003C\/p\u003E\r\n\u003Cp class=\u0022MsoNormal\u0022\u003E\u003Cstrong\u003E\u003Cspan\u003E\u0026nbsp;\u003C\/span\u003E\u003C\/strong\u003E\u003C\/p\u003E\r\n\u003Cp class=\u0022MsoNormal\u0022\u003E\u003Cspan\u003EFa\u0026ccedil;o saber que a C\u0026acirc;mara Municipal de Itabaiana aprovou e eu, sanciono e promulgo a seguinte Lei:\u003C\/span\u003E\u003C\/p\u003E\r\n\u003Cp class=\u0022MsoNormal\u0022\u003E\u003Cspan\u003E\u0026nbsp;\u003C\/span\u003E\u003C\/p\u003E\r\n\u003Cp class=\u0022MsoNormal\u0022\u003E\u003Cstrong\u003E\u003Cspan\u003EArt. 1\u0026ordm;\u003C\/span\u003E\u003C\/strong\u003E\u003Cspan\u003E - Ficam reajustados em 7,994487% (sete ponto noventa e nove nove quatro quatro oito sete por cento) o piso salarial dos Servidores Municipais do Magist\u0026eacute;rio.\u003C\/span\u003E\u003C\/p\u003E\r\n\u003Cp class=\u0022MsoNormal\u0022\u003E\u003Cstrong\u003E\u003Cspan\u003E\u0026sect;1\u0026ordm;\u003C\/span\u003E\u003C\/strong\u003E\u003Cspan\u003E - A tabela salarial dos Servidores Municipais do Magist\u0026eacute;rio passar\u0026aacute; a vigorar com os valores descritos na tabela em anexo nesta Lei.\u003C\/span\u003E\u003C\/p\u003E\r\n\u003Cp class=\u0022MsoNormal\u0022\u003E\u003Cstrong\u003E\u003Cspan\u003E\u0026sect;2\u0026ordm; \u003C\/span\u003E\u003C\/strong\u003E\u003Cspan\u003E-\u003Cstrong\u003E \u003C\/strong\u003EO valor retroativo dos vencimentos ora atualizados ser\u0026atilde;o devidamente pagos em 01 (uma) parcela, no m\u0026ecirc;s de mar\u0026ccedil;o de 2013.\u003C\/span\u003E\u003C\/p\u003E\r\n\u003Cp class=\u0022MsoNormal\u0022\u003E\u003Cstrong\u003E\u003Cspan\u003EArt. 2\u0026ordm;\u003C\/span\u003E\u003C\/strong\u003E\u003Cspan\u003E - As despesas decorrentes da execu\u0026ccedil;\u0026atilde;o desta Lei correr\u0026atilde;o por conta das dota\u0026ccedil;\u0026otilde;es or\u0026ccedil;ament\u0026aacute;rias do Poder Executivo, suplementadas se necess\u0026aacute;rio.\u003C\/span\u003E\u003C\/p\u003E\r\n\u003Cp class=\u0022MsoNormal\u0022\u003E\u003Cstrong\u003E\u003Cspan\u003EArt. 3\u0026ordm;\u003C\/span\u003E\u003C\/strong\u003E\u003Cspan\u003E - Esta Lei entra em vigor na data de sua publica\u0026ccedil;\u0026atilde;o, retroagindo seus efeitos a fevereiro de 2013.\u003C\/span\u003E\u003C\/p\u003E\r\n\u003Cp class=\u0022MsoNormal\u0022\u003E\u003Cstrong\u003E\u003Cspan\u003EArt. 4\u0026deg;\u003C\/span\u003E\u003C\/strong\u003E\u003Cspan\u003E - Revogam-se as disposi\u0026ccedil;\u0026otilde;es em contr\u0026aacute;rio.\u003C\/span\u003E\u003C\/p\u003E\r\n\u003Cp class=\u0022MsoNormal\u0022 align=\u0022center\u0022\u003E\u003Cspan\u003E\u0026nbsp;\u003C\/span\u003E\u003C\/p\u003E\r\n\u003Cp class=\u0022MsoNormal\u0022 align=\u0022center\u0022\u003E\u003Cspan\u003EGabinete do Prefeito de Itabaiana\/SE, 25 de fevereiro de 2013.\u003C\/span\u003E\u003C\/p\u003E\r\n\u003Cp class=\u0022MsoNormal\u0022\u003E\u003Cstrong\u003E\u003Cspan\u003E\u0026nbsp;\u003C\/span\u003E\u003C\/strong\u003E\u003C\/p\u003E\r\n\u003Cp class=\u0022MsoNormal\u0022 align=\u0022center\u0022\u003E\u003Cstrong\u003E\u003Cspan\u003E\u0026nbsp;\u003C\/span\u003E\u003C\/strong\u003E\u003C\/p\u003E\r\n\u003Cp class=\u0022MsoNormal\u0022 align=\u0022center\u0022\u003E\u003Cstrong\u003E\u003Cspan\u003EVALMIR DOS SANTOS COSTA\u003C\/span\u003E\u003C\/strong\u003E\u003C\/p\u003E\r\n\u003Cp class=\u0022MsoNormal\u0022 align=\u0022center\u0022\u003E\u003Cspan\u003EPrefeito\u003C\/span\u003E\u003C\/p\u003E\r\n\u003Cp class=\u0022MsoNormal\u0022 align=\u0022center\u0022\u003E\u003Cspan\u003E\u0026nbsp;\u003C\/span\u003E\u003C\/p\u003E\r\n\u003Cp class=\u0022MsoNormal\u0022 align=\u0022center\u0022\u003E\u003Cstrong\u003E\u003Cspan\u003EVALDIRENE ROCHA NASCIMENTO \u003C\/span\u003E\u003C\/strong\u003E\u003C\/p\u003E\r\n\u003Cp class=\u0022MsoNormal\u0022 align=\u0022center\u0022\u003E\u003Cspan\u003ESecret\u0026aacute;ria Municipal da Fazenda\u003C\/span\u003E\u003C\/p\u003E\r\n\u003Cp class=\u0022MsoNormal\u0022 align=\u0022center\u0022\u003E\u003Cstrong\u003E\u003Cspan\u003E\u0026nbsp;\u003C\/span\u003E\u003C\/strong\u003E\u003C\/p\u003E\r\n\u003Cp class=\u0022MsoNormal\u0022 align=\u0022center\u0022\u003E\u003Cstrong\u003E\u003Cspan\u003ELUCAS CARDINALI PACHECO\u003C\/span\u003E\u003C\/strong\u003E\u003C\/p\u003E\r\n\u003Cp class=\u0022MsoNormal\u0022 align=\u0022center\u0022\u003E\u003Cspan\u003EAdvogado Geral\u003C\/span\u003E\u003C\/p\u003E\r\n\u003C\/div\u003E\r\n\u003Cp\u003E\u003Cspan\u003E\u003Cbr \/\u003E \u003C\/span\u003E\u003C\/p\u003E\r\n\u003Cp class=\u0022MsoNormal\u0022 align=\u0022center\u0022\u003E\u003Cstrong\u003E\u003Cspan\u003EANEXO 01\u003C\/span\u003E\u003C\/strong\u003E\u003C\/p\u003E\r\n\u003Cp class=\u0022MsoNormal\u0022 align=\u0022center\u0022\u003E\u003Cstrong\u003E\u003Cspan\u003E\u003C!--[if gte vml 1]\u003E\u003Cv:shapetype  id=\u0022_x0000_t75\u0022 coordsize=\u002221600,21600\u0022 o:spt=\u002275\u0022 o:preferrelative=\u0022t\u0022  path=\u0022m@4@5l@4@11@9@11@9@5xe\u0022 filled=\u0022f\u0022 stroked=\u0022f\u0022\u003E \u003Cv:stroke joinstyle=\u0022miter\u0022 \/\u003E \u003Cv:formulas\u003E \u003Cv:f eqn=\u0022if lineDrawn pixelLineWidth 0\u0022 \/\u003E \u003Cv:f eqn=\u0022sum @0 1 0\u0022 \/\u003E \u003Cv:f eqn=\u0022sum 0 0 @1\u0022 \/\u003E \u003Cv:f eqn=\u0022prod @2 1 2\u0022 \/\u003E \u003Cv:f eqn=\u0022prod @3 21600 pixelWidth\u0022 \/\u003E \u003Cv:f eqn=\u0022prod @3 21600 pixelHeight\u0022 \/\u003E \u003Cv:f eqn=\u0022sum @0 0 1\u0022 \/\u003E \u003Cv:f eqn=\u0022prod @6 1 2\u0022 \/\u003E \u003Cv:f eqn=\u0022prod @7 21600 pixelWidth\u0022 \/\u003E \u003Cv:f eqn=\u0022sum @8 21600 0\u0022 \/\u003E \u003Cv:f eqn=\u0022prod @7 21600 pixelHeight\u0022 \/\u003E \u003Cv:f eqn=\u0022sum @10 21600 0\u0022 \/\u003E \u003C\/v:formulas\u003E \u003Cv:path o:extrusionok=\u0022f\u0022 gradientshapeok=\u0022t\u0022 o:connecttype=\u0022rect\u0022 \/\u003E \u003Co:lock v:ext=\u0022edit\u0022 aspectratio=\u0022t\u0022 \/\u003E \u003C\/v:shapetype\u003E\u003Cv:shape id=\u0022_x0000_i1025\u0022 type=\u0022#_x0000_t75\u0022 style=\u0027width:743.25pt;  height:354pt\u0027\u003E \u003Cv:imagedata src=\u0022file:\/\/\/C:\\Users\\CEJL\\AppData\\Local\\Temp\\msohtmlclip1\\01\\clip_image001.png\u0022   o:title=\u0022imagem\u0022 \/\u003E \u003C\/v:shape\u003E\u003C![endif]--\u003E\u003C!--[if !vml]--\u003E\u003Cimg src=\u0022file:\/\/\/C:\/Users\/CEJL\/AppData\/Local\/Temp\/msohtmlclip1\/01\/clip_image002.jpg\u0022 alt=\u0022\u0022 width=\u0022991\u0022 height=\u0022472\u0022 \/\u003E\u003C!--[endif]--\u003E\u003C\/span\u003E\u003C\/strong\u003E\u003C\/p\u003E\r\n\u003Cp class=\u0022MsoNormal\u0022\u003E\u003Cspan\u003E\u0026nbsp;\u003C\/span\u003E\u003C\/p\u003E\r\n\u003Cp\u003E\u0026nbsp;\u003C\/p\u003E\r\n\u003Cp class=\u0022MsoNormal\u0022 align=\u0022center\u0022\u003E\u003Cspan\u003E\u0026nbsp;\u003C\/span\u003E\u003C\/p\u003E","criado":"2013-12-20 00:00:00","alterado":"2013-12-20 00:00:00"},{"id":1908,"titulo":"Reconhece de Utilidade P\u00fablica Municipal a Associa\u00e7\u00e3o dos Pequenos Produtores Rurais da Fazenda Grande.","numero":"1739","categoria_id":1,"aprovada":"2013-12-20 00:00:00","slug":"reconhece-de-utilidade-p-blica-municipal-a-associa-o-dos-pequenos-produtores-rurais-da-fazenda-grande","descricao":"\u003Cp class=\u0022MsoNormal\u0022\u003E\u003Cstrong\u003E\u003Cspan\u003EO PRESIDENTE DE C\u0026Acirc;MARA MUNICIPAL DE ITABAIANA, ESTADO DE SERGIPE.\u003C\/span\u003E\u003C\/strong\u003E\u003C\/p\u003E\r\n\u003Cp class=\u0022MsoNormal\u0022\u003E\u003Cspan\u003EFa\u0026ccedil;o saber que a C\u0026acirc;mara Municipal aprovou e o prefeito sanciona a seguinte lei:\u003C\/span\u003E\u003C\/p\u003E\r\n\u003Cp class=\u0022MsoNormal\u0022\u003E\u003Cspan\u003E\u0026nbsp;\u003C\/span\u003E\u003C\/p\u003E\r\n\u003Cp class=\u0022MsoNormal\u0022\u003E\u003Cstrong\u003E\u003Cspan\u003EArt. 1\u0026deg;\u003C\/span\u003E\u003C\/strong\u003E\u003Cspan\u003E \u0026ndash; Fica reconhecida de Utilidade P\u0026uacute;blica Municipal a Associa\u0026ccedil;\u0026atilde;o dos Pequenos Produtores Rurais da Fazenda Grande, fundada em 21.02.1995.\u003C\/span\u003E\u003C\/p\u003E\r\n\u003Cp class=\u0022MsoNormal\u0022\u003E\u003Cstrong\u003E\u003Cspan\u003EArt. 2\u0026deg;\u003C\/span\u003E\u003C\/strong\u003E\u003Cspan\u003E \u0026ndash; Esta Lei entrar\u0026aacute; em vigor na data de sua publica\u0026ccedil;\u0026atilde;o.\u003C\/span\u003E\u003C\/p\u003E\r\n\u003Cp class=\u0022MsoNormal\u0022\u003E\u003Cstrong\u003E\u003Cspan\u003EArt. 3\u0026deg; \u003C\/span\u003E\u003C\/strong\u003E\u003Cspan\u003E\u0026ndash; Ficam Revogadas as disposi\u0026ccedil;\u0026otilde;es em contr\u0026aacute;rio.\u003C\/span\u003E\u003C\/p\u003E\r\n\u003Cp class=\u0022MsoNormal\u0022\u003E\u003Cspan\u003E\u0026nbsp;\u003C\/span\u003E\u003C\/p\u003E\r\n\u003Cp class=\u0022MsoNormal\u0022\u003E\u003Cspan\u003EGabinete da Presid\u0026ecirc;ncia da C\u0026acirc;mara Municipal de Itabaiana\/SE, 20 de dezembro de 2013.\u003C\/span\u003E\u003C\/p\u003E\r\n\u003Cp class=\u0022MsoNormal\u0022 align=\u0022center\u0022\u003E\u003Cspan\u003E\u0026nbsp;\u003C\/span\u003E\u003C\/p\u003E\r\n\u003Cp class=\u0022MsoNormal\u0022 align=\u0022center\u0022\u003E\u003Cspan\u003E\u0026nbsp;\u003C\/span\u003E\u003C\/p\u003E\r\n\u003Cp class=\u0022MsoNormal\u0022 align=\u0022center\u0022\u003E\u003Cspan\u003E\u0026nbsp;\u003C\/span\u003E\u003C\/p\u003E\r\n\u003Cp class=\u0022MsoNormal\u0022 align=\u0022center\u0022\u003E\u003Cstrong\u003E\u003Cspan\u003EVALMIR DOS SANTOS COSTA\u003C\/span\u003E\u003C\/strong\u003E\u003C\/p\u003E\r\n\u003Cp class=\u0022MsoNormal\u0022 align=\u0022center\u0022\u003E\u003Cspan\u003EPrefeito\u003C\/span\u003E\u003C\/p\u003E\r\n\u003Cp class=\u0022MsoNormal\u0022 align=\u0022center\u0022\u003E\u003Cspan\u003E\u0026nbsp;\u003C\/span\u003E\u003C\/p\u003E\r\n\u003Cp class=\u0022MsoNormal\u0022 align=\u0022center\u0022\u003E\u003Cspan\u003E\u0026nbsp;\u003C\/span\u003E\u003C\/p\u003E\r\n\u003Cp class=\u0022MsoNormal\u0022 align=\u0022center\u0022\u003E\u003Cstrong\u003E\u003Cspan\u003ELUCAS CARDINALI PACHECO\u003C\/span\u003E\u003C\/strong\u003E\u003C\/p\u003E\r\n\u003Cp\u003E\u0026nbsp;\u003C\/p\u003E\r\n\u003Cp class=\u0022MsoNormal\u0022 align=\u0022center\u0022\u003E\u003Cspan\u003EProcurador Geral do Munic\u0026iacute;pio\u003C\/span\u003E\u003C\/p\u003E","criado":"2013-12-20 00:00:00","alterado":"2013-12-20 00:00:00"},{"id":1907,"titulo":"Disp\u00f5e sobre nome de Rua do nosso Munic\u00edpio e d\u00e1 outras provid\u00eancias.","numero":"1737","categoria_id":1,"aprovada":"2013-12-20 00:00:00","slug":"disp-e-sobre-nome-de-rua-do-nosso-munic-pio-e-d-outras-provid-ncias","descricao":"\u003Cp class=\u0022\\\u0026quot;\\\\\u0026quot;MsoNormal\\\\\u0026quot;\\\u0026quot;\u0022\u003E\u003Cstrong\u003E\u003Cspan\u003EO PRESIDENTE DE C\u0026Acirc;MARA MUNICIPAL DE ITABAIANA, ESTADO DE SERGIPE.\u003C\/span\u003E\u003C\/strong\u003E\u003C\/p\u003E\r\n\u003Cp class=\u0022\\\u0026quot;\\\\\u0026quot;MsoNormal\\\\\u0026quot;\\\u0026quot;\u0022\u003E\u003Cspan\u003EFa\u0026ccedil;o saber que a C\u0026acirc;mara Municipal aprovou e o prefeito sanciona a seguinte lei:\u003C\/span\u003E\u003C\/p\u003E\r\n\u003Cp class=\u0022\\\u0026quot;\\\\\u0026quot;MsoNormal\\\\\u0026quot;\\\u0026quot;\u0022\u003E\u003Cspan\u003E\u0026nbsp;\u003C\/span\u003E\u003C\/p\u003E\r\n\u003Cp class=\u0022\\\u0026quot;\\\\\u0026quot;MsoNormal\\\\\u0026quot;\\\u0026quot;\u0022\u003E\u003Cstrong\u003E\u003Cspan\u003EArt. 1\u0026deg;\u003C\/span\u003E\u003C\/strong\u003E\u003Cspan\u003E \u0026ndash; A rua projetada K, localizada no Loteamento Para\u0026iacute;so da Serra no Bairro Oviedo Teixeira, entre as quadras K e O, iniciando na Rua Josefa Santana Monteiro e finalizando nas proximidades da Pra\u0026ccedil;a Manoel Sobral, passar\u0026aacute; a denominar-se de \u003Cstrong\u003ERua Jos\u0026eacute; Ant\u0026ocirc;nio de Santana\u003C\/strong\u003E, conhecido por Zeca Cajueiro.\u003C\/span\u003E\u003C\/p\u003E\r\n\u003Cp class=\u0022\\\u0026quot;\\\\\u0026quot;MsoNormal\\\\\u0026quot;\\\u0026quot;\u0022\u003E\u003Cstrong\u003E\u003Cspan\u003EArt. 2\u0026deg;\u003C\/span\u003E\u003C\/strong\u003E\u003Cspan\u003E \u0026ndash; Esta Lei entrar\u0026aacute; em vigor na data de sua publica\u0026ccedil;\u0026atilde;o.\u003C\/span\u003E\u003C\/p\u003E\r\n\u003Cp class=\u0022\\\u0026quot;\\\\\u0026quot;MsoNormal\\\\\u0026quot;\\\u0026quot;\u0022\u003E\u003Cstrong\u003E\u003Cspan\u003EArt. 3\u0026deg; \u003C\/span\u003E\u003C\/strong\u003E\u003Cspan\u003E\u0026ndash; Ficam Revogadas as disposi\u0026ccedil;\u0026otilde;es em contr\u0026aacute;rio.\u003C\/span\u003E\u003C\/p\u003E\r\n\u003Cp class=\u0022\\\u0026quot;\\\\\u0026quot;MsoNormal\\\\\u0026quot;\\\u0026quot;\u0022\u003E\u003Cspan\u003E\u0026nbsp;\u003C\/span\u003E\u003C\/p\u003E\r\n\u003Cp class=\u0022\\\u0026quot;\\\\\u0026quot;MsoNormal\\\\\u0026quot;\\\u0026quot;\u0022\u003E\u003Cspan\u003EGabinete da Presid\u0026ecirc;ncia da C\u0026acirc;mara Municipal de Itabaiana\/SE, 20 de dezembro de 2013.\u003C\/span\u003E\u003C\/p\u003E\r\n\u003Cp class=\u0022\\\u0026quot;\\\\\u0026quot;MsoNormal\\\\\u0026quot;\\\u0026quot;\u0022 align=\u0022\\\u0026quot;\\\\\u0026quot;center\\\\\u0026quot;\\\u0026quot;\u0022\u003E\u003Cspan\u003E\u0026nbsp;\u003C\/span\u003E\u003C\/p\u003E\r\n\u003Cp class=\u0022\\\u0026quot;\\\\\u0026quot;MsoNormal\\\\\u0026quot;\\\u0026quot;\u0022 align=\u0022\\\u0026quot;\\\\\u0026quot;center\\\\\u0026quot;\\\u0026quot;\u0022\u003E\u003Cspan\u003E\u0026nbsp;\u003C\/span\u003E\u003C\/p\u003E\r\n\u003Cp class=\u0022\\\u0026quot;\\\\\u0026quot;MsoNormal\\\\\u0026quot;\\\u0026quot;\u0022 align=\u0022\\\u0026quot;\\\\\u0026quot;center\\\\\u0026quot;\\\u0026quot;\u0022\u003E\u003Cspan\u003E\u0026nbsp;\u003C\/span\u003E\u003C\/p\u003E\r\n\u003Cp class=\u0022\\\u0026quot;\\\\\u0026quot;MsoNormal\\\\\u0026quot;\\\u0026quot;\u0022 align=\u0022\\\u0026quot;\\\\\u0026quot;center\\\\\u0026quot;\\\u0026quot;\u0022\u003E\u003Cstrong\u003E\u003Cspan\u003EVALMIR DOS SANTOS COSTA\u003C\/span\u003E\u003C\/strong\u003E\u003C\/p\u003E\r\n\u003Cp class=\u0022\\\u0026quot;\\\\\u0026quot;MsoNormal\\\\\u0026quot;\\\u0026quot;\u0022 align=\u0022\\\u0026quot;\\\\\u0026quot;center\\\\\u0026quot;\\\u0026quot;\u0022\u003E\u003Cspan\u003EPrefeito\u003C\/span\u003E\u003C\/p\u003E\r\n\u003Cp class=\u0022\\\u0026quot;\\\\\u0026quot;MsoNormal\\\\\u0026quot;\\\u0026quot;\u0022 align=\u0022\\\u0026quot;\\\\\u0026quot;center\\\\\u0026quot;\\\u0026quot;\u0022\u003E\u003Cspan\u003E\u0026nbsp;\u003C\/span\u003E\u003C\/p\u003E\r\n\u003Cp class=\u0022\\\u0026quot;\\\\\u0026quot;MsoNormal\\\\\u0026quot;\\\u0026quot;\u0022 align=\u0022\\\u0026quot;\\\\\u0026quot;center\\\\\u0026quot;\\\u0026quot;\u0022\u003E\u003Cspan\u003E\u0026nbsp;\u003C\/span\u003E\u003C\/p\u003E\r\n\u003Cp class=\u0022\\\u0026quot;\\\\\u0026quot;MsoNormal\\\\\u0026quot;\\\u0026quot;\u0022 align=\u0022\\\u0026quot;\\\\\u0026quot;center\\\\\u0026quot;\\\u0026quot;\u0022\u003E\u003Cstrong\u003E\u003Cspan\u003ELUCAS CARDINALI PACHECO\u003C\/span\u003E\u003C\/strong\u003E\u003C\/p\u003E\r\n\u003Cp\u003E\u0026nbsp;\u003C\/p\u003E\r\n\u003Cp class=\u0022\\\u0026quot;\\\\\u0026quot;MsoNormal\\\\\u0026quot;\\\u0026quot;\u0022 align=\u0022\\\u0026quot;\\\\\u0026quot;center\\\\\u0026quot;\\\u0026quot;\u0022\u003E\u003Cspan\u003EProcurador Geral do Munic\u0026iacute;pio\u003C\/span\u003E\u003C\/p\u003E","criado":"2013-12-20 00:00:00","alterado":"2013-12-20 00:00:00"},{"id":1906,"titulo":"Autoriza o Poder Executivo a adquirir por compra de im\u00f3veis de terceiros para amplia\u00e7\u00e3o de vias e logradouro p\u00fablico e d\u00e1 provid\u00eancias correlatas.","numero":"1736","categoria_id":1,"aprovada":"2013-12-17 00:00:00","slug":"autoriza-o-poder-executivo-a-adquirir-por-compra-de-im-veis-de-terceiros-para-amplia-o-de-vias-e-logradouro-p-blico-e-d-provid-ncias-correlatas","descricao":"\u003Cp\u003E\u003Cspan\u003EO Prefeito do Munic\u0026iacute;pio de Itabaiana\/SE, no uso de suas atribui\u0026ccedil;\u0026otilde;es, fa\u0026ccedil;o saber que a C\u0026acirc;mara Municipal aprovou e eu sanciono a seguinte LEI:\u003C\/span\u003E\u003C\/p\u003E\r\n\u003Cp\u003E\u003Cspan\u003E\u0026nbsp;\u003C\/span\u003E\u003C\/p\u003E\r\n\u003Cp\u003E\u003Cspan\u003E\u0026nbsp;\u0026nbsp;\u0026nbsp;\u0026nbsp;\u0026nbsp;\u0026nbsp;\u0026nbsp;\u0026nbsp;\u0026nbsp;\u0026nbsp;\u0026nbsp; Art. 1 - Homologa o decreto municipal 145 de 16 de dezembro de 2013 e autoriza o Poder Executivo a desapropriar uma \u0026aacute;rea terrena para \u003Cstrong\u003E01 (um) terreno urbano situado na Rua Esperidi\u0026atilde;o Noronha, 1383, Bairro Mamede Paes Mendon\u0026ccedil;a, Itabaiana, Sergipe\u003C\/strong\u003E, conforme levantamento cadastral anexo, com \u0026aacute;rea total a ser desapropriada de 207,19 \u003C\/span\u003E\u003Cspan class=\u0022showres1\u0022\u003E\u003Cspan\u003Em\u0026sup2;, e indenizar a possuidora do bem, \u0026agrave; Sra. Maria L\u0026uacute;cia Correria, CPF n\u0026ordm; 695.429.965-00\u003C\/span\u003E\u003C\/span\u003E\u003Cspan\u003E.\u003C\/span\u003E\u003C\/p\u003E\r\n\u003Cp\u003E\u003Cspan\u003E\u0026nbsp;\u003C\/span\u003E\u003C\/p\u003E\r\n\u003Cp\u003E\u003Cspan\u003E\u0026nbsp;\u0026nbsp;\u0026nbsp;\u0026nbsp;\u0026nbsp;\u0026nbsp;\u0026nbsp;\u0026nbsp;\u0026nbsp;\u0026nbsp;\u0026nbsp; Art. 2 - O Poder Executivo pagar\u0026aacute; pelo im\u0026oacute;vel a quantia de R$ 80.000,00 (oitenta mil reais), conforme Laudo de Avalia\u0026ccedil;\u0026atilde;o expedido pela Comiss\u0026atilde;o de Avalia\u0026ccedil;\u0026atilde;o, o qual segue em anexo.\u003C\/span\u003E\u003C\/p\u003E\r\n\u003Cp\u003E\u003Cspan\u003E\u0026nbsp;\u003C\/span\u003E\u003C\/p\u003E\r\n\u003Cp\u003E\u003Cspan\u003E\u0026nbsp;\u0026nbsp;\u0026nbsp;\u0026nbsp;\u0026nbsp;\u0026nbsp;\u0026nbsp;\u0026nbsp;\u0026nbsp;\u0026nbsp;\u0026nbsp; Art. 3 - As despesas com a execu\u0026ccedil;\u0026atilde;o do presente correr\u0026atilde;o por conta da dota\u0026ccedil;\u0026atilde;o or\u0026ccedil;ament\u0026aacute;ria pr\u0026oacute;pria para aquisi\u0026ccedil;\u0026atilde;o de im\u0026oacute;veis e obras p\u0026uacute;blicas.\u003C\/span\u003E\u003C\/p\u003E\r\n\u003Cp\u003E\u003Cspan\u003E\u0026nbsp;\u003C\/span\u003E\u003C\/p\u003E\r\n\u003Cp\u003E\u003Cspan\u003E\u0026nbsp;\u0026nbsp;\u0026nbsp;\u0026nbsp;\u0026nbsp;\u0026nbsp;\u0026nbsp;\u0026nbsp;\u0026nbsp;\u0026nbsp;\u0026nbsp; Art. 4 - Esta Lei entrar\u0026aacute; em vigor na data de sua publica\u0026ccedil;\u0026atilde;o.\u003C\/span\u003E\u003C\/p\u003E\r\n\u003Cp\u003E\u003Cspan\u003E\u0026nbsp;\u003C\/span\u003E\u003C\/p\u003E\r\n\u003Cp\u003E\u003Cspan\u003E\u0026nbsp;\u0026nbsp;\u0026nbsp;\u0026nbsp;\u0026nbsp;\u0026nbsp;\u0026nbsp;\u0026nbsp;\u0026nbsp;\u0026nbsp;\u0026nbsp; Art. 5 - Revogam-se as disposi\u0026ccedil;\u0026otilde;es em contr\u0026aacute;rio.\u003C\/span\u003E\u003C\/p\u003E\r\n\u003Cp\u003E\u003Cspan\u003E\u0026nbsp;\u003C\/span\u003E\u003C\/p\u003E\r\n\u003Cp\u003E\u003Cspan\u003E\u0026nbsp;\u0026nbsp;\u0026nbsp;\u0026nbsp;\u0026nbsp;\u0026nbsp;\u0026nbsp;\u0026nbsp;\u0026nbsp;\u0026nbsp;\u0026nbsp;\u0026nbsp;\u0026nbsp;\u0026nbsp;\u0026nbsp;\u0026nbsp;\u0026nbsp;\u0026nbsp;\u0026nbsp;\u0026nbsp;\u0026nbsp;\u0026nbsp;\u0026nbsp;\u0026nbsp;\u0026nbsp;\u0026nbsp;\u0026nbsp;\u0026nbsp;\u0026nbsp;\u0026nbsp;\u0026nbsp;\u0026nbsp;\u0026nbsp;\u0026nbsp; Gabinete do Prefeito de Itabaiana\/Se.\u003C\/span\u003E\u003C\/p\u003E\r\n\u003Cp\u003E\u003Cspan\u003E\u0026nbsp;\u003C\/span\u003E\u003C\/p\u003E\r\n\u003Cp align=\u0022center\u0022\u003E\u003Cstrong\u003E\u003Cspan\u003E\u0026nbsp;\u003C\/span\u003E\u003C\/strong\u003E\u003C\/p\u003E\r\n\u003Cp align=\u0022center\u0022\u003E\u003Cstrong\u003E\u003Cspan\u003EVALMIR DOS SANTOS COSTA\u003C\/span\u003E\u003C\/strong\u003E\u003C\/p\u003E\r\n\u003Cp align=\u0022center\u0022\u003E\u003Cspan\u003EPrefeito\u003C\/span\u003E\u003C\/p\u003E\r\n\u003Cp class=\u0022MsoNormal\u0022\u003E\u003Cspan\u003E\u0026nbsp;\u003C\/span\u003E\u003C\/p\u003E\r\n\u003Cp class=\u0022MsoNormal\u0022 align=\u0022center\u0022\u003E\u003Cstrong\u003E\u003Cspan\u003ELUCAS CARDINALI PACHECO\u003C\/span\u003E\u003C\/strong\u003E\u003C\/p\u003E\r\n\u003Cp\u003E\u0026nbsp;\u003C\/p\u003E\r\n\u003Cp class=\u0022MsoNormal\u0022 align=\u0022center\u0022\u003E\u003Cspan\u003EProcurador Geral do Munic\u0026iacute;pio\u003C\/span\u003E\u003C\/p\u003E","criado":"2013-12-17 00:00:00","alterado":"2013-12-17 00:00:00"},{"id":1905,"titulo":"Concede Subven\u00e7\u00e3o a Associa\u00e7\u00e3o dos Pais e Amigos dos Excepcionais (APAE) de Itabaiana\/SE e d\u00e1 outras provid\u00eancias.","numero":"1735","categoria_id":1,"aprovada":"2013-12-17 00:00:00","slug":"concede-subven-o-a-associa-o-dos-pais-e-amigos-dos-excepcionais-apae-de-itabaiana-se-e-d-outras-provid-ncias","descricao":"\u003Cp class=\u0022MsoNormal\u0022\u003E\u003Cspan\u003EO \u003Cstrong\u003EPREFEITO DO MUNIC\u0026Iacute;PIO DE ITABAIANA, Estado de Sergipe, \u003C\/strong\u003Eno uso de suas atribui\u0026ccedil;\u0026otilde;es;\u003C\/span\u003E\u003C\/p\u003E\r\n\u003Cp class=\u0022MsoNormal\u0022\u003E\u003Cspan\u003EFa\u0026ccedil;o saber que a C\u0026acirc;mara Municipal aprovou e eu sanciono e promulgo a seguinte lei:\u003C\/span\u003E\u003C\/p\u003E\r\n\u003Cp class=\u0022MsoNormal\u0022\u003E\u003Cspan\u003E\u0026nbsp;\u003C\/span\u003E\u003C\/p\u003E\r\n\u003Cp class=\u0022MsoNormal\u0022\u003E\u003Cstrong\u003E\u003Cspan\u003EArt.1 -\u003C\/span\u003E\u003C\/strong\u003E\u003Cspan\u003E Fica o Poder Executivo Municipal autorizado a conceder subven\u0026ccedil;\u0026atilde;o no valor de R$ 12.000,00 (doze mil reais), \u0026agrave; Associa\u0026ccedil;\u0026atilde;o de Pais e Amigos dos Excepcionais de Itabaiana\/SE, inscrita no CNPJ sob o n\u0026ordm; 00.962.972\/0001-67, com sede na Rua Ant\u0026ocirc;nio Dutra, 552, Centro, Itabaiana\/SE, entidade reconhecida de utilidade p\u0026uacute;blica no per\u0026iacute;odo de janeiro a dezembro de 2014.\u003C\/span\u003E\u003C\/p\u003E\r\n\u003Cp class=\u0022MsoNormal\u0022\u003E\u003Cspan\u003E\u0026nbsp;\u003C\/span\u003E\u003C\/p\u003E\r\n\u003Cp class=\u0022MsoNormal\u0022\u003E\u003Cstrong\u003E\u003Cspan\u003EI \u003C\/span\u003E\u003C\/strong\u003E\u003Cspan\u003E- Os repasses ser\u0026atilde;o no valor de R$ 1.000,00 (mil reais) mensais, obrigando-se a entidade subvencionada a prestar conta junto \u0026agrave; C\u0026acirc;mara Municipal.\u003C\/span\u003E\u003C\/p\u003E\r\n\u003Cp class=\u0022MsoNormal\u0022\u003E\u003Cspan\u003E\u0026nbsp;\u003C\/span\u003E\u003C\/p\u003E\r\n\u003Cp class=\u0022MsoNormal\u0022\u003E\u003Cstrong\u003E\u003Cspan\u003EII \u003C\/span\u003E\u003C\/strong\u003E\u003Cspan\u003E-\u003Cstrong\u003E \u003C\/strong\u003EA subven\u0026ccedil;\u0026atilde;o consistir\u0026aacute; na manuten\u0026ccedil;\u0026atilde;o material e financeira da Associa\u0026ccedil;\u0026atilde;o de Pais e Amigos dos Excepcionais de Itabaiana\/SE.\u003C\/span\u003E\u003C\/p\u003E\r\n\u003Cp class=\u0022MsoNormal\u0022\u003E\u003Cstrong\u003E\u003Cspan\u003E\u0026nbsp;\u003C\/span\u003E\u003C\/strong\u003E\u003C\/p\u003E\r\n\u003Cp class=\u0022MsoNormal\u0022\u003E\u003Cstrong\u003E\u003Cspan\u003EIII \u003C\/span\u003E\u003C\/strong\u003E\u003Cspan\u003E- O repasse dos valores de que trata esta Lei, na forma de subven\u0026ccedil;\u0026atilde;o social, servir\u0026aacute; como participa\u0026ccedil;\u0026atilde;o do munic\u0026iacute;pio, no desenvolvimento social e cultural da popula\u0026ccedil;\u0026atilde;o.\u003C\/span\u003E\u003C\/p\u003E\r\n\u003Cp class=\u0022MsoNormal\u0022\u003E\u003Cspan\u003E\u0026nbsp;\u003C\/span\u003E\u003C\/p\u003E\r\n\u003Cp class=\u0022MsoNormal\u0022\u003E\u003Cstrong\u003E\u003Cspan\u003EIV\u003C\/span\u003E\u003C\/strong\u003E\u003Cspan\u003E \u0026ndash; A entidade beneficiada por esta Lei dever\u0026aacute; apresentar ao Poder Executivo Municipal, semestralmente, desde a assinatura de conv\u0026ecirc;nio, planos de trabalho e de aplica\u0026ccedil;\u0026atilde;o de recursos, sob pena de cancelamento do repasse.\u003C\/span\u003E\u003C\/p\u003E\r\n\u003Cp class=\u0022MsoNormal\u0022\u003E\u003Cspan\u003E\u0026nbsp;\u003C\/span\u003E\u003C\/p\u003E\r\n\u003Cp class=\u0022MsoNormal\u0022\u003E\u003Cstrong\u003E\u003Cspan\u003EV\u003C\/span\u003E\u003C\/strong\u003E\u003Cspan\u003E - O Poder Executivo Municipal dever\u0026aacute; julgar e aprovar os planos de trabalho e de aplica\u0026ccedil;\u0026atilde;o de recursos citados no par\u0026aacute;grafo anterior, enquanto o representante legal da entidade beneficiada dever\u0026aacute; encaminhar c\u0026oacute;pias dos mesmos, no prazo de cinco dias da entrega ao Munic\u0026iacute;pio e \u0026agrave; C\u0026acirc;mara de Vereadores, sob pena de suspens\u0026atilde;o do conv\u0026ecirc;nio.\u003C\/span\u003E\u003C\/p\u003E\r\n\u003Cp class=\u0022MsoNormal\u0022\u003E\u003Cstrong\u003E\u003Cspan\u003E\u0026nbsp;\u003C\/span\u003E\u003C\/strong\u003E\u003C\/p\u003E\r\n\u003Cp class=\u0022MsoNormal\u0022\u003E\u003Cstrong\u003E\u003Cspan\u003EArt. 2 -\u003C\/span\u003E\u003C\/strong\u003E\u003Cspan\u003E O processo de presta\u0026ccedil;\u0026atilde;o de Contas dever\u0026aacute; conter:\u003C\/span\u003E\u003C\/p\u003E\r\n\u003Cp class=\u0022MsoNormal\u0022\u003E\u003Cspan\u003E\u0026nbsp;\u003C\/span\u003E\u003C\/p\u003E\r\n\u003Cp class=\u0022MsoNormal\u0022\u003E\u003Cspan\u003E\u0026nbsp;I - Of\u0026iacute;cio de encaminhamento da presta\u0026ccedil;\u0026atilde;o de contas endere\u0026ccedil;ado ao Secret\u0026aacute;rio Municipal de Administra\u0026ccedil;\u0026atilde;o;\u003C\/span\u003E\u003C\/p\u003E\r\n\u003Cp class=\u0022MsoNormal\u0022\u003E\u003Cspan\u003E\u0026nbsp;\u003C\/span\u003E\u003C\/p\u003E\r\n\u003Cp class=\u0022MsoNormal\u0022\u003E\u003Cspan\u003EII - Rela\u0026ccedil;\u0026atilde;o de gastos efetuados dentro do prazo de aplica\u0026ccedil;\u0026atilde;o dos recursos; \u003C\/span\u003E\u003C\/p\u003E\r\n\u003Cp class=\u0022MsoNormal\u0022\u003E\u003Cspan\u003E\u0026nbsp;\u003C\/span\u003E\u003C\/p\u003E\r\n\u003Cp class=\u0022MsoNormal\u0022\u003E\u003Cspan\u003EIII - Notas fiscais, faturas e recibos emitidos em nome da entidade, as quais n\u0026atilde;o poder\u0026atilde;o conter rasuras ou emendas que prejudiquem a sua clareza ou legitimidade, devendo constar no corpo das mesmas a quantidade, o pre\u0026ccedil;o unit\u0026aacute;rio, o pre\u0026ccedil;o total e a descri\u0026ccedil;\u0026atilde;o dos produtos.\u0026nbsp; \u003C\/span\u003E\u003C\/p\u003E\r\n\u003Cp class=\u0022MsoNormal\u0022\u003E\u003Cspan\u003E\u0026nbsp;\u003C\/span\u003E\u003C\/p\u003E\r\n\u003Cp class=\u0022MsoNormal\u0022\u003E\u003Cstrong\u003E\u003Cspan\u003EArt. 3\u0026ordm; -\u003C\/span\u003E\u003C\/strong\u003E\u003Cspan\u003E Caso exista saldo de recursos recebidos que n\u0026atilde;o tenha sido utilizado ou que tenha sido solicitada a sua restitui\u0026ccedil;\u0026atilde;o, este dever\u0026aacute; ser recolhido em nome do Munic\u0026iacute;pio de Itabaiana, em conta a ser indicada pelo mesmo.\u003C\/span\u003E\u003C\/p\u003E\r\n\u003Cp class=\u0022MsoNormal\u0022\u003E\u003Cspan\u003E\u0026nbsp;\u003C\/span\u003E\u003C\/p\u003E\r\n\u003Cp class=\u0022MsoNormal\u0022\u003E\u003Cstrong\u003E\u003Cspan\u003EArt. 4\u0026deg; -\u003C\/span\u003E\u003C\/strong\u003E\u003Cspan\u003E Os recursos correspondentes \u0026agrave; Execu\u0026ccedil;\u0026atilde;o desta lei correr\u0026atilde;o por conta de dota\u0026ccedil;\u0026atilde;o or\u0026ccedil;ament\u0026aacute;ria constantes no or\u0026ccedil;amento vigente, sen\u0026atilde;o vejamos:\u003C\/span\u003E\u003C\/p\u003E\r\n\u003Cul type=\u0022disc\u0022\u003E\r\n\u003Cli class=\u0022MsoNormal\u0022\u003E\u003Cspan\u003E05      \u0026ndash; SEC. DE ADMINISTRA\u0026Ccedil;\u0026Atilde;O E DA GEST\u0026Atilde;O DE PESSOAS\u003C\/span\u003E\u003C\/li\u003E\r\n\u003Cli class=\u0022MsoNormal\u0022\u003E\u003Cspan\u003E04.122      \u0026ndash; ADMINISTRA\u0026Ccedil;\u0026Atilde;O GERAL\u003C\/span\u003E\u003C\/li\u003E\r\n\u003Cli class=\u0022MsoNormal\u0022\u003E\u003Cspan\u003E04.122.0001      \u0026ndash; DESENVOLVIMENTO DA GEST\u0026Atilde;O ADMINISTRATIVA\u003C\/span\u003E\u003C\/li\u003E\r\n\u003Cli class=\u0022MsoNormal\u0022\u003E\u003Cspan\u003E04.122.0001.2.006      \u0026ndash; MANUTEN\u0026Ccedil;\u0026Atilde;O DA SECRETARIA DA ADM. E DA GEST\u0026Atilde;O DE PESSOAS\u003C\/span\u003E\u003C\/li\u003E\r\n\u003Cli class=\u0022MsoNormal\u0022\u003E\u003Cspan\u003E3350.43.00      \u0026ndash; SUBVEN\u0026Ccedil;\u0026Otilde;ES SOCIAIS\u003C\/span\u003E\u003C\/li\u003E\r\n\u003C\/ul\u003E\r\n\u003Cp class=\u0022MsoNormal\u0022\u003E\u003Cspan\u003E\u0026nbsp;\u003C\/span\u003E\u003C\/p\u003E\r\n\u003Cp class=\u0022MsoNormal\u0022\u003E\u003Cstrong\u003E\u003Cspan\u003EArt. 5\u0026ordm; -\u003C\/span\u003E\u003C\/strong\u003E\u003Cspan\u003E Esta Lei entra em vigor na data de sua publica\u0026ccedil;\u0026atilde;o.\u003C\/span\u003E\u003C\/p\u003E\r\n\u003Cp class=\u0022MsoNormal\u0022\u003E\u003Cspan\u003E\u0026nbsp;\u003C\/span\u003E\u003C\/p\u003E\r\n\u003Cp class=\u0022MsoNormal\u0022\u003E\u003Cstrong\u003E\u003Cspan\u003EArt. 6\u0026ordm; -\u003C\/span\u003E\u003C\/strong\u003E\u003Cspan\u003E Revogam-se as disposi\u0026ccedil;\u0026otilde;es em contr\u0026aacute;rio.\u003C\/span\u003E\u003C\/p\u003E\r\n\u003Cp class=\u0022MsoNormal\u0022\u003E\u003Cspan\u003E\u0026nbsp;\u003C\/span\u003E\u003C\/p\u003E\r\n\u003Cp class=\u0022MsoNormal\u0022\u003E\u003Cspan\u003EGabinete do Prefeito de Itabaiana\/SE, 17 de dezembro de 2013.\u003C\/span\u003E\u003C\/p\u003E\r\n\u003Cp class=\u0022MsoNormal\u0022\u003E\u003Cspan\u003E\u0026nbsp;\u003C\/span\u003E\u003C\/p\u003E\r\n\u003Cp class=\u0022MsoNormal\u0022 align=\u0022center\u0022\u003E\u003Cstrong\u003E\u003Cspan\u003E\u0026nbsp;\u003C\/span\u003E\u003C\/strong\u003E\u003C\/p\u003E\r\n\u003Cp class=\u0022MsoNormal\u0022 align=\u0022center\u0022\u003E\u003Cstrong\u003E\u003Cspan\u003EVALMIR DOS SANTOS COSTA\u003C\/span\u003E\u003C\/strong\u003E\u003C\/p\u003E\r\n\u003Cp class=\u0022MsoNormal\u0022 align=\u0022center\u0022\u003E\u003Cspan\u003EPrefeito\u003C\/span\u003E\u003C\/p\u003E\r\n\u003Cp class=\u0022MsoNormal\u0022 align=\u0022center\u0022\u003E\u003Cspan\u003E\u0026nbsp;\u003C\/span\u003E\u003C\/p\u003E\r\n\u003Cp class=\u0022MsoNormal\u0022 align=\u0022center\u0022\u003E\u003Cstrong\u003E\u003Cspan\u003ELUCAS CARDINALI PACHECO\u003C\/span\u003E\u003C\/strong\u003E\u003C\/p\u003E\r\n\u003Cp\u003E\u0026nbsp;\u003C\/p\u003E\r\n\u003Cp class=\u0022MsoNormal\u0022 align=\u0022center\u0022\u003E\u003Cspan\u003EProcurador Geral do Munic\u0026iacute;pio\u003C\/span\u003E\u003C\/p\u003E","criado":"2013-12-17 00:00:00","alterado":"2013-12-17 00:00:00"},{"id":1904,"titulo":"Reajusta percentual da tarifa de ilumina\u00e7\u00e3o p\u00fablica da Contribui\u00e7\u00e3o de Ilumina\u00e7\u00e3o P\u00fablica \u2013 CIP e d\u00e1 provid\u00eancias correlatas.","numero":"1734","categoria_id":1,"aprovada":"2013-12-17 00:00:00","slug":"reajusta-percentual-da-tarifa-de-ilumina-o-p-blica-da-contribui-o-de-ilumina-o-p-blica-cip-e-d-provid-ncias-correlatas","descricao":"\u003Cp class=\u0022MsoNormal\u0022\u003E\u003Cstrong\u003E\u003Cspan\u003EO PREFEITO DO MUNIC\u0026Iacute;PIO DE ITABAIANA, ESTADO DE SERGIPE\u003C\/span\u003E\u003C\/strong\u003E\u003Cspan\u003E, no uso de suas atribui\u0026ccedil;\u0026otilde;es legais, tendo por base o art. 4\u0026ordm;, \u0026sect;1\u0026ordm; da Lei Ordin\u0026aacute;ria 1.030 de 2002 e o art. 4\u0026ordm;, XXXVI, \u0026ldquo;d\u0026rdquo; da Lei Org\u0026acirc;nica do Munic\u0026iacute;pio;\u003C\/span\u003E\u003C\/p\u003E\r\n\u003Cp class=\u0022MsoNormal\u0022\u003E\u003Cspan\u003E\u0026nbsp;\u003C\/span\u003E\u003C\/p\u003E\r\n\u003Cp class=\u0022MsoNormal\u0022\u003E\u003Cspan\u003EFaz saber que a C\u0026acirc;mara Municipal de Itabaiana aprovou e eu sanciono a seguinte Lei\u003Cstrong\u003E:\u003C\/strong\u003E\u003C\/span\u003E\u003C\/p\u003E\r\n\u003Cp class=\u0022MsoNormal\u0022\u003E\u003Cspan\u003E\u0026nbsp;\u003C\/span\u003E\u003C\/p\u003E\r\n\u003Cp class=\u0022MsoNormal\u0022\u003E\u003Cstrong\u003E\u003Cspan\u003EArt. 1\u003C\/span\u003E\u003C\/strong\u003E\u003Cspan\u003E - Fica reajustado proporcionalmente o percentual da tarifa de ilumina\u0026ccedil;\u0026atilde;o p\u0026uacute;blica da Contribui\u0026ccedil;\u0026atilde;o de Ilumina\u0026ccedil;\u0026atilde;o P\u0026uacute;blica (CIP), nos limites estabelecidos no anexo I desta Lei.\u003C\/span\u003E\u003C\/p\u003E\r\n\u003Cp class=\u0022MsoNormal\u0022\u003E\u003Cspan\u003E\u0026nbsp;\u003C\/span\u003E\u003C\/p\u003E\r\n\u003Cp class=\u0022MsoNormal\u0022\u003E\u003Cstrong\u003E\u003Cspan\u003EArt. 2\u003C\/span\u003E\u003C\/strong\u003E\u003Cspan\u003E - Este Lei entra em vigor em 01 de janeiro de 2014.\u003C\/span\u003E\u003C\/p\u003E\r\n\u003Cp class=\u0022MsoNormal\u0022\u003E\u003Cspan\u003E\u0026nbsp;\u003C\/span\u003E\u003C\/p\u003E\r\n\u003Cp class=\u0022MsoNormal\u0022\u003E\u003Cstrong\u003E\u003Cspan\u003EArt. 3 \u003C\/span\u003E\u003C\/strong\u003E\u003Cspan\u003E- Revoga-se \u0026agrave;s disposi\u0026ccedil;\u0026otilde;es em contr\u0026aacute;rio.\u003C\/span\u003E\u003C\/p\u003E\r\n\u003Cp class=\u0022MsoNormal\u0022\u003E\u003Cspan\u003E\u0026nbsp;\u003C\/span\u003E\u003C\/p\u003E\r\n\u003Cp class=\u0022MsoNormal\u0022 align=\u0022center\u0022\u003E\u003Cspan\u003EGabinete do Prefeito do Munic\u0026iacute;pio de Itabaiana\/SE.\u003C\/span\u003E\u003C\/p\u003E\r\n\u003Cp class=\u0022MsoNormal\u0022\u003E\u003Cspan\u003E\u0026nbsp;\u003C\/span\u003E\u003C\/p\u003E\r\n\u003Cp class=\u0022MsoNormal\u0022\u003E\u003Cspan\u003E\u0026nbsp;\u003C\/span\u003E\u003C\/p\u003E\r\n\u003Cp class=\u0022MsoNormal\u0022\u003E\u003Cspan\u003E\u0026nbsp;\u003C\/span\u003E\u003C\/p\u003E\r\n\u003Cp class=\u0022MsoNormal\u0022 align=\u0022center\u0022\u003E\u003Cstrong\u003E\u003Cspan\u003EVALMIR DOS SANTOS COSTA\u003C\/span\u003E\u003C\/strong\u003E\u003C\/p\u003E\r\n\u003Cp class=\u0022MsoNormal\u0022 align=\u0022center\u0022\u003E\u003Cspan\u003EPrefeito\u003C\/span\u003E\u003C\/p\u003E\r\n\u003Cp class=\u0022MsoNormal\u0022 align=\u0022center\u0022\u003E\u003Cspan\u003E\u0026nbsp;\u003C\/span\u003E\u003C\/p\u003E\r\n\u003Cp class=\u0022MsoNormal\u0022 align=\u0022center\u0022\u003E\u003Cspan\u003E\u0026nbsp;\u003C\/span\u003E\u003C\/p\u003E\r\n\u003Cp class=\u0022MsoNormal\u0022 align=\u0022center\u0022\u003E\u003Cstrong\u003E\u003Cspan\u003ELUCAS CARDINALI PACHECO\u003C\/span\u003E\u003C\/strong\u003E\u003C\/p\u003E\r\n\u003Cp\u003E\u0026nbsp;\u003C\/p\u003E\r\n\u003Cp class=\u0022MsoNormal\u0022 align=\u0022center\u0022\u003E\u003Cspan\u003EProcurador Geral do Munic\u0026iacute;pio\u003C\/span\u003E\u003C\/p\u003E","criado":"2013-12-17 00:00:00","alterado":"2013-12-17 00:00:00"},{"id":1903,"titulo":"Concede Subven\u00e7\u00e3o ao time Coritiba Football Club e d\u00e1 outras provid\u00eancias.","numero":"1733","categoria_id":1,"aprovada":"2013-12-17 00:00:00","slug":"concede-subven-o-ao-time-coritiba-football-club-e-d-outras-provid-ncias","descricao":"\u003Cp class=\u0022MsoNormal\u0022\u003E\u003Cstrong\u003E\u003Cspan\u003EO PREFEITO DO MUNIC\u0026Iacute;PIO DE ITABAIANA, ESTADO DE SERGIPE, \u003C\/span\u003E\u003C\/strong\u003E\u003Cspan\u003Eno uso de suas atribui\u0026ccedil;\u0026otilde;es;\u003Cstrong\u003E\u003C\/strong\u003E\u003C\/span\u003E\u003C\/p\u003E\r\n\u003Cp class=\u0022MsoNormal\u0022\u003E\u003Cspan\u003EFa\u0026ccedil;o saber que a C\u0026acirc;mara Municipal aprovou e eu sanciono e promulgo a seguinte lei:\u003C\/span\u003E\u003C\/p\u003E\r\n\u003Cp class=\u0022MsoNormal\u0022\u003E\u003Cspan\u003E\u0026nbsp;\u003C\/span\u003E\u003C\/p\u003E\r\n\u003Cp class=\u0022MsoNormal\u0022\u003E\u003Cstrong\u003E\u003Cspan\u003EArt. 1\u003C\/span\u003E\u003C\/strong\u003E\u003Cspan\u003E \u0026ndash; Fica o Poder Executivo Municipal, autorizado a conceder subven\u0026ccedil;\u0026atilde;o \u0026agrave; Coritiba Football Club, inscrita sob o CNPJ n\u0026deg; 16.219.578\/0001-73, com sede na Rua Coronel Sebr\u0026atilde;o, s\/n Bairro Centro, Itabaiana\/SE, com a finalidade de patrocinar o time nos jogos que disputar\u0026aacute; no campeonato Estadual de Futebol, bem como de custear despesas com o cumprimento de obriga\u0026ccedil;\u0026otilde;es decorrentes de suas finalidades estatut\u0026aacute;rias.\u003C\/span\u003E\u003C\/p\u003E\r\n\u003Cp class=\u0022MsoNormal\u0022\u003E\u003Cspan\u003E\u0026nbsp;\u003C\/span\u003E\u003C\/p\u003E\r\n\u003Cp class=\u0022MsoNormal\u0022\u003E\u003Cstrong\u003E\u003Cspan\u003EArt. 2\u003C\/span\u003E\u003C\/strong\u003E\u003Cspan\u003E - O Poder Executivo Municipal conceder\u0026aacute; Subven\u0026ccedil;\u0026atilde;o ao Time Coritiba Football Club, no valor total de R$ 30.000,00 (trinta mil reais) durante 06 meses, sendo esse valor repassado em parcelas mensais de R$ 5.000,00 (dez mil reais), desde que o time esteja disputando ativamente o campeonato, sob pena de ser cancelando a subven\u0026ccedil;\u0026atilde;o.\u003C\/span\u003E\u003C\/p\u003E\r\n\u003Cp class=\u0022MsoNormal\u0022\u003E\u003Cstrong\u003E\u003Cspan\u003E\u0026nbsp;\u003C\/span\u003E\u003C\/strong\u003E\u003C\/p\u003E\r\n\u003Cp class=\u0022MsoNormal\u0022\u003E\u003Cstrong\u003E\u003Cspan\u003EI\u003C\/span\u003E\u003C\/strong\u003E\u003Cspan\u003E - A subven\u0026ccedil;\u0026atilde;o de que trata o \u0026ldquo;caput\u0026rdquo; desse artigo, dever\u0026aacute; ser aplicada na cobertura de despesas provenientes do objeto de conv\u0026ecirc;nio a ser firmado, na forma desta Lei.\u003C\/span\u003E\u003C\/p\u003E\r\n\u003Cp class=\u0022MsoNormal\u0022\u003E\u003Cspan\u003E\u0026nbsp;\u003C\/span\u003E\u003C\/p\u003E\r\n\u003Cp class=\u0022MsoNormal\u0022\u003E\u003Cstrong\u003E\u003Cspan\u003EII \u003C\/span\u003E\u003C\/strong\u003E\u003Cspan\u003E- O repasse dos valores de que trata esta Lei, na forma de subven\u0026ccedil;\u0026atilde;o social, servir\u0026aacute; como participa\u0026ccedil;\u0026atilde;o do munic\u0026iacute;pio, no desenvolvimento social e cultural \u0026agrave; popula\u0026ccedil;\u0026atilde;o Itabaianense.\u003C\/span\u003E\u003C\/p\u003E\r\n\u003Cp class=\u0022MsoNormal\u0022\u003E\u003Cspan\u003E\u0026nbsp;\u003C\/span\u003E\u003C\/p\u003E\r\n\u003Cp class=\u0022MsoNormal\u0022\u003E\u003Cstrong\u003E\u003Cspan\u003EIII\u003C\/span\u003E\u003C\/strong\u003E\u003Cspan\u003E \u0026ndash; A entidade beneficiada por esta Lei dever\u0026aacute; apresentar ao Poder Executivo Municipal, trimestralmente, desde a assinatura de conv\u0026ecirc;nio, planos de trabalho e de aplica\u0026ccedil;\u0026atilde;o de recursos, sob pena de cancelamento do repasse.\u003C\/span\u003E\u003C\/p\u003E\r\n\u003Cp class=\u0022MsoNormal\u0022\u003E\u003Cspan\u003E\u0026nbsp;\u003C\/span\u003E\u003C\/p\u003E\r\n\u003Cp class=\u0022MsoNormal\u0022\u003E\u003Cstrong\u003E\u003Cspan\u003EIV\u003C\/span\u003E\u003C\/strong\u003E\u003Cspan\u003E - O Poder Executivo Municipal dever\u0026aacute; julgar e aprovar os planos de trabalho e de aplica\u0026ccedil;\u0026atilde;o de recursos citados no par\u0026aacute;grafo anterior, enquanto o representante legal da entidade beneficiada dever\u0026aacute; encaminhar c\u0026oacute;pias dos mesmos, no prazo de cinco dias da entrega ao Munic\u0026iacute;pio e \u0026agrave; C\u0026acirc;mara de Vereadores, sob pena de suspens\u0026atilde;o do conv\u0026ecirc;nio.\u003C\/span\u003E\u003C\/p\u003E\r\n\u003Cp class=\u0022MsoNormal\u0022\u003E\u003Cstrong\u003E\u003Cspan\u003E\u0026nbsp;\u003C\/span\u003E\u003C\/strong\u003E\u003C\/p\u003E\r\n\u003Cp class=\u0022MsoNormal\u0022\u003E\u003Cstrong\u003E\u003Cspan\u003EArt. 3\u003C\/span\u003E\u003C\/strong\u003E\u003Cspan\u003E - O processo de presta\u0026ccedil;\u0026atilde;o de Contas dever\u0026aacute; conter:\u003C\/span\u003E\u003C\/p\u003E\r\n\u003Cp class=\u0022MsoNormal\u0022\u003E\u003Cspan\u003E\u0026nbsp;\u003C\/span\u003E\u003C\/p\u003E\r\n\u003Cp class=\u0022MsoNormal\u0022\u003E\u003Cspan\u003E\u0026nbsp;I - Of\u0026iacute;cio de encaminhamento da presta\u0026ccedil;\u0026atilde;o de contas endere\u0026ccedil;ado ao Secret\u0026aacute;rio Municipal da Administra\u0026ccedil;\u0026atilde;o e da Gest\u0026atilde;o de Pessoas;\u003C\/span\u003E\u003C\/p\u003E\r\n\u003Cp class=\u0022MsoNormal\u0022\u003E\u003Cspan\u003EII - Rela\u0026ccedil;\u0026atilde;o de gastos efetuados dentro do prazo de aplica\u0026ccedil;\u0026atilde;o dos recursos; \u003C\/span\u003E\u003C\/p\u003E\r\n\u003Cp class=\u0022MsoNormal\u0022\u003E\u003Cspan\u003EIII - Notas fiscais, faturas e recibos emitidos em nome da entidade, as quais n\u0026atilde;o poder\u0026atilde;o conter rasuras ou emendas que prejudiquem a sua clareza ou legitimidade, devendo constar no corpo das mesmas \u0026agrave; quantidade, o pre\u0026ccedil;o unit\u0026aacute;rio, o pre\u0026ccedil;o total e a descri\u0026ccedil;\u0026atilde;o dos produtos.\u0026nbsp; \u003C\/span\u003E\u003C\/p\u003E\r\n\u003Cp class=\u0022MsoNormal\u0022\u003E\u003Cspan\u003E\u0026nbsp;\u003C\/span\u003E\u003C\/p\u003E\r\n\u003Cp class=\u0022MsoNormal\u0022\u003E\u003Cstrong\u003E\u003Cspan\u003EArt. 4\u003C\/span\u003E\u003C\/strong\u003E\u003Cspan\u003E - Caso exista saldo de recursos recebidos que n\u0026atilde;o tenha sido utilizado ou que tenha sido solicitada a sua restitui\u0026ccedil;\u0026atilde;o, este dever\u0026aacute; ser recolhido em nome do Munic\u0026iacute;pio de Itabaiana, em conta a ser indicada pelo mesmo, vinculada \u0026agrave; fonte origin\u0026aacute;ria dos recursos.\u003C\/span\u003E\u003C\/p\u003E\r\n\u003Cp class=\u0022MsoNormal\u0022\u003E\u003Cspan\u003E\u0026nbsp;\u003C\/span\u003E\u003C\/p\u003E\r\n\u003Cp class=\u0022MsoNormal\u0022\u003E\u003Cstrong\u003E\u003Cspan\u003EArt. 5\u003C\/span\u003E\u003C\/strong\u003E\u003Cspan\u003E - As despesas decorrentes da aplica\u0026ccedil;\u0026atilde;o desta Lei correr\u0026atilde;o por conta da dota\u0026ccedil;\u0026atilde;o or\u0026ccedil;ament\u0026aacute;ria de 2014, sen\u0026atilde;o vejamos:\u003C\/span\u003E\u003C\/p\u003E\r\n\u003Cul type=\u0022disc\u0022\u003E\r\n\u003Cli class=\u0022MsoNormal\u0022\u003E\u003Cspan\u003E15      \u0026ndash; SEC. DA IND\u0026Uacute;STRIA DO COM. DOS SERV. DO ESPORTE E DO LAZER\u003C\/span\u003E\u003C\/li\u003E\r\n\u003Cli class=\u0022MsoNormal\u0022\u003E\u003Cspan\u003E27813      - LAZER\u003C\/span\u003E\u003C\/li\u003E\r\n\u003Cli class=\u0022MsoNormal\u0022\u003E\u003Cspan\u003E27.813.0004      \u0026ndash; PROM. DE ATIVIDADES CULTURAIS, ART\u0026Iacute;STICAS, DESPORTIVAS E DE LAZER COM      \u0026Ecirc;NFASE NA QUALIDADE DE VIDA\u003C\/span\u003E\u003C\/li\u003E\r\n\u003Cli class=\u0022MsoNormal\u0022\u003E\u003Cspan\u003E27.813.0004.2.077      \u0026ndash; INCENTIVO AO DESPORTO E LAZER\u003C\/span\u003E\u003C\/li\u003E\r\n\u003Cli class=\u0022MsoNormal\u0022\u003E\u003Cspan\u003E3350.43.00      \u0026ndash; SUBVEN\u0026Ccedil;\u0026Otilde;ES SOCIAIS\u003C\/span\u003E\u003C\/li\u003E\r\n\u003C\/ul\u003E\r\n\u003Cp class=\u0022MsoNormal\u0022\u003E\u003Cspan\u003E\u0026nbsp;\u003C\/span\u003E\u003C\/p\u003E\r\n\u003Cp class=\u0022MsoNormal\u0022\u003E\u003Cstrong\u003E\u003Cspan\u003EPar\u0026aacute;grafo \u0026uacute;nico\u003C\/span\u003E\u003C\/strong\u003E\u003Cspan\u003E \u0026ndash; Caso haja altera\u0026ccedil;\u0026atilde;o da dota\u0026ccedil;\u0026atilde;o devido \u0026agrave; reforma administrativa implementada pelas Leis Complementares 33 e 34 de 2013, poder\u0026aacute; haver a corre\u0026ccedil;\u0026atilde;o da dota\u0026ccedil;\u0026atilde;o por meio de decreto do executivo.\u003C\/span\u003E\u003C\/p\u003E\r\n\u003Cp class=\u0022MsoNormal\u0022\u003E\u003Cspan\u003E\u0026nbsp;\u003C\/span\u003E\u003C\/p\u003E\r\n\u003Cp class=\u0022MsoNormal\u0022\u003E\u003Cstrong\u003E\u003Cspan\u003EArt. 6\u003C\/span\u003E\u003C\/strong\u003E\u003Cspan\u003E - Esta Lei entra em vigor a partir de 01 de janeiro de 2014.\u003C\/span\u003E\u003C\/p\u003E\r\n\u003Cp class=\u0022MsoNormal\u0022\u003E\u003Cstrong\u003E\u003Cspan\u003E\u0026nbsp;\u003C\/span\u003E\u003C\/strong\u003E\u003C\/p\u003E\r\n\u003Cp class=\u0022MsoNormal\u0022\u003E\u003Cstrong\u003E\u003Cspan\u003EArt. 7\u003C\/span\u003E\u003C\/strong\u003E\u003Cspan\u003E - Revogam-se as disposi\u0026ccedil;\u0026otilde;es em contr\u0026aacute;rio.\u003C\/span\u003E\u003C\/p\u003E\r\n\u003Cp class=\u0022MsoNormal\u0022\u003E\u003Cspan\u003E\u0026nbsp;\u003C\/span\u003E\u003C\/p\u003E\r\n\u003Cp class=\u0022MsoNormal\u0022\u003E\u003Cspan\u003EGabinete do Prefeito Municipal de Itabaiana\/SE, 17 de dezembro de 2013.\u003C\/span\u003E\u003C\/p\u003E\r\n\u003Cp class=\u0022MsoNormal\u0022 align=\u0022center\u0022\u003E\u003Cspan\u003E\u0026nbsp;\u003C\/span\u003E\u003C\/p\u003E\r\n\u003Cp class=\u0022MsoNormal\u0022 align=\u0022center\u0022\u003E\u003Cspan\u003E\u0026nbsp;\u003C\/span\u003E\u003C\/p\u003E\r\n\u003Cp class=\u0022MsoNormal\u0022 align=\u0022center\u0022\u003E\u003Cspan\u003E\u0026nbsp;\u003C\/span\u003E\u003C\/p\u003E\r\n\u003Cp class=\u0022MsoNormal\u0022 align=\u0022center\u0022\u003E\u003Cstrong\u003E\u003Cspan\u003EVALMIR DOS SANTOS COSTA\u003C\/span\u003E\u003C\/strong\u003E\u003C\/p\u003E\r\n\u003Cp class=\u0022MsoNormal\u0022 align=\u0022center\u0022\u003E\u003Cspan\u003EPrefeito\u003C\/span\u003E\u003C\/p\u003E\r\n\u003Cp class=\u0022MsoNormal\u0022 align=\u0022center\u0022\u003E\u003Cspan\u003E\u0026nbsp;\u003C\/span\u003E\u003C\/p\u003E\r\n\u003Cp class=\u0022MsoNormal\u0022 align=\u0022center\u0022\u003E\u003Cspan\u003E\u0026nbsp;\u003C\/span\u003E\u003C\/p\u003E\r\n\u003Cp class=\u0022MsoNormal\u0022 align=\u0022center\u0022\u003E\u003Cstrong\u003E\u003Cspan\u003ELUCAS CARDINALI PACHECO\u003C\/span\u003E\u003C\/strong\u003E\u003C\/p\u003E\r\n\u003Cp\u003E\u0026nbsp;\u003C\/p\u003E\r\n\u003Cp class=\u0022MsoNormal\u0022 align=\u0022center\u0022\u003E\u003Cspan\u003EProcurador Geral do Munic\u0026iacute;pio\u003C\/span\u003E\u003C\/p\u003E","criado":"2013-12-17 00:00:00","alterado":"2013-12-17 00:00:00"},{"id":1902,"titulo":"Concede Subven\u00e7\u00e3o a Sociedade Filarm\u00f4nica 28 de Agosto e d\u00e1 outras provid\u00eancias.","numero":"1732","categoria_id":1,"aprovada":"2013-12-17 00:00:00","slug":"concede-subven-o-a-sociedade-filarm-nica-28-de-agosto-e-d-outras-provid-ncias","descricao":"\u003Cp class=\u0022MsoNormal\u0022\u003E\u003Cspan\u003EO \u003Cstrong\u003EPREFEITO DO MUNIC\u0026Iacute;PIO DE ITABAIANA, Estado de Sergipe, \u003C\/strong\u003Eno uso de suas atribui\u0026ccedil;\u0026otilde;es;\u003C\/span\u003E\u003C\/p\u003E\r\n\u003Cp class=\u0022MsoNormal\u0022\u003E\u003Cspan\u003E\u0026nbsp;\u003C\/span\u003E\u003C\/p\u003E\r\n\u003Cp class=\u0022MsoNormal\u0022\u003E\u003Cspan\u003EFa\u0026ccedil;o saber que a C\u0026acirc;mara Municipal aprovou e eu sanciono e promulgo a seguinte lei:\u003C\/span\u003E\u003C\/p\u003E\r\n\u003Cp class=\u0022MsoNormal\u0022\u003E\u003Cspan\u003E\u0026nbsp;\u003C\/span\u003E\u003C\/p\u003E\r\n\u003Cp class=\u0022MsoNormal\u0022\u003E\u003Cspan\u003E\u0026nbsp;\u003C\/span\u003E\u003C\/p\u003E\r\n\u003Cp class=\u0022MsoNormal\u0022\u003E\u003Cstrong\u003E\u003Cspan\u003EArt.1 -\u003C\/span\u003E\u003C\/strong\u003E\u003Cspan\u003E Fica o Poder Executivo Municipal autorizado a conceder subven\u0026ccedil;\u0026atilde;o no valor de R$ 24.000,00 (vinte e quatro mil reais), \u0026agrave; Sociedade Filarm\u0026ocirc;nica 28 de Agosto - SOFIVA, inscrita no CNPJ sob o n\u0026ordm; 13.780.130\/0001-36, com sede na Rua Jackson de Figueiredo, 725, Centro, Itabaiana\/SE, entidade de reconhecida utilidade p\u0026uacute;blica no per\u0026iacute;odo de janeiro a dezembro de 2014.\u003C\/span\u003E\u003C\/p\u003E\r\n\u003Cp class=\u0022MsoNormal\u0022\u003E\u003Cspan\u003E\u0026nbsp;\u003C\/span\u003E\u003C\/p\u003E\r\n\u003Cp class=\u0022MsoNormal\u0022\u003E\u003Cstrong\u003E\u003Cspan\u003EI \u003C\/span\u003E\u003C\/strong\u003E\u003Cspan\u003E- Os repasses ser\u0026atilde;o no valor de R$ 2.000,00 (dois mil reais) mensais, obrigando-se a entidade subvencionada a prestar conta junto \u0026agrave; C\u0026acirc;mara Municipal.\u003C\/span\u003E\u003C\/p\u003E\r\n\u003Cp class=\u0022MsoNormal\u0022\u003E\u003Cspan\u003E\u0026nbsp;\u003C\/span\u003E\u003C\/p\u003E\r\n\u003Cp class=\u0022MsoNormal\u0022\u003E\u003Cstrong\u003E\u003Cspan\u003EII \u003C\/span\u003E\u003C\/strong\u003E\u003Cspan\u003E-\u003Cstrong\u003E \u003C\/strong\u003EA subven\u0026ccedil;\u0026atilde;o consistir\u0026aacute; na manuten\u0026ccedil;\u0026atilde;o material e financeira da Sociedade Filarm\u0026ocirc;nica 28 de Agosto.\u003C\/span\u003E\u003C\/p\u003E\r\n\u003Cp class=\u0022MsoNormal\u0022\u003E\u003Cstrong\u003E\u003Cspan\u003E\u0026nbsp;\u003C\/span\u003E\u003C\/strong\u003E\u003C\/p\u003E\r\n\u003Cp class=\u0022MsoNormal\u0022\u003E\u003Cstrong\u003E\u003Cspan\u003EIII \u003C\/span\u003E\u003C\/strong\u003E\u003Cspan\u003E- O repasse dos valores de que trata esta Lei, na forma de subven\u0026ccedil;\u0026atilde;o social, servir\u0026aacute; como participa\u0026ccedil;\u0026atilde;o do munic\u0026iacute;pio, no desenvolvimento social e cultural da popula\u0026ccedil;\u0026atilde;o.\u003C\/span\u003E\u003C\/p\u003E\r\n\u003Cp class=\u0022MsoNormal\u0022\u003E\u003Cspan\u003E\u0026nbsp;\u003C\/span\u003E\u003C\/p\u003E\r\n\u003Cp class=\u0022MsoNormal\u0022\u003E\u003Cstrong\u003E\u003Cspan\u003EIV\u003C\/span\u003E\u003C\/strong\u003E\u003Cspan\u003E \u0026ndash; A entidade beneficiada por esta Lei dever\u0026aacute; apresentar ao Poder Executivo Municipal, semestralmente, desde a assinatura de conv\u0026ecirc;nio, planos de trabalho e de aplica\u0026ccedil;\u0026atilde;o de recursos, sob pena de cancelamento do repasse.\u003C\/span\u003E\u003C\/p\u003E\r\n\u003Cp class=\u0022MsoNormal\u0022\u003E\u003Cspan\u003E\u0026nbsp;\u003C\/span\u003E\u003C\/p\u003E\r\n\u003Cp class=\u0022MsoNormal\u0022\u003E\u003Cstrong\u003E\u003Cspan\u003EV\u003C\/span\u003E\u003C\/strong\u003E\u003Cspan\u003E - O Poder Executivo Municipal dever\u0026aacute; julgar e aprovar os planos de trabalho e de aplica\u0026ccedil;\u0026atilde;o de recursos citados no par\u0026aacute;grafo anterior, enquanto o representante legal da entidade beneficiada dever\u0026aacute; encaminhar c\u0026oacute;pias dos mesmos, no prazo de cinco dias da entrega ao Munic\u0026iacute;pio e \u0026agrave; C\u0026acirc;mara de Vereadores, sob pena de suspens\u0026atilde;o do conv\u0026ecirc;nio.\u003C\/span\u003E\u003C\/p\u003E\r\n\u003Cp class=\u0022MsoNormal\u0022\u003E\u003Cstrong\u003E\u003Cspan\u003E\u0026nbsp;\u003C\/span\u003E\u003C\/strong\u003E\u003C\/p\u003E\r\n\u003Cp class=\u0022MsoNormal\u0022\u003E\u003Cstrong\u003E\u003Cspan\u003EArt. 2 -\u003C\/span\u003E\u003C\/strong\u003E\u003Cspan\u003E O processo de presta\u0026ccedil;\u0026atilde;o de Contas dever\u0026aacute; conter:\u003C\/span\u003E\u003C\/p\u003E\r\n\u003Cp class=\u0022MsoNormal\u0022\u003E\u003Cspan\u003E\u0026nbsp;\u003C\/span\u003E\u003C\/p\u003E\r\n\u003Cp class=\u0022MsoNormal\u0022\u003E\u003Cspan\u003E\u0026nbsp;I - Of\u0026iacute;cio de encaminhamento da presta\u0026ccedil;\u0026atilde;o de contas endere\u0026ccedil;ado ao Secret\u0026aacute;rio Municipal de Administra\u0026ccedil;\u0026atilde;o;\u003C\/span\u003E\u003C\/p\u003E\r\n\u003Cp class=\u0022MsoNormal\u0022\u003E\u003Cspan\u003E\u0026nbsp;\u003C\/span\u003E\u003C\/p\u003E\r\n\u003Cp class=\u0022MsoNormal\u0022\u003E\u003Cspan\u003EII - Rela\u0026ccedil;\u0026atilde;o de gastos efetuados dentro do prazo de aplica\u0026ccedil;\u0026atilde;o dos recursos; \u003C\/span\u003E\u003C\/p\u003E\r\n\u003Cp class=\u0022MsoNormal\u0022\u003E\u003Cspan\u003E\u0026nbsp;\u003C\/span\u003E\u003C\/p\u003E\r\n\u003Cp class=\u0022MsoNormal\u0022\u003E\u003Cspan\u003EIII - Notas fiscais, faturas e recibos emitidos em nome da entidade, as quais n\u0026atilde;o poder\u0026atilde;o conter rasuras ou emendas que prejudiquem a sua clareza ou legitimidade, devendo constar no corpo das mesmas a quantidade, o pre\u0026ccedil;o unit\u0026aacute;rio, o pre\u0026ccedil;o total e a descri\u0026ccedil;\u0026atilde;o dos produtos.\u0026nbsp; \u003C\/span\u003E\u003C\/p\u003E\r\n\u003Cp class=\u0022MsoNormal\u0022\u003E\u003Cspan\u003E\u0026nbsp;\u003C\/span\u003E\u003C\/p\u003E\r\n\u003Cp class=\u0022MsoNormal\u0022\u003E\u003Cstrong\u003E\u003Cspan\u003EArt. 3\u0026ordm; -\u003C\/span\u003E\u003C\/strong\u003E\u003Cspan\u003E Caso exista saldo de recursos recebidos que n\u0026atilde;o tenha sido utilizado ou que tenha sido solicitada a sua restitui\u0026ccedil;\u0026atilde;o, este dever\u0026aacute; ser recolhido em nome do Munic\u0026iacute;pio de Itabaiana, em conta a ser indicada pelo mesmo.\u003C\/span\u003E\u003C\/p\u003E\r\n\u003Cp class=\u0022MsoNormal\u0022\u003E\u003Cspan\u003E\u0026nbsp;\u003C\/span\u003E\u003C\/p\u003E\r\n\u003Cp class=\u0022MsoNormal\u0022\u003E\u003Cstrong\u003E\u003Cspan\u003EArt. 4\u0026deg; -\u003C\/span\u003E\u003C\/strong\u003E\u003Cspan\u003E Os recursos correspondentes \u0026agrave; Execu\u0026ccedil;\u0026atilde;o desta lei correr\u0026atilde;o por conta de dota\u0026ccedil;\u0026atilde;o or\u0026ccedil;ament\u0026aacute;ria constantes no or\u0026ccedil;amento vigente, sen\u0026atilde;o vejamos:\u003C\/span\u003E\u003C\/p\u003E\r\n\u003Cul type=\u0022disc\u0022\u003E\r\n\u003Cli class=\u0022MsoNormal\u0022\u003E\u003Cspan\u003E05      \u0026ndash; SEC. DE ADMINISTRA\u0026Ccedil;\u0026Atilde;O E DA GEST\u0026Atilde;O DE PESSOAS\u003C\/span\u003E\u003C\/li\u003E\r\n\u003Cli class=\u0022MsoNormal\u0022\u003E\u003Cspan\u003E04.122      \u0026ndash; ADMINISTRA\u0026Ccedil;\u0026Atilde;O GERAL\u003C\/span\u003E\u003C\/li\u003E\r\n\u003Cli class=\u0022MsoNormal\u0022\u003E\u003Cspan\u003E04.122.0001      \u0026ndash; DESENVOLVIMENTO DA GEST\u0026Atilde;O ADMINISTRATIVA\u003C\/span\u003E\u003C\/li\u003E\r\n\u003Cli class=\u0022MsoNormal\u0022\u003E\u003Cspan\u003E04.122.0001.2.006      \u0026ndash; MANUTEN\u0026Ccedil;\u0026Atilde;O DA SECRETARIA DA ADM. E DA GEST\u0026Atilde;O DE PESSOAS\u003C\/span\u003E\u003C\/li\u003E\r\n\u003Cli class=\u0022MsoNormal\u0022\u003E\u003Cspan\u003E3350.43.00      \u0026ndash; SUBVEN\u0026Ccedil;\u0026Otilde;ES SOCIAIS\u003C\/span\u003E\u003C\/li\u003E\r\n\u003C\/ul\u003E\r\n\u003Cp class=\u0022MsoNormal\u0022\u003E\u003Cspan\u003E\u0026nbsp;\u003C\/span\u003E\u003C\/p\u003E\r\n\u003Cp class=\u0022MsoNormal\u0022\u003E\u003Cstrong\u003E\u003Cspan\u003EArt. 5\u0026ordm; -\u003C\/span\u003E\u003C\/strong\u003E\u003Cspan\u003E Esta Lei entra em vigor na data de sua publica\u0026ccedil;\u0026atilde;o.\u003C\/span\u003E\u003C\/p\u003E\r\n\u003Cp class=\u0022MsoNormal\u0022\u003E\u003Cspan\u003E\u0026nbsp;\u003C\/span\u003E\u003C\/p\u003E\r\n\u003Cp class=\u0022MsoNormal\u0022\u003E\u003Cstrong\u003E\u003Cspan\u003EArt. 6\u0026ordm; -\u003C\/span\u003E\u003C\/strong\u003E\u003Cspan\u003E Revogam-se as disposi\u0026ccedil;\u0026otilde;es em contr\u0026aacute;rio.\u003C\/span\u003E\u003C\/p\u003E\r\n\u003Cp class=\u0022MsoNormal\u0022\u003E\u003Cspan\u003E\u0026nbsp;\u003C\/span\u003E\u003C\/p\u003E\r\n\u003Cp class=\u0022MsoNormal\u0022\u003E\u003Cspan\u003EGabinete do Prefeito de Itabaiana\/SE, 17 de dezembro de 2013.\u003C\/span\u003E\u003C\/p\u003E\r\n\u003Cp class=\u0022MsoNormal\u0022\u003E\u003Cspan\u003E\u0026nbsp;\u003C\/span\u003E\u003C\/p\u003E\r\n\u003Cp class=\u0022MsoNormal\u0022 align=\u0022center\u0022\u003E\u003Cstrong\u003E\u003Cspan\u003E\u0026nbsp;\u003C\/span\u003E\u003C\/strong\u003E\u003C\/p\u003E\r\n\u003Cp class=\u0022MsoNormal\u0022 align=\u0022center\u0022\u003E\u003Cstrong\u003E\u003Cspan\u003EVALMIR DOS SANTOS COSTA\u003C\/span\u003E\u003C\/strong\u003E\u003C\/p\u003E\r\n\u003Cp class=\u0022MsoNormal\u0022 align=\u0022center\u0022\u003E\u003Cspan\u003EPrefeito\u003C\/span\u003E\u003C\/p\u003E\r\n\u003Cp class=\u0022MsoNormal\u0022 align=\u0022center\u0022\u003E\u003Cspan\u003E\u0026nbsp;\u003C\/span\u003E\u003C\/p\u003E\r\n\u003Cp class=\u0022MsoNormal\u0022 align=\u0022center\u0022\u003E\u003Cstrong\u003E\u003Cspan\u003ELUCAS CARDINALI PACHECO\u003C\/span\u003E\u003C\/strong\u003E\u003C\/p\u003E\r\n\u003Cp\u003E\u0026nbsp;\u003C\/p\u003E\r\n\u003Cp class=\u0022MsoNormal\u0022 align=\u0022center\u0022\u003E\u003Cspan\u003EProcurador Geral do Munic\u0026iacute;pio\u003C\/span\u003E\u003C\/p\u003E","criado":"2013-12-17 00:00:00","alterado":"2013-12-17 00:00:00"}],"ano":null,"busca":null}