{"categorias":[{"id":2,"nome":"Decreto","slug":"decreto","criado":"2021-09-21 15:19:15","alterado":"2026-04-22 13:08:01"},{"id":1,"nome":"Lei","slug":"lei","criado":"2021-09-21 15:19:15","alterado":"2026-04-22 13:08:09"},{"id":10,"nome":"Portaria","slug":"portaria","criado":"2024-05-14 12:10:49","alterado":"2026-04-22 13:07:36"},{"id":7,"nome":"Projeto de Decreto","slug":"projeto-de-decreto","criado":"2023-03-21 08:45:22","alterado":"2024-08-16 11:08:15"},{"id":6,"nome":"Projeto de Lei","slug":"projeto-de-lei","criado":"2023-03-17 14:46:15","alterado":"2024-08-16 11:08:58"},{"id":5,"nome":"Resolu\u00e7\u00e3o","slug":"resolucao","criado":"2021-09-21 15:19:15","alterado":"2026-04-22 13:07:52"}],"categoria":null,"paginacao":{"atual":148,"proxima":149,"anterior":147,"total_registros":4101,"total_paginas":274},"itens":[{"id":1901,"titulo":"Concede Subven\u00e7\u00e3o a Filarm\u00f4nica Nossa Senhora da Concei\u00e7\u00e3o e d\u00e1 outras provid\u00eancias.","numero":"1731","categoria_id":1,"aprovada":"2013-12-17 00:00:00","slug":"concede-subven-o-a-filarm-nica-nossa-senhora-da-concei-o-e-d-outras-provid-ncias","descricao":"\u003Cp class=\u0022MsoNormal\u0022\u003E\u003Cspan\u003EO \u003Cstrong\u003EPREFEITO DO MUNIC\u0026Iacute;PIO DE ITABAIANA, Estado de Sergipe, \u003C\/strong\u003Eno uso de suas atribui\u0026ccedil;\u0026otilde;es;\u003C\/span\u003E\u003C\/p\u003E\r\n\u003Cp class=\u0022MsoNormal\u0022\u003E\u003Cspan\u003EFa\u0026ccedil;o saber que a C\u0026acirc;mara Municipal aprovou e eu sanciono e promulgo a seguinte lei:\u003C\/span\u003E\u003C\/p\u003E\r\n\u003Cp class=\u0022MsoNormal\u0022\u003E\u003Cspan\u003E\u0026nbsp;\u003C\/span\u003E\u003C\/p\u003E\r\n\u003Cp class=\u0022MsoNormal\u0022\u003E\u003Cstrong\u003E\u003Cspan\u003EArt.1 -\u003C\/span\u003E\u003C\/strong\u003E\u003Cspan\u003E Fica o Poder Executivo Municipal autorizado a conceder subven\u0026ccedil;\u0026atilde;o no valor de R$ 120.000,00 (cento e vinte mil reais), \u0026agrave; Filarm\u0026ocirc;nica Nossa Senhora da Concei\u0026ccedil;\u0026atilde;o, inscrita no CNPJ sob o n\u0026ordm; 00.076.359\/0001-42, com sede na Pra\u0026ccedil;a Fausto Cardoso, n\u0026ordm; 40, centro, Itabaiana\/SE, entidade reconhecida de utilidade p\u0026uacute;blica no per\u0026iacute;odo de janeiro a dezembro de 2014.\u003C\/span\u003E\u003C\/p\u003E\r\n\u003Cp class=\u0022MsoNormal\u0022\u003E\u003Cspan\u003E\u0026nbsp;\u003C\/span\u003E\u003C\/p\u003E\r\n\u003Cp class=\u0022MsoNormal\u0022\u003E\u003Cstrong\u003E\u003Cspan\u003EI \u003C\/span\u003E\u003C\/strong\u003E\u003Cspan\u003E- Os repasses ser\u0026atilde;o no valor de R$ 10.000,00 (dez mil reais) mensais, obrigando-se a entidade subvencionada a prestar conta junto \u0026agrave; C\u0026acirc;mara Municipal.\u003C\/span\u003E\u003C\/p\u003E\r\n\u003Cp class=\u0022MsoNormal\u0022\u003E\u003Cspan\u003E\u0026nbsp;\u003C\/span\u003E\u003C\/p\u003E\r\n\u003Cp class=\u0022MsoNormal\u0022\u003E\u003Cstrong\u003E\u003Cspan\u003EII \u003C\/span\u003E\u003C\/strong\u003E\u003Cspan\u003E-\u003Cstrong\u003E \u003C\/strong\u003EA subven\u0026ccedil;\u0026atilde;o consistir\u0026aacute; na manuten\u0026ccedil;\u0026atilde;o material e financeira da Orquestra Filarm\u0026ocirc;nica Nossa Senhora da Concei\u0026ccedil;\u0026atilde;o.\u003C\/span\u003E\u003C\/p\u003E\r\n\u003Cp class=\u0022MsoNormal\u0022\u003E\u003Cstrong\u003E\u003Cspan\u003E\u0026nbsp;\u003C\/span\u003E\u003C\/strong\u003E\u003C\/p\u003E\r\n\u003Cp class=\u0022MsoNormal\u0022\u003E\u003Cstrong\u003E\u003Cspan\u003EIII \u003C\/span\u003E\u003C\/strong\u003E\u003Cspan\u003E- O repasse dos valores de que trata esta Lei, na forma de subven\u0026ccedil;\u0026atilde;o social, servir\u0026aacute; como participa\u0026ccedil;\u0026atilde;o do munic\u0026iacute;pio, no desenvolvimento social e cultural da popula\u0026ccedil;\u0026atilde;o.\u003C\/span\u003E\u003C\/p\u003E\r\n\u003Cp class=\u0022MsoNormal\u0022\u003E\u003Cspan\u003E\u0026nbsp;\u003C\/span\u003E\u003C\/p\u003E\r\n\u003Cp class=\u0022MsoNormal\u0022\u003E\u003Cstrong\u003E\u003Cspan\u003EIV\u003C\/span\u003E\u003C\/strong\u003E\u003Cspan\u003E \u0026ndash; A entidade beneficiada por esta Lei dever\u0026aacute; apresentar ao Poder Executivo Municipal, semestralmente, desde a assinatura de conv\u0026ecirc;nio, planos de trabalho e de aplica\u0026ccedil;\u0026atilde;o de recursos, sob pena de cancelamento do repasse.\u003C\/span\u003E\u003C\/p\u003E\r\n\u003Cp class=\u0022MsoNormal\u0022\u003E\u003Cspan\u003E\u0026nbsp;\u003C\/span\u003E\u003C\/p\u003E\r\n\u003Cp class=\u0022MsoNormal\u0022\u003E\u003Cstrong\u003E\u003Cspan\u003EV\u003C\/span\u003E\u003C\/strong\u003E\u003Cspan\u003E - O Poder Executivo Municipal dever\u0026aacute; julgar e aprovar os planos de trabalho e de aplica\u0026ccedil;\u0026atilde;o de recursos citados no par\u0026aacute;grafo anterior, enquanto o representante legal da entidade beneficiada dever\u0026aacute; encaminhar c\u0026oacute;pias dos mesmos, no prazo de cinco dias da entrega ao Munic\u0026iacute;pio e \u0026agrave; C\u0026acirc;mara de Vereadores, sob pena de suspens\u0026atilde;o do conv\u0026ecirc;nio.\u003C\/span\u003E\u003C\/p\u003E\r\n\u003Cp class=\u0022MsoNormal\u0022\u003E\u003Cstrong\u003E\u003Cspan\u003E\u0026nbsp;\u003C\/span\u003E\u003C\/strong\u003E\u003C\/p\u003E\r\n\u003Cp class=\u0022MsoNormal\u0022\u003E\u003Cstrong\u003E\u003Cspan\u003EArt. 2 -\u003C\/span\u003E\u003C\/strong\u003E\u003Cspan\u003E O processo de presta\u0026ccedil;\u0026atilde;o de Contas dever\u0026aacute; conter:\u003C\/span\u003E\u003C\/p\u003E\r\n\u003Cp class=\u0022MsoNormal\u0022\u003E\u003Cspan\u003E\u0026nbsp;\u003C\/span\u003E\u003C\/p\u003E\r\n\u003Cp class=\u0022MsoNormal\u0022\u003E\u003Cspan\u003E\u0026nbsp;I - Of\u0026iacute;cio de encaminhamento da presta\u0026ccedil;\u0026atilde;o de contas endere\u0026ccedil;ado ao Secret\u0026aacute;rio Municipal de Administra\u0026ccedil;\u0026atilde;o;\u003C\/span\u003E\u003C\/p\u003E\r\n\u003Cp class=\u0022MsoNormal\u0022\u003E\u003Cspan\u003E\u0026nbsp;\u003C\/span\u003E\u003C\/p\u003E\r\n\u003Cp class=\u0022MsoNormal\u0022\u003E\u003Cspan\u003EII - Rela\u0026ccedil;\u0026atilde;o de gastos efetuados dentro do prazo de aplica\u0026ccedil;\u0026atilde;o dos recursos; \u003C\/span\u003E\u003C\/p\u003E\r\n\u003Cp class=\u0022MsoNormal\u0022\u003E\u003Cspan\u003E\u0026nbsp;\u003C\/span\u003E\u003C\/p\u003E\r\n\u003Cp class=\u0022MsoNormal\u0022\u003E\u003Cspan\u003EIII - Notas fiscais, faturas e recibos emitidos em nome da entidade, as quais n\u0026atilde;o poder\u0026atilde;o conter rasuras ou emendas que prejudiquem a sua clareza ou legitimidade, devendo constar no corpo das mesmas a quantidade, o pre\u0026ccedil;o unit\u0026aacute;rio, o pre\u0026ccedil;o total e a descri\u0026ccedil;\u0026atilde;o dos produtos.\u0026nbsp; \u003C\/span\u003E\u003C\/p\u003E\r\n\u003Cp class=\u0022MsoNormal\u0022\u003E\u003Cspan\u003E\u0026nbsp;\u003C\/span\u003E\u003C\/p\u003E\r\n\u003Cp class=\u0022MsoNormal\u0022\u003E\u003Cstrong\u003E\u003Cspan\u003EArt. 3\u0026ordm; -\u003C\/span\u003E\u003C\/strong\u003E\u003Cspan\u003E Caso exista saldo de recursos recebidos que n\u0026atilde;o tenha sido utilizado ou que tenha sido solicitada a sua restitui\u0026ccedil;\u0026atilde;o, este dever\u0026aacute; ser recolhido em nome do Munic\u0026iacute;pio de Itabaiana, em conta a ser indicada pelo mesmo.\u003C\/span\u003E\u003C\/p\u003E\r\n\u003Cp class=\u0022MsoNormal\u0022\u003E\u003Cspan\u003E\u0026nbsp;\u003C\/span\u003E\u003C\/p\u003E\r\n\u003Cp class=\u0022MsoNormal\u0022\u003E\u003Cstrong\u003E\u003Cspan\u003EArt. 4\u0026deg; -\u003C\/span\u003E\u003C\/strong\u003E\u003Cspan\u003E Os recursos correspondentes \u0026agrave; Execu\u0026ccedil;\u0026atilde;o desta lei correr\u0026atilde;o por conta de dota\u0026ccedil;\u0026atilde;o or\u0026ccedil;ament\u0026aacute;ria constantes no or\u0026ccedil;amento vigente, sen\u0026atilde;o vejamos:\u003C\/span\u003E\u003C\/p\u003E\r\n\u003Cul type=\u0022disc\u0022\u003E\r\n\u003Cli class=\u0022MsoNormal\u0022\u003E\u003Cspan\u003E05      \u0026ndash; SEC. DE ADMINISTRA\u0026Ccedil;\u0026Atilde;O E DA GEST\u0026Atilde;O DE PESSOAS\u003C\/span\u003E\u003C\/li\u003E\r\n\u003Cli class=\u0022MsoNormal\u0022\u003E\u003Cspan\u003E04.122      \u0026ndash; ADMINISTRA\u0026Ccedil;\u0026Atilde;O GERAL\u003C\/span\u003E\u003C\/li\u003E\r\n\u003Cli class=\u0022MsoNormal\u0022\u003E\u003Cspan\u003E04.122.0001      \u0026ndash; DESENVOLVIMENTO DA GEST\u0026Atilde;O ADMINISTRATIVA\u003C\/span\u003E\u003C\/li\u003E\r\n\u003Cli class=\u0022MsoNormal\u0022\u003E\u003Cspan\u003E04.122.0001.2.006      \u0026ndash; MANUTEN\u0026Ccedil;\u0026Atilde;O DA SECRETARIA DA ADM. E DA GEST\u0026Atilde;O DE PESSOAS\u003C\/span\u003E\u003C\/li\u003E\r\n\u003Cli class=\u0022MsoNormal\u0022\u003E\u003Cspan\u003E3350.43.00      \u0026ndash; SUBVEN\u0026Ccedil;\u0026Otilde;ES SOCIAIS\u003C\/span\u003E\u003C\/li\u003E\r\n\u003C\/ul\u003E\r\n\u003Cp class=\u0022MsoNormal\u0022\u003E\u003Cspan\u003E\u0026nbsp;\u003C\/span\u003E\u003C\/p\u003E\r\n\u003Cp class=\u0022MsoNormal\u0022\u003E\u003Cstrong\u003E\u003Cspan\u003EArt. 5\u0026ordm; -\u003C\/span\u003E\u003C\/strong\u003E\u003Cspan\u003E Esta Lei entra em vigor na data de sua publica\u0026ccedil;\u0026atilde;o.\u003C\/span\u003E\u003C\/p\u003E\r\n\u003Cp class=\u0022MsoNormal\u0022\u003E\u003Cspan\u003E\u0026nbsp;\u003C\/span\u003E\u003C\/p\u003E\r\n\u003Cp class=\u0022MsoNormal\u0022\u003E\u003Cstrong\u003E\u003Cspan\u003EArt. 6\u0026ordm; -\u003C\/span\u003E\u003C\/strong\u003E\u003Cspan\u003E Revogam-se as disposi\u0026ccedil;\u0026otilde;es em contr\u0026aacute;rio.\u003C\/span\u003E\u003C\/p\u003E\r\n\u003Cp class=\u0022MsoNormal\u0022\u003E\u003Cspan\u003E\u0026nbsp;\u003C\/span\u003E\u003C\/p\u003E\r\n\u003Cp class=\u0022MsoNormal\u0022\u003E\u003Cspan\u003EGabinete do Prefeito de Itabaiana\/SE, 17 de dezembro de 2013.\u003C\/span\u003E\u003C\/p\u003E\r\n\u003Cp class=\u0022MsoNormal\u0022\u003E\u003Cspan\u003E\u0026nbsp;\u003C\/span\u003E\u003C\/p\u003E\r\n\u003Cp class=\u0022MsoNormal\u0022 align=\u0022center\u0022\u003E\u003Cstrong\u003E\u003Cspan\u003E\u0026nbsp;\u003C\/span\u003E\u003C\/strong\u003E\u003C\/p\u003E\r\n\u003Cp class=\u0022MsoNormal\u0022 align=\u0022center\u0022\u003E\u003Cstrong\u003E\u003Cspan\u003EVALMIR DOS SANTOS COSTA\u003C\/span\u003E\u003C\/strong\u003E\u003C\/p\u003E\r\n\u003Cp class=\u0022MsoNormal\u0022 align=\u0022center\u0022\u003E\u003Cspan\u003EPrefeito\u003C\/span\u003E\u003C\/p\u003E\r\n\u003Cp class=\u0022MsoNormal\u0022 align=\u0022center\u0022\u003E\u003Cspan\u003E\u0026nbsp;\u003C\/span\u003E\u003C\/p\u003E\r\n\u003Cp class=\u0022MsoNormal\u0022 align=\u0022center\u0022\u003E\u003Cstrong\u003E\u003Cspan\u003ELUCAS CARDINALI PACHECO\u003C\/span\u003E\u003C\/strong\u003E\u003C\/p\u003E\r\n\u003Cp\u003E\u0026nbsp;\u003C\/p\u003E\r\n\u003Cp class=\u0022MsoNormal\u0022 align=\u0022center\u0022\u003E\u003Cspan\u003EProcurador Geral do Munic\u0026iacute;pio\u003C\/span\u003E\u003C\/p\u003E","criado":"2013-12-17 00:00:00","alterado":"2013-12-17 00:00:00"},{"id":1900,"titulo":"Concede Subven\u00e7\u00e3o a Associa\u00e7\u00e3o Itabaianense dos Universit\u00e1rios (AIU) e d\u00e1 outras provid\u00eancias.","numero":"1730","categoria_id":1,"aprovada":"2013-12-17 00:00:00","slug":"concede-subven-o-a-associa-o-itabaianense-dos-universit-rios-aiu-e-d-outras-provid-ncias","descricao":"\u003Cp class=\u0022MsoNormal\u0022\u003E\u003Cstrong\u003E\u003Cspan\u003EO PREFEITO MUNICIPAL DE ITABAIANA, ESTADO DE SERGIPE, \u003C\/span\u003E\u003C\/strong\u003E\u003Cspan\u003Eno uso de suas atribui\u0026ccedil;\u0026otilde;es;\u003C\/span\u003E\u003C\/p\u003E\r\n\u003Cp class=\u0022MsoNormal\u0022\u003E\u003Cspan\u003EFa\u0026ccedil;o saber que a C\u0026acirc;mara Municipal aprovou e eu sanciono e promulgo a seguinte lei:\u003C\/span\u003E\u003C\/p\u003E\r\n\u003Cp class=\u0022MsoNormal\u0022\u003E\u003Cspan\u003E\u0026nbsp;\u003C\/span\u003E\u003C\/p\u003E\r\n\u003Cp class=\u0022MsoNormal\u0022\u003E\u003Cstrong\u003E\u003Cspan\u003EArt. 1\u003C\/span\u003E\u003C\/strong\u003E\u003Cspan\u003E - Fica o Poder Executivo Municipal, Municipal autorizado a conceder subven\u0026ccedil;\u0026atilde;o \u0026agrave; Associa\u0026ccedil;\u0026atilde;o Itabaianense dos Universit\u0026aacute;rios, inscrita sob o CNPJ n\u0026deg; 04.095.617\/0001-99, com sede no Cal\u0026ccedil;ad\u0026atilde;o da Avenida \u003Cspan class=\u0022titulo2\u0022\u003EDr. Airton Teles n\u0026ordm;. 27\u003C\/span\u003E, centro, Itabaiana\/SE, objetivando custear o combust\u0026iacute;vel dos seus \u0026ocirc;nibus. \u003C\/span\u003E\u003C\/p\u003E\r\n\u003Cp class=\u0022MsoNormal\u0022\u003E\u003Cspan\u003E\u0026nbsp;\u003C\/span\u003E\u003C\/p\u003E\r\n\u003Cp class=\u0022MsoNormal\u0022\u003E\u003Cstrong\u003E\u003Cspan\u003EPar\u0026aacute;grafo \u0026Uacute;nico:\u003C\/span\u003E\u003C\/strong\u003E\u003Cspan\u003E o atendimento de que trata esta lei, dever\u0026aacute; ser prestado pela entidade em sua sede.\u003C\/span\u003E\u003C\/p\u003E\r\n\u003Cp class=\u0022MsoNormal\u0022\u003E\u003Cspan\u003E\u0026nbsp;\u003C\/span\u003E\u003C\/p\u003E\r\n\u003Cp class=\u0022MsoNormal\u0022\u003E\u003Cstrong\u003E\u003Cspan\u003EArt. 2\u003C\/span\u003E\u003C\/strong\u003E\u003Cspan\u003E - O Poder Executivo Municipal conceder\u0026aacute; Subven\u0026ccedil;\u0026atilde;o mensal a Associa\u0026ccedil;\u0026atilde;o Itabaianense dos Universit\u0026aacute;rios, em 10.000,00 l (10 mil litros) de combust\u0026iacute;vel diesel por m\u0026ecirc;s, durante 10 meses (fevereiro, mar\u0026ccedil;o, abril, maio, junho, agosto, setembro, outubro, novembro, dezembro), sendo esse valor repassado em parcelas mensais de R$ 21.699,00 (10.000l x R$ 2,1699), no valor total de R$ 216.990,00 (duzentos e dezesseis novecentos e noventa reais).\u003C\/span\u003E\u003C\/p\u003E\r\n\u003Cp class=\u0022MsoNormal\u0022\u003E\u003Cstrong\u003E\u003Cspan\u003E\u0026nbsp;\u003C\/span\u003E\u003C\/strong\u003E\u003C\/p\u003E\r\n\u003Cp class=\u0022MsoNormal\u0022\u003E\u003Cstrong\u003E\u003Cspan\u003EI\u003C\/span\u003E\u003C\/strong\u003E\u003Cspan\u003E - A subven\u0026ccedil;\u0026atilde;o de que trata o \u0026ldquo;caput\u0026rdquo; desse artigo, dever\u0026aacute; ser aplicada na cobertura de despesas provenientes do objeto de conv\u0026ecirc;nio a ser firmado, na forma desta Lei.\u003C\/span\u003E\u003C\/p\u003E\r\n\u003Cp class=\u0022MsoNormal\u0022\u003E\u003Cstrong\u003E\u003Cspan\u003EII \u003C\/span\u003E\u003C\/strong\u003E\u003Cspan\u003E- O repasse dos valores de que trata esta Lei, na forma de subven\u0026ccedil;\u0026atilde;o social, servir\u0026aacute; como participa\u0026ccedil;\u0026atilde;o do munic\u0026iacute;pio, no desenvolvimento social e educacional aos estudantes universit\u0026aacute;rios, residentes no Munic\u0026iacute;pio de Itabaiana.\u003C\/span\u003E\u003C\/p\u003E\r\n\u003Cp class=\u0022MsoNormal\u0022\u003E\u003Cstrong\u003E\u003Cspan\u003EIII\u003C\/span\u003E\u003C\/strong\u003E\u003Cspan\u003E \u0026ndash; A entidade beneficiada por esta Lei dever\u0026aacute; apresentar ao Poder Executivo Municipal, trimestralmente, desde a assinatura de conv\u0026ecirc;nio, planos de trabalho e de aplica\u0026ccedil;\u0026atilde;o de recursos, sob pena de cancelamento do repasse.\u003C\/span\u003E\u003C\/p\u003E\r\n\u003Cp class=\u0022MsoNormal\u0022\u003E\u003Cstrong\u003E\u003Cspan\u003EIV\u003C\/span\u003E\u003C\/strong\u003E\u003Cspan\u003E - O Poder Executivo Municipal dever\u0026aacute; julgar e aprovar os planos de trabalho e de aplica\u0026ccedil;\u0026atilde;o de recursos citados no par\u0026aacute;grafo anterior, enquanto o representante legal da entidade beneficiada dever\u0026aacute; encaminhar c\u0026oacute;pias dos mesmos, no prazo de cinco dias da entrega ao Munic\u0026iacute;pio e \u0026agrave; C\u0026acirc;mara de Vereadores, sob pena de suspens\u0026atilde;o do conv\u0026ecirc;nio.\u003C\/span\u003E\u003C\/p\u003E\r\n\u003Cp class=\u0022MsoNormal\u0022\u003E\u003Cstrong\u003E\u003Cspan\u003E\u0026nbsp;\u003C\/span\u003E\u003C\/strong\u003E\u003C\/p\u003E\r\n\u003Cp class=\u0022MsoNormal\u0022\u003E\u003Cstrong\u003E\u003Cspan\u003EArt. 3\u003C\/span\u003E\u003C\/strong\u003E\u003Cspan\u003E - O processo de presta\u0026ccedil;\u0026atilde;o de Contas dever\u0026aacute; conter:\u003C\/span\u003E\u003C\/p\u003E\r\n\u003Cp class=\u0022MsoNormal\u0022\u003E\u003Cspan\u003E\u0026nbsp;\u003C\/span\u003E\u003C\/p\u003E\r\n\u003Cp class=\u0022MsoNormal\u0022\u003E\u003Cspan\u003E\u0026nbsp;I - Of\u0026iacute;cio de encaminhamento da presta\u0026ccedil;\u0026atilde;o de contas endere\u0026ccedil;ado ao Secret\u0026aacute;rio Municipal da Administra\u0026ccedil;\u0026atilde;o e da Gest\u0026atilde;o de Pessoas;\u003C\/span\u003E\u003C\/p\u003E\r\n\u003Cp class=\u0022MsoNormal\u0022\u003E\u003Cspan\u003EII - Rela\u0026ccedil;\u0026atilde;o de gastos efetuados dentro do prazo de aplica\u0026ccedil;\u0026atilde;o dos recursos; \u003C\/span\u003E\u003C\/p\u003E\r\n\u003Cp class=\u0022MsoNormal\u0022\u003E\u003Cspan\u003EIII - Notas fiscais, faturas e recibos emitidos em nome da entidade, as quais n\u0026atilde;o poder\u0026atilde;o conter rasuras ou emendas que prejudiquem a sua clareza ou legitimidade, devendo constar no corpo das mesmas \u0026agrave; quantidade, o pre\u0026ccedil;o unit\u0026aacute;rio, o pre\u0026ccedil;o total e a descri\u0026ccedil;\u0026atilde;o dos produtos.\u0026nbsp; \u003C\/span\u003E\u003C\/p\u003E\r\n\u003Cp class=\u0022MsoNormal\u0022\u003E\u003Cspan\u003E\u0026nbsp;\u003C\/span\u003E\u003C\/p\u003E\r\n\u003Cp class=\u0022MsoNormal\u0022\u003E\u003Cstrong\u003E\u003Cspan\u003EArt. 4\u003C\/span\u003E\u003C\/strong\u003E\u003Cspan\u003E - Caso exista saldo de recursos recebidos que n\u0026atilde;o tenha sido utilizado ou que tenha sido solicitada a sua restitui\u0026ccedil;\u0026atilde;o, este dever\u0026aacute; ser recolhido em nome do Munic\u0026iacute;pio de Itabaiana, em conta a ser indicada pelo mesmo, vinculada \u0026agrave; fonte origin\u0026aacute;ria dos recursos.\u003C\/span\u003E\u003C\/p\u003E\r\n\u003Cp class=\u0022MsoNormal\u0022\u003E\u003Cspan\u003E\u0026nbsp;\u003C\/span\u003E\u003C\/p\u003E\r\n\u003Cp class=\u0022MsoNormal\u0022\u003E\u003Cstrong\u003E\u003Cspan\u003EArt. 5\u003C\/span\u003E\u003C\/strong\u003E\u003Cspan\u003E - As despesas decorrentes da aplica\u0026ccedil;\u0026atilde;o desta Lei correr\u0026atilde;o por conta da dota\u0026ccedil;\u0026atilde;o or\u0026ccedil;ament\u0026aacute;ria de 2014, sen\u0026atilde;o vejamos:\u003C\/span\u003E\u003C\/p\u003E\r\n\u003Cp class=\u0022MsoNormal\u0022\u003E\u003C!--[if !supportLists]--\u003E\u003Cspan\u003E\u0026middot;\u003Cspan\u003E\u0026nbsp;\u0026nbsp;\u0026nbsp;\u0026nbsp;\u0026nbsp;\u0026nbsp;\u0026nbsp;\u0026nbsp; \u003C\/span\u003E\u003C\/span\u003E\u003C!--[endif]--\u003E\u003Cspan\u003E06 \u0026ndash; SECRETARIA DE EDUCA\u0026Ccedil;\u0026Atilde;O\u003C\/span\u003E\u003C\/p\u003E\r\n\u003Cp class=\u0022MsoNormal\u0022\u003E\u003C!--[if !supportLists]--\u003E\u003Cspan\u003E\u0026middot;\u003Cspan\u003E\u0026nbsp;\u0026nbsp;\u0026nbsp;\u0026nbsp;\u0026nbsp;\u0026nbsp;\u0026nbsp;\u0026nbsp; \u003C\/span\u003E\u003C\/span\u003E\u003C!--[endif]--\u003E\u003Cspan\u003E12.361.0005 \u0026ndash; EDUCA\u0026Ccedil;\u0026Atilde;O INCLUSIVA DE QUALIDADE\u003C\/span\u003E\u003C\/p\u003E\r\n\u003Cp class=\u0022MsoNormal\u0022\u003E\u003C!--[if !supportLists]--\u003E\u003Cspan\u003E\u0026middot;\u003Cspan\u003E\u0026nbsp;\u0026nbsp;\u0026nbsp;\u0026nbsp;\u0026nbsp;\u0026nbsp;\u0026nbsp;\u0026nbsp; \u003C\/span\u003E\u003C\/span\u003E\u003C!--[endif]--\u003E\u003Cspan\u003E12.361.0005.2.012 \u0026ndash; MANUTEN\u0026Ccedil;\u0026Atilde;O DA SECRETARIA DE EDUCA\u0026Ccedil;\u0026Atilde;O\u003C\/span\u003E\u003C\/p\u003E\r\n\u003Cp class=\u0022MsoNormal\u0022\u003E\u003C!--[if !supportLists]--\u003E\u003Cspan\u003E\u0026middot;\u003Cspan\u003E\u0026nbsp;\u0026nbsp;\u0026nbsp;\u0026nbsp;\u0026nbsp;\u0026nbsp;\u0026nbsp;\u0026nbsp; \u003C\/span\u003E\u003C\/span\u003E\u003C!--[endif]--\u003E\u003Cspan\u003E3350.43.00 \u0026ndash; SUBVEN\u0026Ccedil;\u0026Otilde;ES SOCIAIS\u003C\/span\u003E\u003C\/p\u003E\r\n\u003Cp class=\u0022MsoNormal\u0022\u003E\u003Cspan\u003E\u0026nbsp;\u003C\/span\u003E\u003C\/p\u003E\r\n\u003Cp class=\u0022MsoNormal\u0022\u003E\u003Cstrong\u003E\u003Cspan\u003EArt. 6\u003C\/span\u003E\u003C\/strong\u003E\u003Cspan\u003E - Esta Lei entra em vigor a partir de 01 de fevereiro de 2014.\u003C\/span\u003E\u003C\/p\u003E\r\n\u003Cp class=\u0022MsoNormal\u0022\u003E\u003Cstrong\u003E\u003Cspan\u003E\u0026nbsp;\u003C\/span\u003E\u003C\/strong\u003E\u003C\/p\u003E\r\n\u003Cp class=\u0022MsoNormal\u0022\u003E\u003Cstrong\u003E\u003Cspan\u003EArt. 7\u003C\/span\u003E\u003C\/strong\u003E\u003Cspan\u003E - Revogam-se as disposi\u0026ccedil;\u0026otilde;es em contr\u0026aacute;rio.\u003C\/span\u003E\u003C\/p\u003E\r\n\u003Cp class=\u0022MsoNormal\u0022\u003E\u003Cspan\u003E\u0026nbsp;\u003C\/span\u003E\u003C\/p\u003E\r\n\u003Cp class=\u0022MsoNormal\u0022\u003E\u003Cspan\u003EGabinete do Prefeito de Itabaiana\/SE, 17 de dezembro de 2013.\u003C\/span\u003E\u003C\/p\u003E\r\n\u003Cp class=\u0022MsoNormal\u0022 align=\u0022center\u0022\u003E\u003Cspan\u003E\u0026nbsp;\u003C\/span\u003E\u003C\/p\u003E\r\n\u003Cp class=\u0022MsoNormal\u0022 align=\u0022center\u0022\u003E\u003Cspan\u003E\u0026nbsp;\u003C\/span\u003E\u003C\/p\u003E\r\n\u003Cp class=\u0022MsoNormal\u0022 align=\u0022center\u0022\u003E\u003Cstrong\u003E\u003Cspan\u003EVALMIR DOS SANTOS COSTA\u003C\/span\u003E\u003C\/strong\u003E\u003C\/p\u003E\r\n\u003Cp class=\u0022MsoNormal\u0022 align=\u0022center\u0022\u003E\u003Cspan\u003EPrefeito\u003C\/span\u003E\u003C\/p\u003E\r\n\u003Cp class=\u0022MsoNormal\u0022 align=\u0022center\u0022\u003E\u003Cspan\u003E\u0026nbsp;\u003C\/span\u003E\u003C\/p\u003E\r\n\u003Cp class=\u0022MsoNormal\u0022 align=\u0022center\u0022\u003E\u003Cspan\u003E\u0026nbsp;\u003C\/span\u003E\u003C\/p\u003E\r\n\u003Cp class=\u0022MsoNormal\u0022 align=\u0022center\u0022\u003E\u003Cstrong\u003E\u003Cspan\u003ELUCAS CARDINALI PACHECO\u003C\/span\u003E\u003C\/strong\u003E\u003C\/p\u003E\r\n\u003Cp\u003E\u0026nbsp;\u003C\/p\u003E\r\n\u003Cp class=\u0022MsoNormal\u0022 align=\u0022center\u0022\u003E\u003Cspan\u003EProcurador Geral do Munic\u0026iacute;pio\u003C\/span\u003E\u003C\/p\u003E","criado":"2013-12-17 00:00:00","alterado":"2013-12-17 00:00:00"},{"id":1899,"titulo":"Concede Subven\u00e7\u00e3o a Associa\u00e7\u00e3o Ol\u00edmpica de Itabaiana (AOI) e d\u00e1 outras provid\u00eancias.","numero":"1729","categoria_id":1,"aprovada":"2013-12-17 00:00:00","slug":"concede-subven-o-a-associa-o-ol-mpica-de-itabaiana-aoi-e-d-outras-provid-ncias","descricao":"\u003Cp class=\u0022MsoNormal\u0022\u003E\u003Cstrong\u003E\u003Cspan\u003EO PREFEITO DO MUNIC\u0026Iacute;PIO DE ITABAIANA, ESTADO DE SERGIPE, \u003C\/span\u003E\u003C\/strong\u003E\u003Cspan\u003Eno uso de suas atribui\u0026ccedil;\u0026otilde;es;\u003Cstrong\u003E\u003C\/strong\u003E\u003C\/span\u003E\u003C\/p\u003E\r\n\u003Cp class=\u0022MsoNormal\u0022\u003E\u003Cspan\u003EFa\u0026ccedil;o saber que a C\u0026acirc;mara Municipal aprovou e eu sanciono e promulgo a seguinte lei:\u003C\/span\u003E\u003C\/p\u003E\r\n\u003Cp class=\u0022MsoNormal\u0022\u003E\u003Cspan\u003E\u0026nbsp;\u003C\/span\u003E\u003C\/p\u003E\r\n\u003Cp class=\u0022MsoNormal\u0022\u003E\u003Cstrong\u003E\u003Cspan\u003EArt. 1\u003C\/span\u003E\u003C\/strong\u003E\u003Cspan\u003E \u0026ndash; Fica o Poder Executivo Municipal, autorizado a conceder subven\u0026ccedil;\u0026atilde;o \u0026agrave; Associa\u0026ccedil;\u0026atilde;o Ol\u0026iacute;mpica de Itabaiana, inscrita sob o CNPJ n\u0026deg; 13.002.563\/0001-60, com sede na Avenida Jos\u0026eacute; Am\u0026acirc;ncio Bispo, n\u0026ordm; 5255, Bairro Miguel Teles de Mendon\u0026ccedil;a, Itabaiana\/SE, com a finalidade de patrocinar o time nos jogos que disputar\u0026aacute; no campeonato Estadual de Futebol, bem como de custear despesas com o cumprimento de obriga\u0026ccedil;\u0026otilde;es decorrentes de suas finalidades estatut\u0026aacute;rias.\u003C\/span\u003E\u003C\/p\u003E\r\n\u003Cp class=\u0022MsoNormal\u0022\u003E\u003Cspan\u003E\u0026nbsp;\u003C\/span\u003E\u003C\/p\u003E\r\n\u003Cp class=\u0022MsoNormal\u0022\u003E\u003Cstrong\u003E\u003Cspan\u003EArt. 2\u003C\/span\u003E\u003C\/strong\u003E\u003Cspan\u003E - O Poder Executivo Municipal conceder\u0026aacute; Subven\u0026ccedil;\u0026atilde;o a Associa\u0026ccedil;\u0026atilde;o Ol\u0026iacute;mpica de Itabaiana no valor total de R$ 60.000,00 (sessenta mil reais) durante 06 meses, sendo esse valor repassado em parcelas mensais de R$ 10.000,00 (dez mil reais) desde que o time esteja disputando ativamente o campeonato, sob pena de ser cancelando a subven\u0026ccedil;\u0026atilde;o.\u003C\/span\u003E\u003C\/p\u003E\r\n\u003Cp class=\u0022MsoNormal\u0022\u003E\u003Cstrong\u003E\u003Cspan\u003E\u0026nbsp;\u003C\/span\u003E\u003C\/strong\u003E\u003C\/p\u003E\r\n\u003Cp class=\u0022MsoNormal\u0022\u003E\u003Cstrong\u003E\u003Cspan\u003EI\u003C\/span\u003E\u003C\/strong\u003E\u003Cspan\u003E - A subven\u0026ccedil;\u0026atilde;o de que trata o \u0026ldquo;caput\u0026rdquo; desse artigo, dever\u0026aacute; ser aplicada na cobertura de despesas provenientes do objeto de conv\u0026ecirc;nio a ser firmado, na forma desta Lei.\u003C\/span\u003E\u003C\/p\u003E\r\n\u003Cp class=\u0022MsoNormal\u0022\u003E\u003Cspan\u003E\u0026nbsp;\u003C\/span\u003E\u003C\/p\u003E\r\n\u003Cp class=\u0022MsoNormal\u0022\u003E\u003Cstrong\u003E\u003Cspan\u003EII \u003C\/span\u003E\u003C\/strong\u003E\u003Cspan\u003E- O repasse dos valores de que trata esta Lei, na forma de subven\u0026ccedil;\u0026atilde;o social, servir\u0026aacute; como participa\u0026ccedil;\u0026atilde;o do munic\u0026iacute;pio, no desenvolvimento social e cultural \u0026agrave; popula\u0026ccedil;\u0026atilde;o Itabaianense.\u003C\/span\u003E\u003C\/p\u003E\r\n\u003Cp class=\u0022MsoNormal\u0022\u003E\u003Cspan\u003E\u0026nbsp;\u003C\/span\u003E\u003C\/p\u003E\r\n\u003Cp class=\u0022MsoNormal\u0022\u003E\u003Cstrong\u003E\u003Cspan\u003EIII\u003C\/span\u003E\u003C\/strong\u003E\u003Cspan\u003E \u0026ndash; A entidade beneficiada por esta Lei dever\u0026aacute; apresentar ao Poder Executivo Municipal, trimestralmente, desde a assinatura de conv\u0026ecirc;nio, planos de trabalho e de aplica\u0026ccedil;\u0026atilde;o de recursos, sob pena de cancelamento do repasse.\u003C\/span\u003E\u003C\/p\u003E\r\n\u003Cp class=\u0022MsoNormal\u0022\u003E\u003Cspan\u003E\u0026nbsp;\u003C\/span\u003E\u003C\/p\u003E\r\n\u003Cp class=\u0022MsoNormal\u0022\u003E\u003Cstrong\u003E\u003Cspan\u003EIV\u003C\/span\u003E\u003C\/strong\u003E\u003Cspan\u003E - O Poder Executivo Municipal dever\u0026aacute; julgar e aprovar os planos de trabalho e de aplica\u0026ccedil;\u0026atilde;o de recursos citados no par\u0026aacute;grafo anterior, enquanto o representante legal da entidade beneficiada dever\u0026aacute; encaminhar c\u0026oacute;pias dos mesmos, no prazo de cinco dias da entrega ao Munic\u0026iacute;pio e \u0026agrave; C\u0026acirc;mara de Vereadores, sob pena de suspens\u0026atilde;o do conv\u0026ecirc;nio.\u003C\/span\u003E\u003C\/p\u003E\r\n\u003Cp class=\u0022MsoNormal\u0022\u003E\u003Cstrong\u003E\u003Cspan\u003E\u0026nbsp;\u003C\/span\u003E\u003C\/strong\u003E\u003C\/p\u003E\r\n\u003Cp class=\u0022MsoNormal\u0022\u003E\u003Cstrong\u003E\u003Cspan\u003EArt. 3\u003C\/span\u003E\u003C\/strong\u003E\u003Cspan\u003E - O processo de presta\u0026ccedil;\u0026atilde;o de Contas dever\u0026aacute; conter:\u003C\/span\u003E\u003C\/p\u003E\r\n\u003Cp class=\u0022MsoNormal\u0022\u003E\u003Cspan\u003E\u0026nbsp;\u003C\/span\u003E\u003C\/p\u003E\r\n\u003Cp class=\u0022MsoNormal\u0022\u003E\u003Cspan\u003E\u0026nbsp;I - Of\u0026iacute;cio de encaminhamento da presta\u0026ccedil;\u0026atilde;o de contas endere\u0026ccedil;ado ao Secret\u0026aacute;rio Municipal da Administra\u0026ccedil;\u0026atilde;o e da Gest\u0026atilde;o de Pessoas;\u003C\/span\u003E\u003C\/p\u003E\r\n\u003Cp class=\u0022MsoNormal\u0022\u003E\u003Cspan\u003EII - Rela\u0026ccedil;\u0026atilde;o de gastos efetuados dentro do prazo de aplica\u0026ccedil;\u0026atilde;o dos recursos; \u003C\/span\u003E\u003C\/p\u003E\r\n\u003Cp class=\u0022MsoNormal\u0022\u003E\u003Cspan\u003EIII - Notas fiscais, faturas e recibos emitidos em nome da entidade, as quais n\u0026atilde;o poder\u0026atilde;o conter rasuras ou emendas que prejudiquem a sua clareza ou legitimidade, devendo constar no corpo das mesmas \u0026agrave; quantidade, o pre\u0026ccedil;o unit\u0026aacute;rio, o pre\u0026ccedil;o total e a descri\u0026ccedil;\u0026atilde;o dos produtos.\u0026nbsp; \u003C\/span\u003E\u003C\/p\u003E\r\n\u003Cp class=\u0022MsoNormal\u0022\u003E\u003Cspan\u003E\u0026nbsp;\u003C\/span\u003E\u003C\/p\u003E\r\n\u003Cp class=\u0022MsoNormal\u0022\u003E\u003Cstrong\u003E\u003Cspan\u003EArt. 4\u003C\/span\u003E\u003C\/strong\u003E\u003Cspan\u003E - Caso exista saldo de recursos recebidos que n\u0026atilde;o tenha sido utilizado ou que tenha sido solicitada a sua restitui\u0026ccedil;\u0026atilde;o, este dever\u0026aacute; ser recolhido em nome do Munic\u0026iacute;pio de Itabaiana, em conta a ser indicada pelo mesmo, vinculada \u0026agrave; fonte origin\u0026aacute;ria dos recursos.\u003C\/span\u003E\u003C\/p\u003E\r\n\u003Cp class=\u0022MsoNormal\u0022\u003E\u003Cspan\u003E\u0026nbsp;\u003C\/span\u003E\u003C\/p\u003E\r\n\u003Cp class=\u0022MsoNormal\u0022\u003E\u003Cstrong\u003E\u003Cspan\u003EArt. 5\u003C\/span\u003E\u003C\/strong\u003E\u003Cspan\u003E - As despesas decorrentes da aplica\u0026ccedil;\u0026atilde;o desta Lei correr\u0026atilde;o por conta da dota\u0026ccedil;\u0026atilde;o or\u0026ccedil;ament\u0026aacute;ria de 2014, sen\u0026atilde;o vejamos:\u003C\/span\u003E\u003C\/p\u003E\r\n\u003Cul type=\u0022disc\u0022\u003E\r\n\u003Cli class=\u0022MsoNormal\u0022\u003E\u003Cspan\u003E15      \u0026ndash; SEC. DA IND\u0026Uacute;STRIA DO COM. DOS SERV. DO ESPORTE E DO LAZER\u003C\/span\u003E\u003C\/li\u003E\r\n\u003Cli class=\u0022MsoNormal\u0022\u003E\u003Cspan\u003E27813      - LAZER\u003C\/span\u003E\u003C\/li\u003E\r\n\u003Cli class=\u0022MsoNormal\u0022\u003E\u003Cspan\u003E27.813.0004      \u0026ndash; PROM. DE ATIVIDADES CULTURAIS, ART\u0026Iacute;STICAS, DESPORTIVAS E DE LAZER COM      \u0026Ecirc;NFASE NA QUALIDADE DE VIDA\u003C\/span\u003E\u003C\/li\u003E\r\n\u003Cli class=\u0022MsoNormal\u0022\u003E\u003Cspan\u003E27.813.0004.2.077      \u0026ndash; INCENTIVO AO DESPORTO E LAZER\u003C\/span\u003E\u003C\/li\u003E\r\n\u003Cli class=\u0022MsoNormal\u0022\u003E\u003Cspan\u003E3350.43.00      \u0026ndash; SUBVEN\u0026Ccedil;\u0026Otilde;ES SOCIAIS\u003C\/span\u003E\u003C\/li\u003E\r\n\u003C\/ul\u003E\r\n\u003Cp class=\u0022MsoNormal\u0022\u003E\u003Cspan\u003E\u0026nbsp;\u003C\/span\u003E\u003C\/p\u003E\r\n\u003Cp class=\u0022MsoNormal\u0022\u003E\u003Cstrong\u003E\u003Cspan\u003EPar\u0026aacute;grafo \u0026uacute;nico\u003C\/span\u003E\u003C\/strong\u003E\u003Cspan\u003E \u0026ndash; Caso haja altera\u0026ccedil;\u0026atilde;o da dota\u0026ccedil;\u0026atilde;o devido \u0026agrave; reforma administrativa implementada pelas Leis Complementares 33 e 34 de 2013, poder\u0026aacute; haver a corre\u0026ccedil;\u0026atilde;o da dota\u0026ccedil;\u0026atilde;o por meio de decreto do executivo.\u003C\/span\u003E\u003C\/p\u003E\r\n\u003Cp class=\u0022MsoNormal\u0022\u003E\u003Cstrong\u003E\u003Cspan\u003E\u0026nbsp;\u003C\/span\u003E\u003C\/strong\u003E\u003C\/p\u003E\r\n\u003Cp class=\u0022MsoNormal\u0022\u003E\u003Cstrong\u003E\u003Cspan\u003EArt. 6\u003C\/span\u003E\u003C\/strong\u003E\u003Cspan\u003E - Esta Lei entra em vigor a partir de 01 de janeiro de 2014.\u003C\/span\u003E\u003C\/p\u003E\r\n\u003Cp class=\u0022MsoNormal\u0022\u003E\u003Cstrong\u003E\u003Cspan\u003E\u0026nbsp;\u003C\/span\u003E\u003C\/strong\u003E\u003C\/p\u003E\r\n\u003Cp class=\u0022MsoNormal\u0022\u003E\u003Cstrong\u003E\u003Cspan\u003EArt. 7\u003C\/span\u003E\u003C\/strong\u003E\u003Cspan\u003E - Revogam-se as disposi\u0026ccedil;\u0026otilde;es em contr\u0026aacute;rio.\u003C\/span\u003E\u003C\/p\u003E\r\n\u003Cp class=\u0022MsoNormal\u0022\u003E\u003Cspan\u003E\u0026nbsp;\u003C\/span\u003E\u003C\/p\u003E\r\n\u003Cp class=\u0022MsoNormal\u0022\u003E\u003Cspan\u003EGabinete do Prefeito de Itabaiana\/SE, 17 de dezembro de 2013.\u003C\/span\u003E\u003C\/p\u003E\r\n\u003Cp class=\u0022MsoNormal\u0022 align=\u0022center\u0022\u003E\u003Cspan\u003E\u0026nbsp;\u003C\/span\u003E\u003C\/p\u003E\r\n\u003Cp class=\u0022MsoNormal\u0022 align=\u0022center\u0022\u003E\u003Cspan\u003E\u0026nbsp;\u003C\/span\u003E\u003C\/p\u003E\r\n\u003Cp class=\u0022MsoNormal\u0022 align=\u0022center\u0022\u003E\u003Cspan\u003E\u0026nbsp;\u003C\/span\u003E\u003C\/p\u003E\r\n\u003Cp class=\u0022MsoNormal\u0022 align=\u0022center\u0022\u003E\u003Cstrong\u003E\u003Cspan\u003EVALMIR DOS SANTOS COSTA\u003C\/span\u003E\u003C\/strong\u003E\u003C\/p\u003E\r\n\u003Cp class=\u0022MsoNormal\u0022 align=\u0022center\u0022\u003E\u003Cspan\u003EPrefeito\u003C\/span\u003E\u003C\/p\u003E\r\n\u003Cp class=\u0022MsoNormal\u0022 align=\u0022center\u0022\u003E\u003Cspan\u003E\u0026nbsp;\u003C\/span\u003E\u003C\/p\u003E\r\n\u003Cp class=\u0022MsoNormal\u0022 align=\u0022center\u0022\u003E\u003Cspan\u003E\u0026nbsp;\u003C\/span\u003E\u003C\/p\u003E\r\n\u003Cp class=\u0022MsoNormal\u0022 align=\u0022center\u0022\u003E\u003Cstrong\u003E\u003Cspan\u003ELUCAS CARDINALI PACHECO\u003C\/span\u003E\u003C\/strong\u003E\u003C\/p\u003E\r\n\u003Cp\u003E\u0026nbsp;\u003C\/p\u003E\r\n\u003Cp class=\u0022MsoNormal\u0022 align=\u0022center\u0022\u003E\u003Cspan\u003EProcurador Geral do Munic\u0026iacute;pio\u003C\/span\u003E\u003C\/p\u003E","criado":"2013-12-17 00:00:00","alterado":"2013-12-17 00:00:00"},{"id":1898,"titulo":"Institui o Programa \u201cAcademia ao Ar Livre\u201d e d\u00e1 outras provid\u00eancias.","numero":"1728","categoria_id":1,"aprovada":"2013-12-17 00:00:00","slug":"institui-o-programa-academia-ao-ar-livre-e-d-outras-provid-ncias","descricao":"\u003Cp class=\u0022MsoNormal\u0022\u003E\u003Cstrong\u003E\u003Cspan\u003EO PREFEITO DO MUNIC\u0026Iacute;PIO DE ITABAIANA, ESTADO DE SERGIPE, \u003C\/span\u003E\u003C\/strong\u003E\u003Cspan\u003Eno uso de suas atribui\u0026ccedil;\u0026otilde;es legais;\u003Cstrong\u003E\u003C\/strong\u003E\u003C\/span\u003E\u003C\/p\u003E\r\n\u003Cp class=\u0022MsoNormal\u0022\u003E\u003Cspan\u003E\u0026nbsp;\u003C\/span\u003E\u003C\/p\u003E\r\n\u003Cp class=\u0022MsoNormal\u0022\u003E\u003Cspan\u003E\u0026nbsp;\u0026nbsp;\u0026nbsp;\u0026nbsp;\u0026nbsp;\u0026nbsp;\u0026nbsp;\u0026nbsp;\u0026nbsp;\u0026nbsp;\u0026nbsp;\u0026nbsp;\u0026nbsp;\u0026nbsp;\u0026nbsp;\u0026nbsp;\u0026nbsp;\u0026nbsp;\u0026nbsp;\u0026nbsp;\u0026nbsp;\u0026nbsp;\u0026nbsp; Fa\u0026ccedil;o saber que a C\u0026acirc;mara Municipal aprovou e eu sanciono e promulgo a seguinte LEI:\u003C\/span\u003E\u003C\/p\u003E\r\n\u003Cp class=\u0022MsoNormal\u0022\u003E\u003Cspan\u003E\u0026nbsp;\u003C\/span\u003E\u003C\/p\u003E\r\n\u003Cp class=\u0022MsoNormal\u0022\u003E\u003Cspan\u003E\u0026nbsp;\u0026nbsp;\u0026nbsp;\u0026nbsp;\u0026nbsp;\u0026nbsp;\u0026nbsp;\u0026nbsp;\u0026nbsp;\u0026nbsp;\u0026nbsp;\u0026nbsp;\u0026nbsp;\u0026nbsp;\u0026nbsp;\u0026nbsp;\u0026nbsp;\u0026nbsp;\u0026nbsp;\u0026nbsp;\u0026nbsp;\u0026nbsp;\u0026nbsp; Art. 1 - Fica institu\u0026iacute;do o programa \u0026ldquo;Academia ao Ar Livre\u0026rdquo; para a pr\u0026aacute;tica de exerc\u0026iacute;cios f\u0026iacute;sicos para todas as idades, nas pra\u0026ccedil;as, pra\u0026ccedil;a de eventos e demais locais p\u0026uacute;blicos apropriados no Munic\u0026iacute;pio de Itabaiana, atrav\u0026eacute;s de termos de coopera\u0026ccedil;\u0026atilde;o, conv\u0026ecirc;nios ou parceiras firmados com entidades privadas.\u003C\/span\u003E\u003C\/p\u003E\r\n\u003Cp class=\u0022MsoNormal\u0022\u003E\u003Cspan\u003E\u0026nbsp;\u003C\/span\u003E\u003C\/p\u003E\r\n\u003Cp class=\u0022MsoNormal\u0022\u003E\u003Cspan\u003EI - Os termos de coopera\u0026ccedil;\u0026atilde;o, conv\u0026ecirc;nios ou parcerias a que se refere o artigo 1\u0026ordm; consistir\u0026aacute; \u0026agrave; custa das entidades privadas, da cess\u0026atilde;o de aparelhos espec\u0026iacute;ficos para a pr\u0026aacute;tica de exerc\u0026iacute;cios f\u0026iacute;sicos ao ar livre, o munic\u0026iacute;pio fica respons\u0026aacute;vel na conserva\u0026ccedil;\u0026atilde;o e manuten\u0026ccedil;\u0026atilde;o dos referidos equipamentos, que dever\u0026atilde;o contemplar os principais grupos musculares, bem como o trabalho aer\u0026oacute;bico.\u003C\/span\u003E\u003C\/p\u003E\r\n\u003Cp class=\u0022MsoNormal\u0022\u003E\u003Cspan\u003E\u0026nbsp;\u003C\/span\u003E\u003C\/p\u003E\r\n\u003Cp class=\u0022MsoNormal\u0022\u003E\u003Cspan\u003EI - Nos aparelhos dever\u0026atilde;o conter a placa de orienta\u0026ccedil;\u0026atilde;o para a melhor utiliza\u0026ccedil;\u0026atilde;o dos mesmos, propiciando, o seu uso e permitindo ao mun\u0026iacute;cipe a utiliza\u0026ccedil;\u0026atilde;o da academia ao ar livre, tendo ou n\u0026atilde;o supervis\u0026atilde;o de profissional de Educa\u0026ccedil;\u0026atilde;o F\u0026iacute;sica habilitado.\u003C\/span\u003E\u003C\/p\u003E\r\n\u003Cp class=\u0022MsoNormal\u0022\u003E\u003Cspan\u003E\u0026nbsp;\u003C\/span\u003E\u003C\/p\u003E\r\n\u003Cp class=\u0022MsoNormal\u0022\u003E\u003Cspan\u003EArt. 2 - A realiza\u0026ccedil;\u0026atilde;o de qualquer interven\u0026ccedil;\u0026atilde;o na \u0026aacute;rea disponibilizada depender\u0026aacute; de pr\u0026eacute;via aprova\u0026ccedil;\u0026atilde;o do projeto pela Prefeitura.\u003C\/span\u003E\u003C\/p\u003E\r\n\u003Cp class=\u0022MsoNormal\u0022\u003E\u003Cspan\u003E\u0026nbsp;\u003C\/span\u003E\u003C\/p\u003E\r\n\u003Cp class=\u0022MsoNormal\u0022\u003E\u003Cspan\u003EArt. 3 - O instrumento de coopera\u0026ccedil;\u0026atilde;o ter\u0026aacute; prazo de vig\u0026ecirc;ncia de, no m\u0026iacute;nimo, 02 (dois) anos, prorrog\u0026aacute;veis por igual per\u0026iacute;odo caso haja interesse das partes.\u003C\/span\u003E\u003C\/p\u003E\r\n\u003Cp class=\u0022MsoNormal\u0022\u003E\u003Cspan\u003E\u0026nbsp;\u003C\/span\u003E\u003C\/p\u003E\r\n\u003Cp class=\u0022MsoNormal\u0022\u003E\u003Cspan\u003EArt. 4 - A Secretaria Municipal de Obras e Planejamento ficar\u0026aacute; encarregada de relacionar as \u0026aacute;reas passiveis de cria\u0026ccedil;\u0026atilde;o do Projeto Academia ao Ar Livre, bom como o Departamento Municipal de Esportes ficar\u0026aacute; encarregado de promover a convoca\u0026ccedil;\u0026atilde;o dos interessados em firmar o instrumento de coopera\u0026ccedil;\u0026atilde;o, por meio de edital, contendo, no m\u0026iacute;nimo a descri\u0026ccedil;\u0026atilde;o das \u0026aacute;reas, os requisitos de habilita\u0026ccedil;\u0026atilde;o e o crit\u0026eacute;rio de julgamento.\u003C\/span\u003E\u003C\/p\u003E\r\n\u003Cp class=\u0022MsoNormal\u0022\u003E\u003Cspan\u003EArt. 5 - A entidade colaboradora poder\u0026aacute; instalar placa de divulga\u0026ccedil;\u0026atilde;o de sua marca, na \u0026aacute;rea designada, na medida padr\u0026atilde;o de 2,00x1,00 metros, de dupla face, conforme modelo aprovado por \u0026oacute;rg\u0026atilde;o competente da Prefeitura, na quantidade de uma placa a cada Academia ao Ar Livre.\u003C\/span\u003E\u003C\/p\u003E\r\n\u003Cp class=\u0022MsoNormal\u0022\u003E\u003Cspan\u003E\u0026nbsp;\u003C\/span\u003E\u003C\/p\u003E\r\n\u003Cp class=\u0022MsoNormal\u0022\u003E\u003Cspan\u003EPar\u0026aacute;grafo \u0026Uacute;nico \u0026ndash; O conte\u0026uacute;do da placa dever\u0026aacute; ficar limitada ao objeto do instrumento de coopera\u0026ccedil;\u0026atilde;o e ao nome dos participes.\u003C\/span\u003E\u003C\/p\u003E\r\n\u003Cp class=\u0022MsoNormal\u0022\u003E\u003Cspan\u003E\u0026nbsp;\u003C\/span\u003E\u003C\/p\u003E\r\n\u003Cp class=\u0022MsoNormal\u0022\u003E\u003Cspan\u003EArt. 6 - A fiscaliza\u0026ccedil;\u0026atilde;o do disposto nesta Lei ser\u0026aacute; exercida pela Secretaria Municipal de Cultura, Juventude, Esporte e Lazer.\u003C\/span\u003E\u003C\/p\u003E\r\n\u003Cp class=\u0022MsoNormal\u0022\u003E\u003Cspan\u003E\u0026nbsp;\u003C\/span\u003E\u003C\/p\u003E\r\n\u003Cp class=\u0022MsoNormal\u0022\u003E\u003Cspan\u003E\u0026nbsp;\u0026nbsp;\u0026nbsp;\u0026nbsp;\u0026nbsp;\u0026nbsp;\u0026nbsp;\u0026nbsp;\u0026nbsp;\u0026nbsp;\u0026nbsp;\u0026nbsp;\u0026nbsp;\u0026nbsp;\u0026nbsp;\u0026nbsp;\u0026nbsp;\u0026nbsp;\u0026nbsp;\u0026nbsp;\u0026nbsp;\u0026nbsp;\u0026nbsp; Art. 7 - Esta Lei entra em vigor na data de sua publica\u0026ccedil;\u0026atilde;o.\u003C\/span\u003E\u003C\/p\u003E\r\n\u003Cp class=\u0022MsoNormal\u0022\u003E\u003Cspan\u003E\u0026nbsp;\u003C\/span\u003E\u003C\/p\u003E\r\n\u003Cp class=\u0022MsoNormal\u0022\u003E\u003Cspan\u003E\u0026nbsp;\u003C\/span\u003E\u003C\/p\u003E\r\n\u003Cp class=\u0022MsoNormal\u0022\u003E\u003Cspan\u003E\u0026nbsp;\u0026nbsp;\u0026nbsp;\u0026nbsp;\u0026nbsp;\u0026nbsp;\u0026nbsp;\u0026nbsp;\u0026nbsp;\u0026nbsp;\u0026nbsp;\u0026nbsp;\u0026nbsp;\u0026nbsp;\u0026nbsp;\u0026nbsp;\u0026nbsp;\u0026nbsp;\u0026nbsp;\u0026nbsp;\u0026nbsp;\u0026nbsp;\u0026nbsp; Gabinete do Prefeito Municipal de Itabaiana\/SE, em 17 de Dezembro de 2013.\u003C\/span\u003E\u003C\/p\u003E\r\n\u003Cp class=\u0022MsoNormal\u0022\u003E\u003Cspan\u003E\u0026nbsp;\u003C\/span\u003E\u003C\/p\u003E\r\n\u003Cp class=\u0022MsoNormal\u0022\u003E\u003Cspan\u003E\u0026nbsp;\u0026nbsp;\u0026nbsp;\u0026nbsp;\u0026nbsp;\u0026nbsp;\u0026nbsp;\u0026nbsp;\u0026nbsp;\u0026nbsp;\u0026nbsp;\u0026nbsp;\u0026nbsp;\u0026nbsp;\u0026nbsp;\u0026nbsp;\u0026nbsp;\u0026nbsp;\u0026nbsp;\u0026nbsp;\u0026nbsp;\u0026nbsp;\u0026nbsp;\u0026nbsp;\u0026nbsp;\u0026nbsp;\u0026nbsp;\u0026nbsp;\u0026nbsp;\u0026nbsp;\u0026nbsp;\u0026nbsp;\u0026nbsp;\u0026nbsp; \u003C\/span\u003E\u003C\/p\u003E\r\n\u003Cp class=\u0022MsoNormal\u0022 align=\u0022center\u0022\u003E\u003Cstrong\u003E\u003Cspan\u003EVALMIR DOS SANTOS COSTA\u003C\/span\u003E\u003C\/strong\u003E\u003C\/p\u003E\r\n\u003Cp class=\u0022MsoNormal\u0022 align=\u0022center\u0022\u003E\u003Cspan\u003EPrefeito\u003C\/span\u003E\u003C\/p\u003E\r\n\u003Cp class=\u0022MsoNormal\u0022 align=\u0022center\u0022\u003E\u003Cspan\u003E\u0026nbsp;\u003C\/span\u003E\u003C\/p\u003E\r\n\u003Cp class=\u0022MsoNormal\u0022\u003E\u003Cspan\u003E\u0026nbsp;\u003C\/span\u003E\u003C\/p\u003E\r\n\u003Cp class=\u0022MsoNormal\u0022 align=\u0022center\u0022\u003E\u003Cstrong\u003E\u003Cspan\u003ELUCAS CARDINALI PACHECO\u003C\/span\u003E\u003C\/strong\u003E\u003C\/p\u003E\r\n\u003Cp\u003E\u0026nbsp;\u003C\/p\u003E\r\n\u003Cp class=\u0022MsoNormal\u0022 align=\u0022center\u0022\u003E\u003Cspan\u003EProcurador Geral do Munic\u0026iacute;pio\u003C\/span\u003E\u003C\/p\u003E","criado":"2013-12-17 00:00:00","alterado":"2013-12-17 00:00:00"},{"id":1897,"titulo":"Autoriza ao Poder Executivo a abrir Cr\u00e9dito Adicional Especial no valor de R$ 500.000,000 (quinhentos mil reais) para os fins que especifica.","numero":"1727","categoria_id":1,"aprovada":"2013-12-17 00:00:00","slug":"autoriza-ao-poder-executivo-a-abrir-cr-dito-adicional-especial-no-valor-de-r-500-000-000-quinhentos-mil-reais-para-os-fins-que-especifica","descricao":"\u003Cp class=\u0022MsoNormal\u0022\u003E\u003Cstrong\u003E\u003Cspan\u003EO PREFEITO DO MUNIC\u0026Iacute;PIO DE ITABAIANA, ESTADO DE SERGIPE, \u003C\/span\u003E\u003C\/strong\u003E\u003Cspan\u003Eno uso de suas atribui\u0026ccedil;\u0026otilde;es legais;\u003Cstrong\u003E\u003C\/strong\u003E\u003C\/span\u003E\u003C\/p\u003E\r\n\u003Cp class=\u0022MsoNormal\u0022\u003E\u003Cspan\u003E\u0026nbsp;\u003C\/span\u003E\u003C\/p\u003E\r\n\u003Cp class=\u0022MsoNormal\u0022\u003E\u003Cspan\u003E\u0026nbsp;\u0026nbsp;\u0026nbsp;\u0026nbsp;\u0026nbsp;\u0026nbsp;\u0026nbsp;\u0026nbsp;\u0026nbsp;\u0026nbsp;\u0026nbsp;\u0026nbsp;\u0026nbsp;\u0026nbsp;\u0026nbsp;\u0026nbsp;\u0026nbsp;\u0026nbsp;\u0026nbsp;\u0026nbsp;\u0026nbsp;\u0026nbsp;\u0026nbsp; Fa\u0026ccedil;o saber que a C\u0026acirc;mara Municipal aprovou e eu sanciono e promulgo a seguinte LEI:\u003C\/span\u003E\u003C\/p\u003E\r\n\u003Cp class=\u0022MsoNormal\u0022\u003E\u003Cspan\u003E\u0026nbsp;\u003C\/span\u003E\u003C\/p\u003E\r\n\u003Cp class=\u0022MsoNormal\u0022\u003E\u003Cspan\u003E\u0026nbsp;\u0026nbsp;\u0026nbsp;\u0026nbsp;\u0026nbsp;\u0026nbsp;\u0026nbsp;\u0026nbsp;\u0026nbsp;\u0026nbsp;\u0026nbsp;\u0026nbsp;\u0026nbsp;\u0026nbsp;\u0026nbsp;\u0026nbsp;\u0026nbsp;\u0026nbsp;\u0026nbsp;\u0026nbsp;\u0026nbsp;\u0026nbsp;\u0026nbsp; Art. 1\u0026ordm; - Fica o Poder Executivo autorizado a abrir o Cr\u0026eacute;dito Adicional Especial no valor de R$ 500.000,000 (quinhentos mil reais), destinados a cobrir despesas n\u0026atilde;o previstas no vigente Or\u0026ccedil;amento, relativas TRANSFER\u0026Ecirc;NCIAS A CONS\u0026Oacute;RCIOS P\u0026Uacute;BLICOS.\u003C\/span\u003E\u003C\/p\u003E\r\n\u003Cp class=\u0022MsoNormal\u0022\u003E\u003Cspan\u003E\u0026nbsp;\u003C\/span\u003E\u003C\/p\u003E\r\n\u003Cp class=\u0022MsoNormal\u0022\u003E\u003Cspan\u003EArt. 2\u0026ordm; - As despesas atender\u0026atilde;o ao disposto na Lei 11.107\/2005, que disp\u0026otilde;e sobre as normas gerais para contrata\u0026ccedil;\u0026atilde;o de Cons\u0026oacute;rcios P\u0026uacute;blicos; na Lei 11.445\/2007, que estabelece a Pol\u0026iacute;tica Nacional de Saneamento B\u0026aacute;sico; e na Lei 12.305\/2005, que trata da Pol\u0026iacute;tica Nacional de Res\u0026iacute;duos S\u0026oacute;lidos.\u003C\/span\u003E\u003C\/p\u003E\r\n\u003Cp class=\u0022MsoNormal\u0022\u003E\u003Cspan\u003E\u0026nbsp;\u003C\/span\u003E\u003C\/p\u003E\r\n\u003Cp class=\u0022MsoNormal\u0022\u003E\u003Cspan\u003EArt. 3\u0026ordm; - Os recursos necess\u0026aacute;rios \u0026agrave; cobertura do Cr\u0026eacute;dito a que se refere a presente Lei, bem como, a classifica\u0026ccedil;\u0026atilde;o or\u0026ccedil;ament\u0026aacute;ria da despesa, ser\u0026atilde;o indicados e discriminados em Decreto do Poder Executivo, observado o disposto no art. 43 da lei Federal n\u0026deg; 4.320 de 17 de mar\u0026ccedil;o de 1964.\u003C\/span\u003E\u003C\/p\u003E\r\n\u003Cp class=\u0022MsoNormal\u0022\u003E\u003Cspan\u003E\u0026nbsp;\u003C\/span\u003E\u003C\/p\u003E\r\n\u003Cp class=\u0022MsoNormal\u0022\u003E\u003Cspan\u003E\u0026nbsp;\u0026nbsp;\u0026nbsp;\u0026nbsp;\u0026nbsp;\u0026nbsp;\u0026nbsp;\u0026nbsp;\u0026nbsp;\u0026nbsp;\u0026nbsp;\u0026nbsp;\u0026nbsp;\u0026nbsp;\u0026nbsp;\u0026nbsp;\u0026nbsp;\u0026nbsp;\u0026nbsp;\u0026nbsp;\u0026nbsp;\u0026nbsp;\u0026nbsp; Art. 4\u0026ordm; - Esta Lei entra em vigor na data de sua publica\u0026ccedil;\u0026atilde;o.\u003C\/span\u003E\u003C\/p\u003E\r\n\u003Cp class=\u0022MsoNormal\u0022\u003E\u003Cspan\u003E\u0026nbsp;\u003C\/span\u003E\u003C\/p\u003E\r\n\u003Cp class=\u0022MsoNormal\u0022\u003E\u003Cspan\u003E\u0026nbsp;\u0026nbsp;\u0026nbsp;\u0026nbsp;\u0026nbsp;\u0026nbsp;\u0026nbsp;\u0026nbsp;\u0026nbsp;\u0026nbsp;\u0026nbsp;\u0026nbsp;\u0026nbsp;\u0026nbsp;\u0026nbsp;\u0026nbsp;\u0026nbsp;\u0026nbsp;\u0026nbsp;\u0026nbsp;\u0026nbsp;\u0026nbsp;\u0026nbsp; Art. 5\u0026ordm; - Revogam-se as disposi\u0026ccedil;\u0026otilde;es em contr\u0026aacute;rio.\u003C\/span\u003E\u003C\/p\u003E\r\n\u003Cp class=\u0022MsoNormal\u0022\u003E\u003Cspan\u003E\u0026nbsp;\u003C\/span\u003E\u003C\/p\u003E\r\n\u003Cp class=\u0022MsoNormal\u0022\u003E\u003Cspan\u003E\u0026nbsp;\u0026nbsp;\u0026nbsp;\u0026nbsp;\u0026nbsp;\u0026nbsp;\u0026nbsp;\u0026nbsp;\u0026nbsp;\u0026nbsp;\u0026nbsp;\u0026nbsp;\u0026nbsp;\u0026nbsp;\u0026nbsp;\u0026nbsp;\u0026nbsp;\u0026nbsp;\u0026nbsp;\u0026nbsp;\u0026nbsp;\u0026nbsp;\u0026nbsp; Gabinete do Prefeito Municipal de Itabaiana\/SE, em 17 de Dezembro de 2013.\u003C\/span\u003E\u003C\/p\u003E\r\n\u003Cp class=\u0022MsoNormal\u0022\u003E\u003Cspan\u003E\u0026nbsp;\u0026nbsp;\u0026nbsp;\u0026nbsp;\u0026nbsp;\u0026nbsp;\u0026nbsp;\u0026nbsp;\u0026nbsp;\u0026nbsp;\u0026nbsp;\u0026nbsp;\u0026nbsp;\u0026nbsp;\u0026nbsp;\u0026nbsp;\u0026nbsp;\u0026nbsp;\u0026nbsp;\u0026nbsp;\u0026nbsp;\u0026nbsp;\u0026nbsp;\u0026nbsp;\u0026nbsp;\u0026nbsp;\u0026nbsp;\u0026nbsp;\u0026nbsp;\u0026nbsp;\u0026nbsp;\u0026nbsp;\u0026nbsp;\u0026nbsp; \u003C\/span\u003E\u003C\/p\u003E\r\n\u003Cp class=\u0022MsoNormal\u0022 align=\u0022center\u0022\u003E\u003Cstrong\u003E\u003Cspan\u003EVALMIR DOS SANTOS COSTA\u003C\/span\u003E\u003C\/strong\u003E\u003C\/p\u003E\r\n\u003Cp class=\u0022MsoNormal\u0022 align=\u0022center\u0022\u003E\u003Cspan\u003EPrefeito\u003C\/span\u003E\u003C\/p\u003E\r\n\u003Cp class=\u0022MsoNormal\u0022 align=\u0022center\u0022\u003E\u003Cspan\u003E\u0026nbsp;\u003C\/span\u003E\u003C\/p\u003E\r\n\u003Cp class=\u0022MsoNormal\u0022\u003E\u003Cspan\u003E\u0026nbsp;\u003C\/span\u003E\u003C\/p\u003E\r\n\u003Cp class=\u0022MsoNormal\u0022 align=\u0022center\u0022\u003E\u003Cstrong\u003E\u003Cspan\u003ELUCAS CARDINALI PACHECO\u003C\/span\u003E\u003C\/strong\u003E\u003C\/p\u003E\r\n\u003Cp\u003E\u003Cspan\u003EProcurador Geral do Munic\u0026iacute;pio\u003C\/span\u003E\u003C\/p\u003E","criado":"2013-12-17 00:00:00","alterado":"2013-12-17 00:00:00"},{"id":1896,"titulo":"Torna obrigat\u00f3ria a instala\u00e7\u00e3o de dispositivos de seguran\u00e7a nas ag\u00eancias e nos postos de servi\u00e7os das institui\u00e7\u00f5es financeiras, localizadas no munic\u00edpio de Itabaiana.","numero":"1726","categoria_id":1,"aprovada":"2013-12-17 00:00:00","slug":"torna-obrigat-ria-a-instala-o-de-dispositivos-de-seguran-a-nas-ag-ncias-e-nos-postos-de-servi-os-das-institui-es-financeiras-localizadas-no-munic-pio-de-itabaiana","descricao":"\u003Cp class=\u0022MsoNormal\u0022\u003E\u003Cstrong\u003E\u003Cspan\u003EO PREFEITO DO MUNIC\u0026Iacute;PIO DE ITABAIANA, ESTADO DE SERGIPE, \u003C\/span\u003E\u003C\/strong\u003E\u003Cspan\u003Eno uso de suas atribui\u0026ccedil;\u0026otilde;es legais;\u003Cstrong\u003E\u003C\/strong\u003E\u003C\/span\u003E\u003C\/p\u003E\r\n\u003Cp class=\u0022MsoNormal\u0022\u003E\u003Cspan\u003E\u0026nbsp;\u003C\/span\u003E\u003C\/p\u003E\r\n\u003Cp class=\u0022MsoNormal\u0022\u003E\u003Cspan\u003E\u0026nbsp;\u0026nbsp;\u0026nbsp;\u0026nbsp;\u0026nbsp;\u0026nbsp;\u0026nbsp;\u0026nbsp;\u0026nbsp;\u0026nbsp;\u0026nbsp;\u0026nbsp;\u0026nbsp;\u0026nbsp;\u0026nbsp;\u0026nbsp;\u0026nbsp;\u0026nbsp;\u0026nbsp;\u0026nbsp;\u0026nbsp;\u0026nbsp;\u0026nbsp; Fa\u0026ccedil;o saber que a C\u0026acirc;mara Municipal aprovou e eu sanciono e promulgo a seguinte LEI:\u003C\/span\u003E\u003C\/p\u003E\r\n\u003Cp class=\u0022MsoNormal\u0022\u003E\u003Cspan\u003E\u0026nbsp;\u003C\/span\u003E\u003C\/p\u003E\r\n\u003Cp class=\u0022MsoNormal\u0022\u003E\u003Cspan\u003E\u0026nbsp;\u0026nbsp;\u0026nbsp;\u0026nbsp;\u0026nbsp;\u0026nbsp;\u0026nbsp;\u0026nbsp;\u0026nbsp;\u0026nbsp;\u0026nbsp;\u0026nbsp;\u0026nbsp;\u0026nbsp;\u0026nbsp;\u0026nbsp;\u0026nbsp;\u0026nbsp;\u0026nbsp;\u0026nbsp;\u0026nbsp;\u0026nbsp;\u0026nbsp; Art. 1\u0026ordm; - Ficam os estabelecimentos financeiros obrigados a instalar dispositivos de seguran\u0026ccedil;a em suas ag\u0026ecirc;ncias e postos de servi\u0026ccedil;os, situados no \u0026acirc;mbito do munic\u0026iacute;pio.\u003C\/span\u003E\u003C\/p\u003E\r\n\u003Cp class=\u0022MsoNormal\u0022\u003E\u003Cspan\u003E\u0026nbsp;\u003C\/span\u003E\u003C\/p\u003E\r\n\u003Cp class=\u0022MsoNormal\u0022\u003E\u003Cspan\u003EPar\u0026aacute;grafo \u0026Uacute;nico \u0026ndash; Os estabelecimentos financeiros referidos neste artigo compreendem bancos oficiais ou privados, caixas econ\u0026ocirc;micas, sociedades de cr\u0026eacute;ditos, associa\u0026ccedil;\u0026otilde;es de poupan\u0026ccedil;a, suas ag\u0026ecirc;ncias, postos de atendimento, subag\u0026ecirc;ncias e se\u0026ccedil;\u0026otilde;es.\u003C\/span\u003E\u003C\/p\u003E\r\n\u003Cp class=\u0022MsoNormal\u0022\u003E\u003Cspan\u003E\u0026nbsp;\u003C\/span\u003E\u003C\/p\u003E\r\n\u003Cp class=\u0022MsoNormal\u0022\u003E\u003Cspan\u003EArt. 2\u0026ordm; - Sem preju\u0026iacute;zo de outros equipamentos, cada unidade de atendimento das institui\u0026ccedil;\u0026otilde;es de que trata o art. 1\u0026ordm; desta Lei dever\u0026aacute; dispor de:\u003C\/span\u003E\u003C\/p\u003E\r\n\u003Cp class=\u0022MsoNormal\u0022\u003E\u003Cspan\u003E\u0026nbsp;\u003C\/span\u003E\u003C\/p\u003E\r\n\u003Cp class=\u0022MsoNormal\u0022\u003E\u003Cspan\u003EI \u0026ndash; porta eletr\u0026ocirc;nica de seguran\u0026ccedil;a individualizada, em todos os acessos destinados ao p\u0026uacute;blico, incluindo o espa\u0026ccedil;os de autoatendimento, provido de:\u003C\/span\u003E\u003C\/p\u003E\r\n\u003Cp class=\u0022MsoNormal\u0022\u003E\u003Cspan\u003E\u0026nbsp;\u003C\/span\u003E\u003C\/p\u003E\r\n\u003Cp class=\u0022MsoListParagraph\u0022\u003E\u003C!--[if !supportLists]--\u003E\u003Cspan\u003Ea)\u003Cspan\u003E\u0026nbsp;\u0026nbsp;\u0026nbsp;\u0026nbsp;\u0026nbsp; \u003C\/span\u003E\u003C\/span\u003E\u003C!--[endif]--\u003E\u003Cspan\u003EDetecto de metal;\u003C\/span\u003E\u003C\/p\u003E\r\n\u003Cp class=\u0022MsoNormal\u0022\u003E\u003Cspan\u003E\u0026nbsp;\u003C\/span\u003E\u003C\/p\u003E\r\n\u003Cp class=\u0022MsoListParagraphCxSpFirst\u0022\u003E\u003C!--[if !supportLists]--\u003E\u003Cspan\u003Eb)\u003Cspan\u003E\u0026nbsp;\u0026nbsp;\u0026nbsp;\u0026nbsp;\u0026nbsp; \u003C\/span\u003E\u003C\/span\u003E\u003C!--[endif]--\u003E\u003Cspan\u003ETravamento e retorno autom\u0026aacute;tico;\u003C\/span\u003E\u003C\/p\u003E\r\n\u003Cp class=\u0022MsoListParagraphCxSpMiddle\u0022\u003E\u003Cspan\u003E\u0026nbsp;\u003C\/span\u003E\u003C\/p\u003E\r\n\u003Cp class=\u0022MsoListParagraphCxSpMiddle\u0022\u003E\u003C!--[if !supportLists]--\u003E\u003Cspan\u003Ec)\u003Cspan\u003E\u0026nbsp;\u0026nbsp;\u0026nbsp;\u0026nbsp;\u0026nbsp; \u003C\/span\u003E\u003C\/span\u003E\u003C!--[endif]--\u003E\u003Cspan\u003EVidros laminados resistentes a impactos e a disparo de armas de fogo at\u0026eacute; calibre 45.\u003C\/span\u003E\u003C\/p\u003E\r\n\u003Cp class=\u0022MsoListParagraphCxSpMiddle\u0022\u003E\u003Cspan\u003E\u0026nbsp;\u003C\/span\u003E\u003C\/p\u003E\r\n\u003Cp class=\u0022MsoListParagraphCxSpMiddle\u0022\u003E\u003C!--[if !supportLists]--\u003E\u003Cspan\u003Ed)\u003Cspan\u003E\u0026nbsp;\u0026nbsp;\u0026nbsp;\u0026nbsp;\u0026nbsp; \u003C\/span\u003E\u003C\/span\u003E\u003C!--[endif]--\u003E\u003Cspan\u003EPel\u0026iacute;cula apropriada para reten\u0026ccedil;\u0026atilde;o de estilha\u0026ccedil;os.\u003C\/span\u003E\u003C\/p\u003E\r\n\u003Cp class=\u0022MsoListParagraphCxSpLast\u0022\u003E\u003Cspan\u003E\u0026nbsp;\u003C\/span\u003E\u003C\/p\u003E\r\n\u003Cp class=\u0022MsoNormal\u0022\u003E\u003Cspan\u003EII \u0026ndash; Sistema de monitora\u0026ccedil;\u0026atilde;o e grava\u0026ccedil;\u0026atilde;o eletr\u0026ocirc;nica de imagens, em tempo real, atrav\u0026eacute;s de circuito fechado de televis\u0026atilde;o, interligado com central de controle fora do local monitorado, com:\u003C\/span\u003E\u003C\/p\u003E\r\n\u003Cp class=\u0022MsoNormal\u0022\u003E\u003Cspan\u003E\u0026nbsp;\u003C\/span\u003E\u003C\/p\u003E\r\n\u003Cp class=\u0022MsoListParagraph\u0022\u003E\u003C!--[if !supportLists]--\u003E\u003Cspan\u003Ea)\u003Cspan\u003E\u0026nbsp;\u0026nbsp;\u0026nbsp;\u0026nbsp;\u0026nbsp; \u003C\/span\u003E\u003C\/span\u003E\u003C!--[endif]--\u003E\u003Cspan\u003EC\u0026acirc;mara com sensores capazes de captar imagens, em resolu\u0026ccedil;\u0026atilde;o capaz de permitir a clara identifica\u0026ccedil;\u0026atilde;o de assaltantes, criminosos e suspeitos, instala\u0026ccedil;\u0026atilde;o em todos os acessos destinados ao p\u0026uacute;blico, em todos os caixas e locais de acessos aos mesmos, na sala de terminais de autoatendimento e em \u0026aacute;rea onde houver guarda e movimenta\u0026ccedil;\u0026atilde;o de numer\u0026aacute;rio no interior do estabelecimento, bem como nas cal\u0026ccedil;adas externas e na \u0026aacute;rea de estacionamento onde houver;\u003C\/span\u003E\u003C\/p\u003E\r\n\u003Cp class=\u0022MsoNormal\u0022\u003E\u003Cspan\u003E\u0026nbsp;\u003C\/span\u003E\u003C\/p\u003E\r\n\u003Cp class=\u0022MsoListParagraphCxSpFirst\u0022\u003E\u003C!--[if !supportLists]--\u003E\u003Cspan\u003Eb)\u003Cspan\u003E\u0026nbsp;\u0026nbsp;\u0026nbsp;\u0026nbsp;\u0026nbsp; \u003C\/span\u003E\u003C\/span\u003E\u003C!--[endif]--\u003E\u003Cspan\u003EEquipamento que permita a grava\u0026ccedil;\u0026atilde;o simult\u0026acirc;nea e ininterrupta das imagens geradas de todas as c\u0026acirc;maras do estabelecimento durante o hor\u0026aacute;rio de atendimento externo e quando houver movimenta\u0026ccedil;\u0026atilde;o de numer\u0026aacute;rio no interior do estabelecimento de forma que sempre tenha armazenada, no equipamento de controle, as imagens nas \u0026uacute;ltimas 24 (vinte e quatro) horas;\u003C\/span\u003E\u003C\/p\u003E\r\n\u003Cp class=\u0022MsoListParagraphCxSpMiddle\u0022\u003E\u003Cspan\u003E\u0026nbsp;\u003C\/span\u003E\u003C\/p\u003E\r\n\u003Cp class=\u0022MsoListParagraphCxSpMiddle\u0022\u003E\u003C!--[if !supportLists]--\u003E\u003Cspan\u003Ec)\u003Cspan\u003E\u0026nbsp;\u0026nbsp;\u0026nbsp;\u0026nbsp;\u0026nbsp; \u003C\/span\u003E\u003C\/span\u003E\u003C!--[endif]--\u003E\u003Cspan\u003EEquipamento de grava\u0026ccedil;\u0026atilde;o de caixa de prote\u0026ccedil;\u0026atilde;o e instalada em local que n\u0026atilde;o permita sua viola\u0026ccedil;\u0026atilde;o ou remo\u0026ccedil;\u0026atilde;o atrav\u0026eacute;s da utiliza\u0026ccedil;\u0026atilde;o de armas de fogo, ferramentas ou instrumentos de utiliza\u0026ccedil;\u0026atilde;o manual;\u003C\/span\u003E\u003C\/p\u003E\r\n\u003Cp class=\u0022MsoListParagraphCxSpLast\u0022\u003E\u003Cspan\u003E\u0026nbsp;\u003C\/span\u003E\u003C\/p\u003E\r\n\u003Cp class=\u0022MsoNormal\u0022\u003E\u003Cspan\u003EIII \u0026ndash; Divis\u0026oacute;rias opacas e com altura de dois metros entre a fila de espera e a bateria de caixas das ag\u0026ecirc;ncias, bem como na \u0026aacute;rea dos terminais de autoatendimento, cujo espa\u0026ccedil;o devem ser observados pelos vigilantes e controlados pelas c\u0026acirc;maras de filmagem, visando impedir a visualiza\u0026ccedil;\u0026atilde;o das opera\u0026ccedil;\u0026otilde;es banc\u0026aacute;rias por terceiros.\u003C\/span\u003E\u003C\/p\u003E\r\n\u003Cp class=\u0022MsoNormal\u0022\u003E\u003Cspan\u003E\u0026nbsp;\u003C\/span\u003E\u003C\/p\u003E\r\n\u003Cp class=\u0022MsoNormal\u0022\u003E\u003Cspan\u003EArt. 3\u0026ordm; - \u0026Eacute; vedado aos vigilantes o exerc\u0026iacute;cio de qualquer outra atividade no interior da ag\u0026ecirc;ncia, que n\u0026atilde;o seja de seguran\u0026ccedil;a.\u003C\/span\u003E\u003C\/p\u003E\r\n\u003Cp class=\u0022MsoNormal\u0022\u003E\u003Cspan\u003E\u0026nbsp;\u003C\/span\u003E\u003C\/p\u003E\r\n\u003Cp class=\u0022MsoNormal\u0022\u003E\u003Cspan\u003EPar\u0026aacute;grafo \u0026Uacute;nico \u0026ndash; O trabalhador de que trata este artigo dever\u0026aacute; usar colete a prova de bala de n\u0026iacute;vel 03, porta arma de fogo e arma n\u0026atilde;o letal autorizada, al\u0026eacute;m de dispor de assento apropriado e escudo de prote\u0026ccedil;\u0026atilde;o.\u003C\/span\u003E\u003C\/p\u003E\r\n\u003Cp class=\u0022MsoNormal\u0022\u003E\u003Cspan\u003E\u0026nbsp;\u003C\/span\u003E\u003C\/p\u003E\r\n\u003Cp class=\u0022MsoNormal\u0022\u003E\u003Cspan\u003EArt. 4\u0026ordm; - O estabelecimento financeiro que infringir cada um dos itens dispostos nesta Lei ficar\u0026aacute; sujeito \u0026agrave;s seguintes penalidades:\u003C\/span\u003E\u003C\/p\u003E\r\n\u003Cp class=\u0022MsoNormal\u0022\u003E\u003Cspan\u003E\u0026nbsp;\u003C\/span\u003E\u003C\/p\u003E\r\n\u003Cp class=\u0022MsoListParagraph\u0022\u003E\u003C!--[if !supportLists]--\u003E\u003Cspan\u003Ea)\u003Cspan\u003E\u0026nbsp;\u0026nbsp;\u0026nbsp;\u0026nbsp;\u0026nbsp; \u003C\/span\u003E\u003C\/span\u003E\u003C!--[endif]--\u003E\u003Cspan\u003EAdvert\u0026ecirc;ncia: na primeira autua\u0026ccedil;\u0026atilde;o, o banco ser\u0026aacute; notificado para que efetue a regulariza\u0026ccedil;\u0026atilde;o da pend\u0026ecirc;ncia no prazo de at\u0026eacute; 10 (dez) dias \u0026uacute;teis;\u003C\/span\u003E\u003C\/p\u003E\r\n\u003Cp class=\u0022MsoNormal\u0022\u003E\u003Cspan\u003E\u0026nbsp;\u003C\/span\u003E\u003C\/p\u003E\r\n\u003Cp class=\u0022MsoListParagraphCxSpFirst\u0022\u003E\u003C!--[if !supportLists]--\u003E\u003Cspan\u003Eb)\u003Cspan\u003E\u0026nbsp;\u0026nbsp;\u0026nbsp;\u0026nbsp;\u0026nbsp; \u003C\/span\u003E\u003C\/span\u003E\u003C!--[endif]--\u003E\u003Cspan\u003EMulta: persistindo a infra\u0026ccedil;\u0026atilde;o, ser\u0026aacute; aplicada a multa no valor de 10.000 UFMs (Unidade Financeiras Municipais; se, at\u0026eacute; 30 (trinta) dias \u0026uacute;teis ap\u0026oacute;s a aplica\u0026ccedil;\u0026atilde;o da multa, n\u0026atilde;o houver regulariza\u0026ccedil;\u0026atilde;o de situa\u0026ccedil;\u0026atilde;o, ser\u0026aacute; aplicada uma segunda\u0026nbsp; multa no valor 20.000 UFMs (Unidades Financeiras Municipais)\u003C\/span\u003E\u003C\/p\u003E\r\n\u003Cp class=\u0022MsoListParagraphCxSpLast\u0022\u003E\u003Cspan\u003E\u0026nbsp;\u003C\/span\u003E\u003C\/p\u003E\r\n\u003Cp class=\u0022MsoNormal\u0022\u003E\u003Cspan\u003EPar\u0026aacute;grafo \u0026Uacute;nico \u0026ndash; As entidades sindicais dos banc\u0026aacute;rios e vigilantes poder\u0026atilde;o representar junto ao Munic\u0026iacute;pio contra o(os) infrator(es) desta Lei.\u003C\/span\u003E\u003C\/p\u003E\r\n\u003Cp class=\u0022MsoNormal\u0022\u003E\u003Cspan\u003E\u0026nbsp;\u003C\/span\u003E\u003C\/p\u003E\r\n\u003Cp class=\u0022MsoNormal\u0022\u003E\u003Cspan\u003EArt. 5\u0026ordm; - Os estabelecimentos financeiros ter\u0026atilde;o um prazo de at\u0026eacute; 120 (cento e vinte) dias, a contar da aplica\u0026ccedil;\u0026atilde;o desta Lei, para instalarem os equipamentos exigidos desta Lei.\u003C\/span\u003E\u003C\/p\u003E\r\n\u003Cp class=\u0022MsoNormal\u0022\u003E\u003Cspan\u003E\u0026nbsp;\u003C\/span\u003E\u003C\/p\u003E\r\n\u003Cp class=\u0022MsoNormal\u0022\u003E\u003Cspan\u003E\u0026nbsp;\u0026nbsp;\u0026nbsp;\u0026nbsp;\u0026nbsp;\u0026nbsp;\u0026nbsp;\u0026nbsp;\u0026nbsp;\u0026nbsp;\u0026nbsp;\u0026nbsp;\u0026nbsp;\u0026nbsp;\u0026nbsp;\u0026nbsp;\u0026nbsp;\u0026nbsp;\u0026nbsp;\u0026nbsp;\u0026nbsp;\u0026nbsp;\u0026nbsp; Art. 6\u0026ordm; - Esta Lei entra em vigor na data de sua publica\u0026ccedil;\u0026atilde;o.\u003C\/span\u003E\u003C\/p\u003E\r\n\u003Cp class=\u0022MsoNormal\u0022\u003E\u003Cspan\u003E\u0026nbsp;\u003C\/span\u003E\u003C\/p\u003E\r\n\u003Cp class=\u0022MsoNormal\u0022\u003E\u003Cspan\u003E\u0026nbsp;\u0026nbsp;\u0026nbsp;\u0026nbsp;\u0026nbsp;\u0026nbsp;\u0026nbsp;\u0026nbsp;\u0026nbsp;\u0026nbsp;\u0026nbsp;\u0026nbsp;\u0026nbsp;\u0026nbsp;\u0026nbsp;\u0026nbsp;\u0026nbsp;\u0026nbsp;\u0026nbsp;\u0026nbsp;\u0026nbsp;\u0026nbsp;\u0026nbsp; Art. 7\u0026ordm; - Revogam-se as disposi\u0026ccedil;\u0026otilde;es em contr\u0026aacute;rio.\u003C\/span\u003E\u003C\/p\u003E\r\n\u003Cp class=\u0022MsoNormal\u0022\u003E\u003Cspan\u003E\u0026nbsp;\u003C\/span\u003E\u003C\/p\u003E\r\n\u003Cp class=\u0022MsoNormal\u0022\u003E\u003Cspan\u003E\u0026nbsp;\u0026nbsp;\u0026nbsp;\u0026nbsp;\u0026nbsp;\u0026nbsp;\u0026nbsp;\u0026nbsp;\u0026nbsp;\u0026nbsp;\u0026nbsp;\u0026nbsp;\u0026nbsp;\u0026nbsp;\u0026nbsp;\u0026nbsp;\u0026nbsp;\u0026nbsp;\u0026nbsp;\u0026nbsp;\u0026nbsp;\u0026nbsp;\u0026nbsp; Gabinete do Prefeito Municipal de Itabaiana\/SE, em 17 de Dezembro de 2013.\u003C\/span\u003E\u003C\/p\u003E\r\n\u003Cp class=\u0022MsoNormal\u0022\u003E\u003Cspan\u003E\u0026nbsp;\u003C\/span\u003E\u003C\/p\u003E\r\n\u003Cp class=\u0022MsoNormal\u0022\u003E\u003Cspan\u003E\u0026nbsp;\u003C\/span\u003E\u003C\/p\u003E\r\n\u003Cp class=\u0022MsoNormal\u0022\u003E\u003Cspan\u003E\u0026nbsp;\u0026nbsp;\u0026nbsp;\u0026nbsp;\u0026nbsp;\u0026nbsp;\u0026nbsp;\u0026nbsp;\u0026nbsp;\u0026nbsp;\u0026nbsp;\u0026nbsp;\u0026nbsp;\u0026nbsp;\u0026nbsp;\u0026nbsp;\u0026nbsp;\u0026nbsp;\u0026nbsp;\u0026nbsp;\u0026nbsp;\u0026nbsp;\u0026nbsp;\u0026nbsp;\u0026nbsp;\u0026nbsp;\u0026nbsp;\u0026nbsp;\u0026nbsp;\u0026nbsp;\u0026nbsp;\u0026nbsp;\u0026nbsp;\u0026nbsp; \u003C\/span\u003E\u003C\/p\u003E\r\n\u003Cp class=\u0022MsoNormal\u0022 align=\u0022center\u0022\u003E\u003Cstrong\u003E\u003Cspan\u003EVALMIR DOS SANTOS COSTA\u003C\/span\u003E\u003C\/strong\u003E\u003C\/p\u003E\r\n\u003Cp class=\u0022MsoNormal\u0022 align=\u0022center\u0022\u003E\u003Cspan\u003EPrefeito\u003C\/span\u003E\u003C\/p\u003E\r\n\u003Cp class=\u0022MsoNormal\u0022 align=\u0022center\u0022\u003E\u003Cspan\u003E\u0026nbsp;\u003C\/span\u003E\u003C\/p\u003E\r\n\u003Cp class=\u0022MsoNormal\u0022\u003E\u003Cspan\u003E\u0026nbsp;\u003C\/span\u003E\u003C\/p\u003E\r\n\u003Cp class=\u0022MsoNormal\u0022 align=\u0022center\u0022\u003E\u003Cstrong\u003E\u003Cspan\u003ELUCAS CARDINALI PACHECO\u003C\/span\u003E\u003C\/strong\u003E\u003C\/p\u003E\r\n\u003Cp\u003E\u0026nbsp;\u003C\/p\u003E\r\n\u003Cp class=\u0022MsoNormal\u0022 align=\u0022center\u0022\u003E\u003Cspan\u003EProcurador Geral do Munic\u0026iacute;pio\u003C\/span\u003E\u003C\/p\u003E","criado":"2013-12-17 00:00:00","alterado":"2013-12-17 00:00:00"},{"id":1895,"titulo":"Disp\u00f5e sobre nome de Pra\u00e7a de nosso Munic\u00edpio e d\u00e1 outras provid\u00eancias.","numero":"1725","categoria_id":1,"aprovada":"2013-12-17 00:00:00","slug":"disp-e-sobre-nome-de-pra-a-de-nosso-munic-pio-e-d-outras-provid-ncias","descricao":"\u003Cp class=\u0022MsoNormal\u0022\u003E\u003Cstrong\u003E\u003Cspan\u003EO PREFEITO DO MUNIC\u0026Iacute;PIO DE ITABAIANA, ESTADO DE SERGIPE, \u003C\/span\u003E\u003C\/strong\u003E\u003Cspan\u003Eno uso de suas atribui\u0026ccedil;\u0026otilde;es legais;\u003Cstrong\u003E\u003C\/strong\u003E\u003C\/span\u003E\u003C\/p\u003E\r\n\u003Cp class=\u0022MsoNormal\u0022\u003E\u003Cspan\u003E\u0026nbsp;\u003C\/span\u003E\u003C\/p\u003E\r\n\u003Cp class=\u0022MsoNormal\u0022\u003E\u003Cspan\u003E\u0026nbsp;\u0026nbsp;\u0026nbsp;\u0026nbsp;\u0026nbsp;\u0026nbsp;\u0026nbsp;\u0026nbsp;\u0026nbsp;\u0026nbsp;\u0026nbsp;\u0026nbsp;\u0026nbsp;\u0026nbsp;\u0026nbsp;\u0026nbsp;\u0026nbsp;\u0026nbsp;\u0026nbsp;\u0026nbsp;\u0026nbsp;\u0026nbsp;\u0026nbsp; Fa\u0026ccedil;o saber que a C\u0026acirc;mara Municipal aprovou e eu sanciono e promulgo a seguinte LEI:\u003C\/span\u003E\u003C\/p\u003E\r\n\u003Cp class=\u0022MsoNormal\u0022\u003E\u003Cspan\u003E\u0026nbsp;\u003C\/span\u003E\u003C\/p\u003E\r\n\u003Cp class=\u0022MsoNormal\u0022\u003E\u003Cspan\u003E\u0026nbsp;\u0026nbsp;\u0026nbsp;\u0026nbsp;\u0026nbsp;\u0026nbsp;\u0026nbsp;\u0026nbsp;\u0026nbsp;\u0026nbsp;\u0026nbsp;\u0026nbsp;\u0026nbsp;\u0026nbsp;\u0026nbsp;\u0026nbsp;\u0026nbsp;\u0026nbsp;\u0026nbsp;\u0026nbsp;\u0026nbsp;\u0026nbsp;\u0026nbsp; Art. 1\u0026ordm; - A Pra\u0026ccedil;a localizada no Loteamento Santa Luzia, no Bairro Queimadas, entre as quadras C, D e G, passar\u0026aacute; a denominar-se de \u003Cstrong\u003EPra\u0026ccedil;a Maria Salete da Silva Filho.\u003C\/strong\u003E\u003C\/span\u003E\u003C\/p\u003E\r\n\u003Cp class=\u0022MsoNormal\u0022\u003E\u003Cspan\u003E\u0026nbsp;\u003C\/span\u003E\u003C\/p\u003E\r\n\u003Cp class=\u0022MsoNormal\u0022\u003E\u003Cspan\u003E\u0026nbsp;\u0026nbsp;\u0026nbsp;\u0026nbsp;\u0026nbsp;\u0026nbsp;\u0026nbsp;\u0026nbsp;\u0026nbsp;\u0026nbsp;\u0026nbsp;\u0026nbsp;\u0026nbsp;\u0026nbsp;\u0026nbsp;\u0026nbsp;\u0026nbsp;\u0026nbsp;\u0026nbsp;\u0026nbsp;\u0026nbsp;\u0026nbsp;\u0026nbsp; Art. 2\u0026ordm; - Esta Lei entrar\u0026aacute; em vigor na data de sua publica\u0026ccedil;\u0026atilde;o.\u003C\/span\u003E\u003C\/p\u003E\r\n\u003Cp class=\u0022MsoNormal\u0022\u003E\u003Cspan\u003E\u0026nbsp;\u003C\/span\u003E\u003C\/p\u003E\r\n\u003Cp class=\u0022MsoNormal\u0022\u003E\u003Cspan\u003E\u0026nbsp;\u0026nbsp;\u0026nbsp;\u0026nbsp;\u0026nbsp;\u0026nbsp;\u0026nbsp;\u0026nbsp;\u0026nbsp;\u0026nbsp;\u0026nbsp;\u0026nbsp;\u0026nbsp;\u0026nbsp;\u0026nbsp;\u0026nbsp;\u0026nbsp;\u0026nbsp;\u0026nbsp;\u0026nbsp;\u0026nbsp;\u0026nbsp;\u0026nbsp; Art. 3\u0026ordm; - Ficam revogadas as disposi\u0026ccedil;\u0026otilde;es em contr\u0026aacute;rio.\u003C\/span\u003E\u003C\/p\u003E\r\n\u003Cp class=\u0022MsoNormal\u0022\u003E\u003Cspan\u003E\u0026nbsp;\u003C\/span\u003E\u003C\/p\u003E\r\n\u003Cp class=\u0022MsoNormal\u0022\u003E\u003Cspan\u003E\u0026nbsp;\u0026nbsp;\u0026nbsp;\u0026nbsp;\u0026nbsp;\u0026nbsp;\u0026nbsp;\u0026nbsp;\u0026nbsp;\u0026nbsp;\u0026nbsp;\u0026nbsp;\u0026nbsp;\u0026nbsp;\u0026nbsp;\u0026nbsp;\u0026nbsp;\u0026nbsp;\u0026nbsp;\u0026nbsp;\u0026nbsp;\u0026nbsp;\u0026nbsp; Gabinete do Prefeito Municipal de Itabaiana\/SE, em 17 de Dezembro de 2013.\u003C\/span\u003E\u003C\/p\u003E\r\n\u003Cp class=\u0022MsoNormal\u0022\u003E\u003Cspan\u003E\u0026nbsp;\u003C\/span\u003E\u003C\/p\u003E\r\n\u003Cp class=\u0022MsoNormal\u0022\u003E\u003Cspan\u003E\u0026nbsp;\u003C\/span\u003E\u003C\/p\u003E\r\n\u003Cp class=\u0022MsoNormal\u0022\u003E\u003Cspan\u003E\u0026nbsp;\u0026nbsp;\u0026nbsp;\u0026nbsp;\u0026nbsp;\u0026nbsp;\u0026nbsp;\u0026nbsp;\u0026nbsp;\u0026nbsp;\u0026nbsp;\u0026nbsp;\u0026nbsp;\u0026nbsp;\u0026nbsp;\u0026nbsp;\u0026nbsp;\u0026nbsp;\u0026nbsp;\u0026nbsp;\u0026nbsp;\u0026nbsp;\u0026nbsp;\u0026nbsp;\u0026nbsp;\u0026nbsp;\u0026nbsp;\u0026nbsp;\u0026nbsp;\u0026nbsp;\u0026nbsp;\u0026nbsp;\u0026nbsp;\u0026nbsp; \u003C\/span\u003E\u003C\/p\u003E\r\n\u003Cp class=\u0022MsoNormal\u0022 align=\u0022center\u0022\u003E\u003Cstrong\u003E\u003Cspan\u003EVALMIR DOS SANTOS COSTA\u003C\/span\u003E\u003C\/strong\u003E\u003C\/p\u003E\r\n\u003Cp class=\u0022MsoNormal\u0022 align=\u0022center\u0022\u003E\u003Cspan\u003EPrefeito\u003C\/span\u003E\u003C\/p\u003E\r\n\u003Cp class=\u0022MsoNormal\u0022 align=\u0022center\u0022\u003E\u003Cspan\u003E\u0026nbsp;\u003C\/span\u003E\u003C\/p\u003E\r\n\u003Cp class=\u0022MsoNormal\u0022\u003E\u003Cspan\u003E\u0026nbsp;\u003C\/span\u003E\u003C\/p\u003E\r\n\u003Cp class=\u0022MsoNormal\u0022 align=\u0022center\u0022\u003E\u003Cstrong\u003E\u003Cspan\u003ELUCAS CARDINALI PACHECO\u003C\/span\u003E\u003C\/strong\u003E\u003C\/p\u003E\r\n\u003Cp\u003E\u0026nbsp;\u003C\/p\u003E\r\n\u003Cp class=\u0022MsoNormal\u0022 align=\u0022center\u0022\u003E\u003Cspan\u003EProcurador Geral do Munic\u0026iacute;pio\u003C\/span\u003E\u003C\/p\u003E","criado":"2013-12-17 00:00:00","alterado":"2013-12-17 00:00:00"},{"id":1894,"titulo":"Disp\u00f5e sobre nome de Rua de nosso Munic\u00edpio e d\u00e1 outras provid\u00eancias.","numero":"1724","categoria_id":1,"aprovada":"2013-12-17 00:00:00","slug":"disp-e-sobre-nome-de-rua-de-nosso-munic-pio-e-d-outras-provid-ncias","descricao":"\u003Cp class=\u0022MsoNormal\u0022\u003E\u003Cstrong\u003E\u003Cspan\u003EO PREFEITO DO MUNIC\u0026Iacute;PIO DE ITABAIANA, ESTADO DE SERGIPE, \u003C\/span\u003E\u003C\/strong\u003E\u003Cspan\u003Eno uso de suas atribui\u0026ccedil;\u0026otilde;es legais;\u003Cstrong\u003E\u003C\/strong\u003E\u003C\/span\u003E\u003C\/p\u003E\r\n\u003Cp class=\u0022MsoNormal\u0022\u003E\u003Cspan\u003E\u0026nbsp;\u003C\/span\u003E\u003C\/p\u003E\r\n\u003Cp class=\u0022MsoNormal\u0022\u003E\u003Cspan\u003E\u0026nbsp;\u0026nbsp;\u0026nbsp;\u0026nbsp;\u0026nbsp;\u0026nbsp;\u0026nbsp;\u0026nbsp;\u0026nbsp;\u0026nbsp;\u0026nbsp;\u0026nbsp;\u0026nbsp;\u0026nbsp;\u0026nbsp;\u0026nbsp;\u0026nbsp;\u0026nbsp;\u0026nbsp;\u0026nbsp;\u0026nbsp;\u0026nbsp;\u0026nbsp; Fa\u0026ccedil;o saber que a C\u0026acirc;mara Municipal aprovou e eu sanciono e promulgo a seguinte LEI:\u003C\/span\u003E\u003C\/p\u003E\r\n\u003Cp class=\u0022MsoNormal\u0022\u003E\u003Cspan\u003E\u0026nbsp;\u003C\/span\u003E\u003C\/p\u003E\r\n\u003Cp class=\u0022MsoNormal\u0022\u003E\u003Cspan\u003E\u0026nbsp;\u0026nbsp;\u0026nbsp;\u0026nbsp;\u0026nbsp;\u0026nbsp;\u0026nbsp;\u0026nbsp;\u0026nbsp;\u0026nbsp;\u0026nbsp;\u0026nbsp;\u0026nbsp;\u0026nbsp;\u0026nbsp;\u0026nbsp;\u0026nbsp;\u0026nbsp;\u0026nbsp;\u0026nbsp;\u0026nbsp;\u0026nbsp;\u0026nbsp; Art. 1\u0026ordm; - A Rua Projetada localizada no povoado Serra, a mesma \u0026eacute; conhecida como rua 3, tendo o seu in\u0026iacute;cio na BR- 235 do lado do Balne\u0026aacute;rio do Sr. Roberto e finalizando no p\u0026eacute; da serra, passar\u0026aacute; a denominar-se de \u003Cstrong\u003ERua Paulo Celestino da Rocha.\u003C\/strong\u003E\u003C\/span\u003E\u003C\/p\u003E\r\n\u003Cp class=\u0022MsoNormal\u0022\u003E\u003Cspan\u003E\u0026nbsp;\u003C\/span\u003E\u003C\/p\u003E\r\n\u003Cp class=\u0022MsoNormal\u0022\u003E\u003Cspan\u003E\u0026nbsp;\u0026nbsp;\u0026nbsp;\u0026nbsp;\u0026nbsp;\u0026nbsp;\u0026nbsp;\u0026nbsp;\u0026nbsp;\u0026nbsp;\u0026nbsp;\u0026nbsp;\u0026nbsp;\u0026nbsp;\u0026nbsp;\u0026nbsp;\u0026nbsp;\u0026nbsp;\u0026nbsp;\u0026nbsp;\u0026nbsp;\u0026nbsp;\u0026nbsp; Art. 2\u0026ordm; - Esta Lei entrar\u0026aacute; em vigor na data de sua publica\u0026ccedil;\u0026atilde;o.\u003C\/span\u003E\u003C\/p\u003E\r\n\u003Cp class=\u0022MsoNormal\u0022\u003E\u003Cspan\u003E\u0026nbsp;\u003C\/span\u003E\u003C\/p\u003E\r\n\u003Cp class=\u0022MsoNormal\u0022\u003E\u003Cspan\u003E\u0026nbsp;\u0026nbsp;\u0026nbsp;\u0026nbsp;\u0026nbsp;\u0026nbsp;\u0026nbsp;\u0026nbsp;\u0026nbsp;\u0026nbsp;\u0026nbsp;\u0026nbsp;\u0026nbsp;\u0026nbsp;\u0026nbsp;\u0026nbsp;\u0026nbsp;\u0026nbsp;\u0026nbsp;\u0026nbsp;\u0026nbsp;\u0026nbsp;\u0026nbsp; Art. 3\u0026ordm; - Ficam revogadas as disposi\u0026ccedil;\u0026otilde;es em contr\u0026aacute;rio.\u003C\/span\u003E\u003C\/p\u003E\r\n\u003Cp class=\u0022MsoNormal\u0022\u003E\u003Cspan\u003E\u0026nbsp;\u003C\/span\u003E\u003C\/p\u003E\r\n\u003Cp class=\u0022MsoNormal\u0022\u003E\u003Cspan\u003E\u0026nbsp;\u0026nbsp;\u0026nbsp;\u0026nbsp;\u0026nbsp;\u0026nbsp;\u0026nbsp;\u0026nbsp;\u0026nbsp;\u0026nbsp;\u0026nbsp;\u0026nbsp;\u0026nbsp;\u0026nbsp;\u0026nbsp;\u0026nbsp;\u0026nbsp;\u0026nbsp;\u0026nbsp;\u0026nbsp;\u0026nbsp;\u0026nbsp;\u0026nbsp; Gabinete do Prefeito Municipal de Itabaiana\/SE, em 17 de Dezembro de 2013.\u003C\/span\u003E\u003C\/p\u003E\r\n\u003Cp class=\u0022MsoNormal\u0022\u003E\u003Cspan\u003E\u0026nbsp;\u003C\/span\u003E\u003C\/p\u003E\r\n\u003Cp class=\u0022MsoNormal\u0022\u003E\u003Cspan\u003E\u0026nbsp;\u003C\/span\u003E\u003C\/p\u003E\r\n\u003Cp class=\u0022MsoNormal\u0022\u003E\u003Cspan\u003E\u0026nbsp;\u0026nbsp;\u0026nbsp;\u0026nbsp;\u0026nbsp;\u0026nbsp;\u0026nbsp;\u0026nbsp;\u0026nbsp;\u0026nbsp;\u0026nbsp;\u0026nbsp;\u0026nbsp;\u0026nbsp;\u0026nbsp;\u0026nbsp;\u0026nbsp;\u0026nbsp;\u0026nbsp;\u0026nbsp;\u0026nbsp;\u0026nbsp;\u0026nbsp;\u0026nbsp;\u0026nbsp;\u0026nbsp;\u0026nbsp;\u0026nbsp;\u0026nbsp;\u0026nbsp;\u0026nbsp;\u0026nbsp;\u0026nbsp;\u0026nbsp; \u003C\/span\u003E\u003C\/p\u003E\r\n\u003Cp class=\u0022MsoNormal\u0022 align=\u0022center\u0022\u003E\u003Cstrong\u003E\u003Cspan\u003EVALMIR DOS SANTOS COSTA\u003C\/span\u003E\u003C\/strong\u003E\u003C\/p\u003E\r\n\u003Cp class=\u0022MsoNormal\u0022 align=\u0022center\u0022\u003E\u003Cspan\u003EPrefeito\u003C\/span\u003E\u003C\/p\u003E\r\n\u003Cp class=\u0022MsoNormal\u0022 align=\u0022center\u0022\u003E\u003Cspan\u003E\u0026nbsp;\u003C\/span\u003E\u003C\/p\u003E\r\n\u003Cp class=\u0022MsoNormal\u0022\u003E\u003Cspan\u003E\u0026nbsp;\u003C\/span\u003E\u003C\/p\u003E\r\n\u003Cp class=\u0022MsoNormal\u0022 align=\u0022center\u0022\u003E\u003Cstrong\u003E\u003Cspan\u003ELUCAS CARDINALI PACHECO\u003C\/span\u003E\u003C\/strong\u003E\u003C\/p\u003E\r\n\u003Cp\u003E\u0026nbsp;\u003C\/p\u003E\r\n\u003Cp class=\u0022MsoNormal\u0022 align=\u0022center\u0022\u003E\u003Cspan\u003EProcurador Geral do Munic\u0026iacute;pio\u003C\/span\u003E\u003C\/p\u003E","criado":"2013-12-17 00:00:00","alterado":"2013-12-17 00:00:00"},{"id":1893,"titulo":"Disp\u00f5e sobre nome de Travessa de nosso Munic\u00edpio e d\u00e1 outras provid\u00eancias.","numero":"1723","categoria_id":1,"aprovada":"2013-12-17 00:00:00","slug":"disp-e-sobre-nome-de-travessa-de-nosso-munic-pio-e-d-outras-provid-ncias","descricao":"\u003Cp class=\u0022MsoNormal\u0022\u003E\u003Cstrong\u003E\u003Cspan\u003EO PREFEITO DO MUNIC\u0026Iacute;PIO DE ITABAIANA, ESTADO DE SERGIPE, \u003C\/span\u003E\u003C\/strong\u003E\u003Cspan\u003Eno uso de suas atribui\u0026ccedil;\u0026otilde;es legais;\u003Cstrong\u003E\u003C\/strong\u003E\u003C\/span\u003E\u003C\/p\u003E\r\n\u003Cp class=\u0022MsoNormal\u0022\u003E\u003Cspan\u003E\u0026nbsp;\u003C\/span\u003E\u003C\/p\u003E\r\n\u003Cp class=\u0022MsoNormal\u0022\u003E\u003Cspan\u003E\u0026nbsp;\u0026nbsp;\u0026nbsp;\u0026nbsp;\u0026nbsp;\u0026nbsp;\u0026nbsp;\u0026nbsp;\u0026nbsp;\u0026nbsp;\u0026nbsp;\u0026nbsp;\u0026nbsp;\u0026nbsp;\u0026nbsp;\u0026nbsp;\u0026nbsp;\u0026nbsp;\u0026nbsp;\u0026nbsp;\u0026nbsp;\u0026nbsp;\u0026nbsp; Fa\u0026ccedil;o saber que a C\u0026acirc;mara Municipal aprovou e eu sanciono e promulgo a seguinte LEI:\u003C\/span\u003E\u003C\/p\u003E\r\n\u003Cp class=\u0022MsoNormal\u0022\u003E\u003Cspan\u003E\u0026nbsp;\u003C\/span\u003E\u003C\/p\u003E\r\n\u003Cp class=\u0022MsoNormal\u0022\u003E\u003Cspan\u003E\u0026nbsp;\u0026nbsp;\u0026nbsp;\u0026nbsp;\u0026nbsp;\u0026nbsp;\u0026nbsp;\u0026nbsp;\u0026nbsp;\u0026nbsp;\u0026nbsp;\u0026nbsp;\u0026nbsp;\u0026nbsp;\u0026nbsp;\u0026nbsp;\u0026nbsp;\u0026nbsp;\u0026nbsp;\u0026nbsp;\u0026nbsp;\u0026nbsp;\u0026nbsp; Art. 1\u0026ordm; - A Travessa Projetada localizada no Bairro Jos\u0026eacute; Milton Machado nas proximidades da loja de veiculo de In\u0026aacute;cio, tendo seu in\u0026iacute;cio na Av. Pedro Teles Barbosa, a mesma s\u0026oacute; tem entrada, passar\u0026aacute; a denominar-se de \u003Cstrong\u003ETravessa Manoel Filomeno da Mota.\u003C\/strong\u003E\u003C\/span\u003E\u003C\/p\u003E\r\n\u003Cp class=\u0022MsoNormal\u0022\u003E\u003Cspan\u003E\u0026nbsp;\u003C\/span\u003E\u003C\/p\u003E\r\n\u003Cp class=\u0022MsoNormal\u0022\u003E\u003Cspan\u003E\u0026nbsp;\u0026nbsp;\u0026nbsp;\u0026nbsp;\u0026nbsp;\u0026nbsp;\u0026nbsp;\u0026nbsp;\u0026nbsp;\u0026nbsp;\u0026nbsp;\u0026nbsp;\u0026nbsp;\u0026nbsp;\u0026nbsp;\u0026nbsp;\u0026nbsp;\u0026nbsp;\u0026nbsp;\u0026nbsp;\u0026nbsp;\u0026nbsp;\u0026nbsp; Art. 2\u0026ordm; - Esta Lei entrar\u0026aacute; em vigor na data de sua publica\u0026ccedil;\u0026atilde;o.\u003C\/span\u003E\u003C\/p\u003E\r\n\u003Cp class=\u0022MsoNormal\u0022\u003E\u003Cspan\u003E\u0026nbsp;\u003C\/span\u003E\u003C\/p\u003E\r\n\u003Cp class=\u0022MsoNormal\u0022\u003E\u003Cspan\u003E\u0026nbsp;\u0026nbsp;\u0026nbsp;\u0026nbsp;\u0026nbsp;\u0026nbsp;\u0026nbsp;\u0026nbsp;\u0026nbsp;\u0026nbsp;\u0026nbsp;\u0026nbsp;\u0026nbsp;\u0026nbsp;\u0026nbsp;\u0026nbsp;\u0026nbsp;\u0026nbsp;\u0026nbsp;\u0026nbsp;\u0026nbsp;\u0026nbsp;\u0026nbsp; Art. 3\u0026ordm; - Ficam revogadas as disposi\u0026ccedil;\u0026otilde;es em contr\u0026aacute;rio.\u003C\/span\u003E\u003C\/p\u003E\r\n\u003Cp class=\u0022MsoNormal\u0022\u003E\u003Cspan\u003E\u0026nbsp;\u003C\/span\u003E\u003C\/p\u003E\r\n\u003Cp class=\u0022MsoNormal\u0022\u003E\u003Cspan\u003E\u0026nbsp;\u0026nbsp;\u0026nbsp;\u0026nbsp;\u0026nbsp;\u0026nbsp;\u0026nbsp;\u0026nbsp;\u0026nbsp;\u0026nbsp;\u0026nbsp;\u0026nbsp;\u0026nbsp;\u0026nbsp;\u0026nbsp;\u0026nbsp;\u0026nbsp;\u0026nbsp;\u0026nbsp;\u0026nbsp;\u0026nbsp;\u0026nbsp;\u0026nbsp; Gabinete do Prefeito Municipal de Itabaiana\/SE, em 17 de Dezembro de 2013.\u003C\/span\u003E\u003C\/p\u003E\r\n\u003Cp class=\u0022MsoNormal\u0022\u003E\u003Cspan\u003E\u0026nbsp;\u003C\/span\u003E\u003C\/p\u003E\r\n\u003Cp class=\u0022MsoNormal\u0022\u003E\u003Cspan\u003E\u0026nbsp;\u003C\/span\u003E\u003C\/p\u003E\r\n\u003Cp class=\u0022MsoNormal\u0022\u003E\u003Cspan\u003E\u0026nbsp;\u0026nbsp;\u0026nbsp;\u0026nbsp;\u0026nbsp;\u0026nbsp;\u0026nbsp;\u0026nbsp;\u0026nbsp;\u0026nbsp;\u0026nbsp;\u0026nbsp;\u0026nbsp;\u0026nbsp;\u0026nbsp;\u0026nbsp;\u0026nbsp;\u0026nbsp;\u0026nbsp;\u0026nbsp;\u0026nbsp;\u0026nbsp;\u0026nbsp;\u0026nbsp;\u0026nbsp;\u0026nbsp;\u0026nbsp;\u0026nbsp;\u0026nbsp;\u0026nbsp;\u0026nbsp;\u0026nbsp;\u0026nbsp;\u0026nbsp; \u003C\/span\u003E\u003C\/p\u003E\r\n\u003Cp class=\u0022MsoNormal\u0022 align=\u0022center\u0022\u003E\u003Cstrong\u003E\u003Cspan\u003EVALMIR DOS SANTOS COSTA\u003C\/span\u003E\u003C\/strong\u003E\u003C\/p\u003E\r\n\u003Cp class=\u0022MsoNormal\u0022 align=\u0022center\u0022\u003E\u003Cspan\u003EPrefeito\u003C\/span\u003E\u003C\/p\u003E\r\n\u003Cp class=\u0022MsoNormal\u0022 align=\u0022center\u0022\u003E\u003Cspan\u003E\u0026nbsp;\u003C\/span\u003E\u003C\/p\u003E\r\n\u003Cp class=\u0022MsoNormal\u0022\u003E\u003Cspan\u003E\u0026nbsp;\u003C\/span\u003E\u003C\/p\u003E\r\n\u003Cp class=\u0022MsoNormal\u0022 align=\u0022center\u0022\u003E\u003Cstrong\u003E\u003Cspan\u003ELUCAS CARDINALI PACHECO\u003C\/span\u003E\u003C\/strong\u003E\u003C\/p\u003E\r\n\u003Cp\u003E\u0026nbsp;\u003C\/p\u003E\r\n\u003Cp class=\u0022MsoNormal\u0022 align=\u0022center\u0022\u003E\u003Cspan\u003EProcurador Geral do Munic\u0026iacute;pio\u003C\/span\u003E\u003C\/p\u003E","criado":"2013-12-17 00:00:00","alterado":"2013-12-17 00:00:00"},{"id":1892,"titulo":"Disp\u00f5e sobre nome de Rua de nosso Munic\u00edpio e d\u00e1 outras provid\u00eancias.","numero":"1722","categoria_id":1,"aprovada":"2013-12-17 00:00:00","slug":"disp-e-sobre-nome-de-rua-de-nosso-munic-pio-e-d-outras-provid-ncias","descricao":"\u003Cp class=\u0022MsoNormal\u0022\u003E\u003Cstrong\u003E\u003Cspan\u003EO PREFEITO DO MUNIC\u0026Iacute;PIO DE ITABAIANA, ESTADO DE SERGIPE, \u003C\/span\u003E\u003C\/strong\u003E\u003Cspan\u003Eno uso de suas atribui\u0026ccedil;\u0026otilde;es legais;\u003Cstrong\u003E\u003C\/strong\u003E\u003C\/span\u003E\u003C\/p\u003E\r\n\u003Cp class=\u0022MsoNormal\u0022\u003E\u003Cspan\u003E\u0026nbsp;\u003C\/span\u003E\u003C\/p\u003E\r\n\u003Cp class=\u0022MsoNormal\u0022\u003E\u003Cspan\u003E\u0026nbsp;\u0026nbsp;\u0026nbsp;\u0026nbsp;\u0026nbsp;\u0026nbsp;\u0026nbsp;\u0026nbsp;\u0026nbsp;\u0026nbsp;\u0026nbsp;\u0026nbsp;\u0026nbsp;\u0026nbsp;\u0026nbsp;\u0026nbsp;\u0026nbsp;\u0026nbsp;\u0026nbsp;\u0026nbsp;\u0026nbsp;\u0026nbsp;\u0026nbsp; Fa\u0026ccedil;o saber que a C\u0026acirc;mara Municipal aprovou e eu sanciono e promulgo a seguinte LEI:\u003C\/span\u003E\u003C\/p\u003E\r\n\u003Cp class=\u0022MsoNormal\u0022\u003E\u003Cspan\u003E\u0026nbsp;\u003C\/span\u003E\u003C\/p\u003E\r\n\u003Cp class=\u0022MsoNormal\u0022\u003E\u003Cspan\u003E\u0026nbsp;\u0026nbsp;\u0026nbsp;\u0026nbsp;\u0026nbsp;\u0026nbsp;\u0026nbsp;\u0026nbsp;\u0026nbsp;\u0026nbsp;\u0026nbsp;\u0026nbsp;\u0026nbsp;\u0026nbsp;\u0026nbsp;\u0026nbsp;\u0026nbsp;\u0026nbsp;\u0026nbsp;\u0026nbsp;\u0026nbsp;\u0026nbsp;\u0026nbsp; Art. 1\u0026ordm; - A Rua Projetada localizada no Loteamento L\u0026ecirc; Corbusier no Bairro Oviedo Teixeira, tendo seu in\u0026iacute;cio na Pra\u0026ccedil;a Marcelino Andrade, entre as quadras B, F, e G e finalizando nas proximidades do s\u0026iacute;tio agr\u0026iacute;cola, passar\u0026aacute; a denominar-se de \u003Cstrong\u003ERua Maria da Gra\u0026ccedil;a Costa.\u003C\/strong\u003E\u003C\/span\u003E\u003C\/p\u003E\r\n\u003Cp class=\u0022MsoNormal\u0022\u003E\u003Cspan\u003E\u0026nbsp;\u003C\/span\u003E\u003C\/p\u003E\r\n\u003Cp class=\u0022MsoNormal\u0022\u003E\u003Cspan\u003E\u0026nbsp;\u0026nbsp;\u0026nbsp;\u0026nbsp;\u0026nbsp;\u0026nbsp;\u0026nbsp;\u0026nbsp;\u0026nbsp;\u0026nbsp;\u0026nbsp;\u0026nbsp;\u0026nbsp;\u0026nbsp;\u0026nbsp;\u0026nbsp;\u0026nbsp;\u0026nbsp;\u0026nbsp;\u0026nbsp;\u0026nbsp;\u0026nbsp;\u0026nbsp; Art. 2\u0026ordm; - Esta Lei entrar\u0026aacute; em vigor na data de sua publica\u0026ccedil;\u0026atilde;o.\u003C\/span\u003E\u003C\/p\u003E\r\n\u003Cp class=\u0022MsoNormal\u0022\u003E\u003Cspan\u003E\u0026nbsp;\u003C\/span\u003E\u003C\/p\u003E\r\n\u003Cp class=\u0022MsoNormal\u0022\u003E\u003Cspan\u003E\u0026nbsp;\u0026nbsp;\u0026nbsp;\u0026nbsp;\u0026nbsp;\u0026nbsp;\u0026nbsp;\u0026nbsp;\u0026nbsp;\u0026nbsp;\u0026nbsp;\u0026nbsp;\u0026nbsp;\u0026nbsp;\u0026nbsp;\u0026nbsp;\u0026nbsp;\u0026nbsp;\u0026nbsp;\u0026nbsp;\u0026nbsp;\u0026nbsp;\u0026nbsp; Art. 3\u0026ordm; - Ficam revogadas as disposi\u0026ccedil;\u0026otilde;es em contr\u0026aacute;rio.\u003C\/span\u003E\u003C\/p\u003E\r\n\u003Cp class=\u0022MsoNormal\u0022\u003E\u003Cspan\u003E\u0026nbsp;\u003C\/span\u003E\u003C\/p\u003E\r\n\u003Cp class=\u0022MsoNormal\u0022\u003E\u003Cspan\u003E\u0026nbsp;\u0026nbsp;\u0026nbsp;\u0026nbsp;\u0026nbsp;\u0026nbsp;\u0026nbsp;\u0026nbsp;\u0026nbsp;\u0026nbsp;\u0026nbsp;\u0026nbsp;\u0026nbsp;\u0026nbsp;\u0026nbsp;\u0026nbsp;\u0026nbsp;\u0026nbsp;\u0026nbsp;\u0026nbsp;\u0026nbsp;\u0026nbsp;\u0026nbsp; Gabinete do Prefeito Municipal de Itabaiana\/SE, em 17 de Dezembro de 2013.\u003C\/span\u003E\u003C\/p\u003E\r\n\u003Cp class=\u0022MsoNormal\u0022\u003E\u003Cspan\u003E\u0026nbsp;\u003C\/span\u003E\u003C\/p\u003E\r\n\u003Cp class=\u0022MsoNormal\u0022\u003E\u003Cspan\u003E\u0026nbsp;\u003C\/span\u003E\u003C\/p\u003E\r\n\u003Cp class=\u0022MsoNormal\u0022\u003E\u003Cspan\u003E\u0026nbsp;\u0026nbsp;\u0026nbsp;\u0026nbsp;\u0026nbsp;\u0026nbsp;\u0026nbsp;\u0026nbsp;\u0026nbsp;\u0026nbsp;\u0026nbsp;\u0026nbsp;\u0026nbsp;\u0026nbsp;\u0026nbsp;\u0026nbsp;\u0026nbsp;\u0026nbsp;\u0026nbsp;\u0026nbsp;\u0026nbsp;\u0026nbsp;\u0026nbsp;\u0026nbsp;\u0026nbsp;\u0026nbsp;\u0026nbsp;\u0026nbsp;\u0026nbsp;\u0026nbsp;\u0026nbsp;\u0026nbsp;\u0026nbsp;\u0026nbsp; \u003C\/span\u003E\u003C\/p\u003E\r\n\u003Cp class=\u0022MsoNormal\u0022 align=\u0022center\u0022\u003E\u003Cstrong\u003E\u003Cspan\u003EVALMIR DOS SANTOS COSTA\u003C\/span\u003E\u003C\/strong\u003E\u003C\/p\u003E\r\n\u003Cp class=\u0022MsoNormal\u0022 align=\u0022center\u0022\u003E\u003Cspan\u003EPrefeito\u003C\/span\u003E\u003C\/p\u003E\r\n\u003Cp class=\u0022MsoNormal\u0022 align=\u0022center\u0022\u003E\u003Cspan\u003E\u0026nbsp;\u003C\/span\u003E\u003C\/p\u003E\r\n\u003Cp class=\u0022MsoNormal\u0022\u003E\u003Cspan\u003E\u0026nbsp;\u003C\/span\u003E\u003C\/p\u003E\r\n\u003Cp class=\u0022MsoNormal\u0022 align=\u0022center\u0022\u003E\u003Cstrong\u003E\u003Cspan\u003ELUCAS CARDINALI PACHECO\u003C\/span\u003E\u003C\/strong\u003E\u003C\/p\u003E\r\n\u003Cp\u003E\u0026nbsp;\u003C\/p\u003E\r\n\u003Cp class=\u0022MsoNormal\u0022 align=\u0022center\u0022\u003E\u003Cspan\u003EProcurador Geral do Munic\u0026iacute;pio\u003C\/span\u003E\u003C\/p\u003E","criado":"2013-12-17 00:00:00","alterado":"2013-12-17 00:00:00"},{"id":1891,"titulo":"Disp\u00f5e sobre nome de Rua de nosso Munic\u00edpio e d\u00e1 outras provid\u00eancias.","numero":"1721","categoria_id":1,"aprovada":"2013-12-17 00:00:00","slug":"disp-e-sobre-nome-de-rua-de-nosso-munic-pio-e-d-outras-provid-ncias","descricao":"\u003Cp class=\u0022MsoNormal\u0022\u003E\u003Cspan\u003E\u0026nbsp;\u003C\/span\u003E\u003C\/p\u003E\r\n\u003Cp class=\u0022MsoNormal\u0022\u003E\u003Cspan\u003E\u0026nbsp;\u0026nbsp;\u0026nbsp;\u0026nbsp;\u0026nbsp;\u0026nbsp;\u0026nbsp;\u0026nbsp;\u0026nbsp;\u0026nbsp;\u0026nbsp;\u0026nbsp;\u0026nbsp;\u0026nbsp;\u0026nbsp;\u0026nbsp;\u0026nbsp;\u0026nbsp;\u0026nbsp;\u0026nbsp;\u0026nbsp;\u0026nbsp;\u0026nbsp; \u003Cstrong\u003EO PREFEITO DO MUNIC\u0026Iacute;PIO DE ITABAIANA, ESTADO DE SERGIPE, \u003C\/strong\u003Eno uso de suas atribui\u0026ccedil;\u0026otilde;es legais;\u003Cstrong\u003E\u003C\/strong\u003E\u003C\/span\u003E\u003C\/p\u003E\r\n\u003Cp class=\u0022MsoNormal\u0022\u003E\u003Cspan\u003E\u0026nbsp;\u003C\/span\u003E\u003C\/p\u003E\r\n\u003Cp class=\u0022MsoNormal\u0022\u003E\u003Cspan\u003E\u0026nbsp;\u0026nbsp;\u0026nbsp;\u0026nbsp;\u0026nbsp;\u0026nbsp;\u0026nbsp;\u0026nbsp;\u0026nbsp;\u0026nbsp;\u0026nbsp;\u0026nbsp;\u0026nbsp;\u0026nbsp;\u0026nbsp;\u0026nbsp;\u0026nbsp;\u0026nbsp;\u0026nbsp;\u0026nbsp;\u0026nbsp;\u0026nbsp;\u0026nbsp; Fa\u0026ccedil;o saber que a C\u0026acirc;mara Municipal aprovou e eu sanciono e promulgo a seguinte LEI:\u003C\/span\u003E\u003C\/p\u003E\r\n\u003Cp class=\u0022MsoNormal\u0022\u003E\u003Cspan\u003E\u0026nbsp;\u003C\/span\u003E\u003C\/p\u003E\r\n\u003Cp class=\u0022MsoNormal\u0022\u003E\u003Cspan\u003E\u0026nbsp;\u0026nbsp;\u0026nbsp;\u0026nbsp;\u0026nbsp;\u0026nbsp;\u0026nbsp;\u0026nbsp;\u0026nbsp;\u0026nbsp;\u0026nbsp;\u0026nbsp;\u0026nbsp;\u0026nbsp;\u0026nbsp;\u0026nbsp;\u0026nbsp;\u0026nbsp;\u0026nbsp;\u0026nbsp;\u0026nbsp;\u0026nbsp;\u0026nbsp; Art. 1\u0026ordm; - A Rua Projetada localizada no Loteamento L\u0026ecirc; Corbusier no Bairro Oviedo Teixeira, tendo seu in\u0026iacute;cio na Pra\u0026ccedil;a Marcelino Andrade, entre as quadras L, M, Q e R e finalizando nas proximidades do s\u0026iacute;tio agr\u0026iacute;cola, passar\u0026aacute; a denominar-se de \u003Cstrong\u003ERua Carlito Jos\u0026eacute; Nascimento.\u003C\/strong\u003E\u003C\/span\u003E\u003C\/p\u003E\r\n\u003Cp class=\u0022MsoNormal\u0022\u003E\u003Cspan\u003E\u0026nbsp;\u003C\/span\u003E\u003C\/p\u003E\r\n\u003Cp class=\u0022MsoNormal\u0022\u003E\u003Cspan\u003E\u0026nbsp;\u0026nbsp;\u0026nbsp;\u0026nbsp;\u0026nbsp;\u0026nbsp;\u0026nbsp;\u0026nbsp;\u0026nbsp;\u0026nbsp;\u0026nbsp;\u0026nbsp;\u0026nbsp;\u0026nbsp;\u0026nbsp;\u0026nbsp;\u0026nbsp;\u0026nbsp;\u0026nbsp;\u0026nbsp;\u0026nbsp;\u0026nbsp;\u0026nbsp; Art. 2\u0026ordm; - Esta Lei entrar\u0026aacute; em vigor na data de sua publica\u0026ccedil;\u0026atilde;o.\u003C\/span\u003E\u003C\/p\u003E\r\n\u003Cp class=\u0022MsoNormal\u0022\u003E\u003Cspan\u003E\u0026nbsp;\u003C\/span\u003E\u003C\/p\u003E\r\n\u003Cp class=\u0022MsoNormal\u0022\u003E\u003Cspan\u003E\u0026nbsp;\u0026nbsp;\u0026nbsp;\u0026nbsp;\u0026nbsp;\u0026nbsp;\u0026nbsp;\u0026nbsp;\u0026nbsp;\u0026nbsp;\u0026nbsp;\u0026nbsp;\u0026nbsp;\u0026nbsp;\u0026nbsp;\u0026nbsp;\u0026nbsp;\u0026nbsp;\u0026nbsp;\u0026nbsp;\u0026nbsp;\u0026nbsp;\u0026nbsp; Art. 3\u0026ordm; - Ficam revogadas as disposi\u0026ccedil;\u0026otilde;es em contr\u0026aacute;rio.\u003C\/span\u003E\u003C\/p\u003E\r\n\u003Cp class=\u0022MsoNormal\u0022\u003E\u003Cspan\u003E\u0026nbsp;\u003C\/span\u003E\u003C\/p\u003E\r\n\u003Cp class=\u0022MsoNormal\u0022\u003E\u003Cspan\u003E\u0026nbsp;\u0026nbsp;\u0026nbsp;\u0026nbsp;\u0026nbsp;\u0026nbsp;\u0026nbsp;\u0026nbsp;\u0026nbsp;\u0026nbsp;\u0026nbsp;\u0026nbsp;\u0026nbsp;\u0026nbsp;\u0026nbsp;\u0026nbsp;\u0026nbsp;\u0026nbsp;\u0026nbsp;\u0026nbsp;\u0026nbsp;\u0026nbsp;\u0026nbsp; Gabinete do Prefeito Municipal de Itabaiana\/SE, em 17 de Dezembro de 2013.\u003C\/span\u003E\u003C\/p\u003E\r\n\u003Cp class=\u0022MsoNormal\u0022\u003E\u003Cspan\u003E\u0026nbsp;\u003C\/span\u003E\u003C\/p\u003E\r\n\u003Cp class=\u0022MsoNormal\u0022\u003E\u003Cspan\u003E\u0026nbsp;\u003C\/span\u003E\u003C\/p\u003E\r\n\u003Cp class=\u0022MsoNormal\u0022\u003E\u003Cspan\u003E\u0026nbsp;\u0026nbsp;\u0026nbsp;\u0026nbsp;\u0026nbsp;\u0026nbsp;\u0026nbsp;\u0026nbsp;\u0026nbsp;\u0026nbsp;\u0026nbsp;\u0026nbsp;\u0026nbsp;\u0026nbsp;\u0026nbsp;\u0026nbsp;\u0026nbsp;\u0026nbsp;\u0026nbsp;\u0026nbsp;\u0026nbsp;\u0026nbsp;\u0026nbsp;\u0026nbsp;\u0026nbsp;\u0026nbsp;\u0026nbsp;\u0026nbsp;\u0026nbsp;\u0026nbsp;\u0026nbsp;\u0026nbsp;\u0026nbsp;\u0026nbsp; \u003C\/span\u003E\u003C\/p\u003E\r\n\u003Cp class=\u0022MsoNormal\u0022 align=\u0022center\u0022\u003E\u003Cstrong\u003E\u003Cspan\u003EVALMIR DOS SANTOS COSTA\u003C\/span\u003E\u003C\/strong\u003E\u003C\/p\u003E\r\n\u003Cp class=\u0022MsoNormal\u0022 align=\u0022center\u0022\u003E\u003Cspan\u003EPrefeito\u003C\/span\u003E\u003C\/p\u003E\r\n\u003Cp class=\u0022MsoNormal\u0022 align=\u0022center\u0022\u003E\u003Cspan\u003E\u0026nbsp;\u003C\/span\u003E\u003C\/p\u003E\r\n\u003Cp class=\u0022MsoNormal\u0022\u003E\u003Cspan\u003E\u0026nbsp;\u003C\/span\u003E\u003C\/p\u003E\r\n\u003Cp class=\u0022MsoNormal\u0022 align=\u0022center\u0022\u003E\u003Cstrong\u003E\u003Cspan\u003ELUCAS CARDINALI PACHECO\u003C\/span\u003E\u003C\/strong\u003E\u003C\/p\u003E\r\n\u003Cp\u003E\u0026nbsp;\u003C\/p\u003E\r\n\u003Cp class=\u0022MsoNormal\u0022 align=\u0022center\u0022\u003E\u003Cspan\u003EProcurador Geral do Munic\u0026iacute;pio\u003C\/span\u003E\u003C\/p\u003E","criado":"2013-12-17 00:00:00","alterado":"2013-12-17 00:00:00"},{"id":1890,"titulo":"Disp\u00f5e sobre nome de Pra\u00e7a de nosso Munic\u00edpio e d\u00e1 outras provid\u00eancias.","numero":"1720","categoria_id":1,"aprovada":"2013-12-17 00:00:00","slug":"disp-e-sobre-nome-de-pra-a-de-nosso-munic-pio-e-d-outras-provid-ncias","descricao":"\u003Cp class=\u0022MsoNormal\u0022\u003E\u003Cstrong\u003E\u003Cspan\u003EO PREFEITO DO MUNIC\u0026Iacute;PIO DE ITABAIANA, ESTADO DE SERGIPE, \u003C\/span\u003E\u003C\/strong\u003E\u003Cspan\u003Eno uso de suas atribui\u0026ccedil;\u0026otilde;es legais;\u003Cstrong\u003E\u003C\/strong\u003E\u003C\/span\u003E\u003C\/p\u003E\r\n\u003Cp class=\u0022MsoNormal\u0022\u003E\u003Cspan\u003E\u0026nbsp;\u003C\/span\u003E\u003C\/p\u003E\r\n\u003Cp class=\u0022MsoNormal\u0022\u003E\u003Cspan\u003E\u0026nbsp;\u0026nbsp;\u0026nbsp;\u0026nbsp;\u0026nbsp;\u0026nbsp;\u0026nbsp;\u0026nbsp;\u0026nbsp;\u0026nbsp;\u0026nbsp;\u0026nbsp;\u0026nbsp;\u0026nbsp;\u0026nbsp;\u0026nbsp;\u0026nbsp;\u0026nbsp;\u0026nbsp;\u0026nbsp;\u0026nbsp;\u0026nbsp;\u0026nbsp; Fa\u0026ccedil;o saber que a C\u0026acirc;mara Municipal aprovou e eu sanciono e promulgo a seguinte LEI:\u003C\/span\u003E\u003C\/p\u003E\r\n\u003Cp class=\u0022MsoNormal\u0022\u003E\u003Cspan\u003E\u0026nbsp;\u003C\/span\u003E\u003C\/p\u003E\r\n\u003Cp class=\u0022MsoNormal\u0022\u003E\u003Cspan\u003E\u0026nbsp;\u0026nbsp;\u0026nbsp;\u0026nbsp;\u0026nbsp;\u0026nbsp;\u0026nbsp;\u0026nbsp;\u0026nbsp;\u0026nbsp;\u0026nbsp;\u0026nbsp;\u0026nbsp;\u0026nbsp;\u0026nbsp;\u0026nbsp;\u0026nbsp;\u0026nbsp;\u0026nbsp;\u0026nbsp;\u0026nbsp;\u0026nbsp;\u0026nbsp; Art. 1\u0026ordm; - A Pra\u0026ccedil;a Projetada localizada no Loteamento Para\u0026iacute;so da Serra no Bairro Oviedo Teixeira, entre as quadras L, O e C, passar\u0026aacute; a denominar-se de \u003Cstrong\u003EPra\u0026ccedil;a Manoel Sobral.\u003C\/strong\u003E\u003C\/span\u003E\u003C\/p\u003E\r\n\u003Cp class=\u0022MsoNormal\u0022\u003E\u003Cspan\u003E\u0026nbsp;\u003C\/span\u003E\u003C\/p\u003E\r\n\u003Cp class=\u0022MsoNormal\u0022\u003E\u003Cspan\u003E\u0026nbsp;\u0026nbsp;\u0026nbsp;\u0026nbsp;\u0026nbsp;\u0026nbsp;\u0026nbsp;\u0026nbsp;\u0026nbsp;\u0026nbsp;\u0026nbsp;\u0026nbsp;\u0026nbsp;\u0026nbsp;\u0026nbsp;\u0026nbsp;\u0026nbsp;\u0026nbsp;\u0026nbsp;\u0026nbsp;\u0026nbsp;\u0026nbsp;\u0026nbsp; Art. 2\u0026ordm; - Esta Lei entrar\u0026aacute; em vigor na data de sua publica\u0026ccedil;\u0026atilde;o.\u003C\/span\u003E\u003C\/p\u003E\r\n\u003Cp class=\u0022MsoNormal\u0022\u003E\u003Cspan\u003E\u0026nbsp;\u003C\/span\u003E\u003C\/p\u003E\r\n\u003Cp class=\u0022MsoNormal\u0022\u003E\u003Cspan\u003E\u0026nbsp;\u0026nbsp;\u0026nbsp;\u0026nbsp;\u0026nbsp;\u0026nbsp;\u0026nbsp;\u0026nbsp;\u0026nbsp;\u0026nbsp;\u0026nbsp;\u0026nbsp;\u0026nbsp;\u0026nbsp;\u0026nbsp;\u0026nbsp;\u0026nbsp;\u0026nbsp;\u0026nbsp;\u0026nbsp;\u0026nbsp;\u0026nbsp;\u0026nbsp; Art. 3\u0026ordm; - Ficam revogadas as disposi\u0026ccedil;\u0026otilde;es em contr\u0026aacute;rio.\u003C\/span\u003E\u003C\/p\u003E\r\n\u003Cp class=\u0022MsoNormal\u0022\u003E\u003Cspan\u003E\u0026nbsp;\u003C\/span\u003E\u003C\/p\u003E\r\n\u003Cp class=\u0022MsoNormal\u0022\u003E\u003Cspan\u003E\u0026nbsp;\u0026nbsp;\u0026nbsp;\u0026nbsp;\u0026nbsp;\u0026nbsp;\u0026nbsp;\u0026nbsp;\u0026nbsp;\u0026nbsp;\u0026nbsp;\u0026nbsp;\u0026nbsp;\u0026nbsp;\u0026nbsp;\u0026nbsp;\u0026nbsp;\u0026nbsp;\u0026nbsp;\u0026nbsp;\u0026nbsp;\u0026nbsp;\u0026nbsp; Gabinete do Prefeito Municipal de Itabaiana\/SE, em 17 de Dezembro de 2013.\u003C\/span\u003E\u003C\/p\u003E\r\n\u003Cp class=\u0022MsoNormal\u0022\u003E\u003Cspan\u003E\u0026nbsp;\u003C\/span\u003E\u003C\/p\u003E\r\n\u003Cp class=\u0022MsoNormal\u0022\u003E\u003Cspan\u003E\u0026nbsp;\u003C\/span\u003E\u003C\/p\u003E\r\n\u003Cp class=\u0022MsoNormal\u0022\u003E\u003Cspan\u003E\u0026nbsp;\u0026nbsp;\u0026nbsp;\u0026nbsp;\u0026nbsp;\u0026nbsp;\u0026nbsp;\u0026nbsp;\u0026nbsp;\u0026nbsp;\u0026nbsp;\u0026nbsp;\u0026nbsp;\u0026nbsp;\u0026nbsp;\u0026nbsp;\u0026nbsp;\u0026nbsp;\u0026nbsp;\u0026nbsp;\u0026nbsp;\u0026nbsp;\u0026nbsp;\u0026nbsp;\u0026nbsp;\u0026nbsp;\u0026nbsp;\u0026nbsp;\u0026nbsp;\u0026nbsp;\u0026nbsp;\u0026nbsp;\u0026nbsp;\u0026nbsp; \u003C\/span\u003E\u003C\/p\u003E\r\n\u003Cp class=\u0022MsoNormal\u0022 align=\u0022center\u0022\u003E\u003Cstrong\u003E\u003Cspan\u003EVALMIR DOS SANTOS COSTA\u003C\/span\u003E\u003C\/strong\u003E\u003C\/p\u003E\r\n\u003Cp class=\u0022MsoNormal\u0022 align=\u0022center\u0022\u003E\u003Cspan\u003EPrefeito\u003C\/span\u003E\u003C\/p\u003E\r\n\u003Cp class=\u0022MsoNormal\u0022 align=\u0022center\u0022\u003E\u003Cspan\u003E\u0026nbsp;\u003C\/span\u003E\u003C\/p\u003E\r\n\u003Cp class=\u0022MsoNormal\u0022\u003E\u003Cspan\u003E\u0026nbsp;\u003C\/span\u003E\u003C\/p\u003E\r\n\u003Cp class=\u0022MsoNormal\u0022 align=\u0022center\u0022\u003E\u003Cstrong\u003E\u003Cspan\u003ELUCAS CARDINALI PACHECO\u003C\/span\u003E\u003C\/strong\u003E\u003C\/p\u003E\r\n\u003Cp\u003E\u0026nbsp;\u003C\/p\u003E\r\n\u003Cp class=\u0022MsoNormal\u0022 align=\u0022center\u0022\u003E\u003Cspan\u003EProcurador Geral do Munic\u0026iacute;pio\u003C\/span\u003E\u003C\/p\u003E","criado":"2013-12-17 00:00:00","alterado":"2013-12-17 00:00:00"},{"id":1889,"titulo":"Disp\u00f5e sobre nome de Rua de nosso Munic\u00edpio e d\u00e1 outras provid\u00eancias.","numero":"1719","categoria_id":1,"aprovada":"2013-12-17 00:00:00","slug":"disp-e-sobre-nome-de-rua-de-nosso-munic-pio-e-d-outras-provid-ncias","descricao":"\u003Cp class=\u0022MsoNormal\u0022\u003E\u003Cstrong\u003E\u003Cspan\u003EO PREFEITO DO MUNIC\u0026Iacute;PIO DE ITABAIANA, ESTADO DE SERGIPE, \u003C\/span\u003E\u003C\/strong\u003E\u003Cspan\u003Eno uso de suas atribui\u0026ccedil;\u0026otilde;es legais;\u003Cstrong\u003E\u003C\/strong\u003E\u003C\/span\u003E\u003C\/p\u003E\r\n\u003Cp class=\u0022MsoNormal\u0022\u003E\u003Cspan\u003E\u0026nbsp;\u003C\/span\u003E\u003C\/p\u003E\r\n\u003Cp class=\u0022MsoNormal\u0022\u003E\u003Cspan\u003E\u0026nbsp;\u0026nbsp;\u0026nbsp;\u0026nbsp;\u0026nbsp;\u0026nbsp;\u0026nbsp;\u0026nbsp;\u0026nbsp;\u0026nbsp;\u0026nbsp;\u0026nbsp;\u0026nbsp;\u0026nbsp;\u0026nbsp;\u0026nbsp;\u0026nbsp;\u0026nbsp;\u0026nbsp;\u0026nbsp;\u0026nbsp;\u0026nbsp;\u0026nbsp; Fa\u0026ccedil;o saber que a C\u0026acirc;mara Municipal aprovou e eu sanciono e promulgo a seguinte LEI:\u003C\/span\u003E\u003C\/p\u003E\r\n\u003Cp class=\u0022MsoNormal\u0022\u003E\u003Cspan\u003E\u0026nbsp;\u003C\/span\u003E\u003C\/p\u003E\r\n\u003Cp class=\u0022MsoNormal\u0022\u003E\u003Cspan\u003E\u0026nbsp;\u0026nbsp;\u0026nbsp;\u0026nbsp;\u0026nbsp;\u0026nbsp;\u0026nbsp;\u0026nbsp;\u0026nbsp;\u0026nbsp;\u0026nbsp;\u0026nbsp;\u0026nbsp;\u0026nbsp;\u0026nbsp;\u0026nbsp;\u0026nbsp;\u0026nbsp;\u0026nbsp;\u0026nbsp;\u0026nbsp;\u0026nbsp;\u0026nbsp; Art. 1\u0026ordm; - A Rua Projetada F localizada no Loteamento Para\u0026iacute;so da Serra no Bairro Oviedo Teixeira, iniciando na Rua Josefa Santana Monteiro, passando pelas quadras B, E, C, D, F e finalizando na Rua Projetada G, passar\u0026aacute; a denominar-se de \u003Cstrong\u003ERua Dr\u0026ordf;. Wedna Mendes Rodrigues.\u003C\/strong\u003E\u003C\/span\u003E\u003C\/p\u003E\r\n\u003Cp class=\u0022MsoNormal\u0022\u003E\u003Cspan\u003E\u0026nbsp;\u003C\/span\u003E\u003C\/p\u003E\r\n\u003Cp class=\u0022MsoNormal\u0022\u003E\u003Cspan\u003E\u0026nbsp;\u0026nbsp;\u0026nbsp;\u0026nbsp;\u0026nbsp;\u0026nbsp;\u0026nbsp;\u0026nbsp;\u0026nbsp;\u0026nbsp;\u0026nbsp;\u0026nbsp;\u0026nbsp;\u0026nbsp;\u0026nbsp;\u0026nbsp;\u0026nbsp;\u0026nbsp;\u0026nbsp;\u0026nbsp;\u0026nbsp;\u0026nbsp;\u0026nbsp; Art. 2\u0026ordm; - Esta Lei entrar\u0026aacute; em vigor na data de sua publica\u0026ccedil;\u0026atilde;o.\u003C\/span\u003E\u003C\/p\u003E\r\n\u003Cp class=\u0022MsoNormal\u0022\u003E\u003Cspan\u003E\u0026nbsp;\u003C\/span\u003E\u003C\/p\u003E\r\n\u003Cp class=\u0022MsoNormal\u0022\u003E\u003Cspan\u003E\u0026nbsp;\u0026nbsp;\u0026nbsp;\u0026nbsp;\u0026nbsp;\u0026nbsp;\u0026nbsp;\u0026nbsp;\u0026nbsp;\u0026nbsp;\u0026nbsp;\u0026nbsp;\u0026nbsp;\u0026nbsp;\u0026nbsp;\u0026nbsp;\u0026nbsp;\u0026nbsp;\u0026nbsp;\u0026nbsp;\u0026nbsp;\u0026nbsp;\u0026nbsp; Art. 3\u0026ordm; - Ficam revogadas as disposi\u0026ccedil;\u0026otilde;es em contr\u0026aacute;rio.\u003C\/span\u003E\u003C\/p\u003E\r\n\u003Cp class=\u0022MsoNormal\u0022\u003E\u003Cspan\u003E\u0026nbsp;\u003C\/span\u003E\u003C\/p\u003E\r\n\u003Cp class=\u0022MsoNormal\u0022\u003E\u003Cspan\u003E\u0026nbsp;\u0026nbsp;\u0026nbsp;\u0026nbsp;\u0026nbsp;\u0026nbsp;\u0026nbsp;\u0026nbsp;\u0026nbsp;\u0026nbsp;\u0026nbsp;\u0026nbsp;\u0026nbsp;\u0026nbsp;\u0026nbsp;\u0026nbsp;\u0026nbsp;\u0026nbsp;\u0026nbsp;\u0026nbsp;\u0026nbsp;\u0026nbsp;\u0026nbsp; Gabinete do Prefeito Municipal de Itabaiana\/SE, em 17 de Dezembro de 2013.\u003C\/span\u003E\u003C\/p\u003E\r\n\u003Cp class=\u0022MsoNormal\u0022\u003E\u003Cspan\u003E\u0026nbsp;\u003C\/span\u003E\u003C\/p\u003E\r\n\u003Cp class=\u0022MsoNormal\u0022\u003E\u003Cspan\u003E\u0026nbsp;\u003C\/span\u003E\u003C\/p\u003E\r\n\u003Cp class=\u0022MsoNormal\u0022\u003E\u003Cspan\u003E\u0026nbsp;\u0026nbsp;\u0026nbsp;\u0026nbsp;\u0026nbsp;\u0026nbsp;\u0026nbsp;\u0026nbsp;\u0026nbsp;\u0026nbsp;\u0026nbsp;\u0026nbsp;\u0026nbsp;\u0026nbsp;\u0026nbsp;\u0026nbsp;\u0026nbsp;\u0026nbsp;\u0026nbsp;\u0026nbsp;\u0026nbsp;\u0026nbsp;\u0026nbsp;\u0026nbsp;\u0026nbsp;\u0026nbsp;\u0026nbsp;\u0026nbsp;\u0026nbsp;\u0026nbsp;\u0026nbsp;\u0026nbsp;\u0026nbsp;\u0026nbsp; \u003C\/span\u003E\u003C\/p\u003E\r\n\u003Cp class=\u0022MsoNormal\u0022 align=\u0022center\u0022\u003E\u003Cstrong\u003E\u003Cspan\u003EVALMIR DOS SANTOS COSTA\u003C\/span\u003E\u003C\/strong\u003E\u003C\/p\u003E\r\n\u003Cp class=\u0022MsoNormal\u0022 align=\u0022center\u0022\u003E\u003Cspan\u003EPrefeito\u003C\/span\u003E\u003C\/p\u003E\r\n\u003Cp class=\u0022MsoNormal\u0022 align=\u0022center\u0022\u003E\u003Cspan\u003E\u0026nbsp;\u003C\/span\u003E\u003C\/p\u003E\r\n\u003Cp class=\u0022MsoNormal\u0022\u003E\u003Cspan\u003E\u0026nbsp;\u003C\/span\u003E\u003C\/p\u003E\r\n\u003Cp class=\u0022MsoNormal\u0022 align=\u0022center\u0022\u003E\u003Cstrong\u003E\u003Cspan\u003ELUCAS CARDINALI PACHECO\u003C\/span\u003E\u003C\/strong\u003E\u003C\/p\u003E\r\n\u003Cp\u003E\u0026nbsp;\u003C\/p\u003E\r\n\u003Cp class=\u0022MsoNormal\u0022 align=\u0022center\u0022\u003E\u003Cspan\u003EProcurador Geral do Munic\u0026iacute;pio\u003C\/span\u003E\u003C\/p\u003E","criado":"2013-12-17 00:00:00","alterado":"2013-12-17 00:00:00"},{"id":1888,"titulo":"Disp\u00f5e sobre nome de Rua de nosso Munic\u00edpio e d\u00e1 outras provid\u00eancias.","numero":"1718","categoria_id":1,"aprovada":"2013-12-17 00:00:00","slug":"disp-e-sobre-nome-de-rua-de-nosso-munic-pio-e-d-outras-provid-ncias","descricao":"\u003Cp class=\u0022MsoNormal\u0022\u003E\u003Cstrong\u003E\u003Cspan\u003EO PREFEITO DO MUNIC\u0026Iacute;PIO DE ITABAIANA, ESTADO DE SERGIPE, \u003C\/span\u003E\u003C\/strong\u003E\u003Cspan\u003Eno uso de suas atribui\u0026ccedil;\u0026otilde;es legais;\u003Cstrong\u003E\u003C\/strong\u003E\u003C\/span\u003E\u003C\/p\u003E\r\n\u003Cp class=\u0022MsoNormal\u0022\u003E\u003Cspan\u003E\u0026nbsp;\u003C\/span\u003E\u003C\/p\u003E\r\n\u003Cp class=\u0022MsoNormal\u0022\u003E\u003Cspan\u003E\u0026nbsp;\u0026nbsp;\u0026nbsp;\u0026nbsp;\u0026nbsp;\u0026nbsp;\u0026nbsp;\u0026nbsp;\u0026nbsp;\u0026nbsp;\u0026nbsp;\u0026nbsp;\u0026nbsp;\u0026nbsp;\u0026nbsp;\u0026nbsp;\u0026nbsp;\u0026nbsp;\u0026nbsp;\u0026nbsp;\u0026nbsp;\u0026nbsp;\u0026nbsp; Fa\u0026ccedil;o saber que a C\u0026acirc;mara Municipal aprovou e eu sanciono e promulgo a seguinte LEI:\u003C\/span\u003E\u003C\/p\u003E\r\n\u003Cp class=\u0022MsoNormal\u0022\u003E\u003Cspan\u003E\u0026nbsp;\u003C\/span\u003E\u003C\/p\u003E\r\n\u003Cp class=\u0022MsoNormal\u0022\u003E\u003Cspan\u003E\u0026nbsp;\u0026nbsp;\u0026nbsp;\u0026nbsp;\u0026nbsp;\u0026nbsp;\u0026nbsp;\u0026nbsp;\u0026nbsp;\u0026nbsp;\u0026nbsp;\u0026nbsp;\u0026nbsp;\u0026nbsp;\u0026nbsp;\u0026nbsp;\u0026nbsp;\u0026nbsp;\u0026nbsp;\u0026nbsp;\u0026nbsp;\u0026nbsp;\u0026nbsp; Art. 1\u0026ordm; - A Rua Projetada M localizada no Loteamento Para\u0026iacute;so da Serra no Bairro Oviedo Teixeira, entras as quadras M, N e O, tendo seu in\u0026iacute;cio na \u0026Aacute;rea Institucional e finalizando no s\u0026iacute;tio agr\u0026iacute;cola, passar\u0026aacute; a denominar-se de \u003Cstrong\u003ERua Abner Alves de Almeida.\u003C\/strong\u003E\u003C\/span\u003E\u003C\/p\u003E\r\n\u003Cp class=\u0022MsoNormal\u0022\u003E\u003Cspan\u003E\u0026nbsp;\u003C\/span\u003E\u003C\/p\u003E\r\n\u003Cp class=\u0022MsoNormal\u0022\u003E\u003Cspan\u003E\u0026nbsp;\u0026nbsp;\u0026nbsp;\u0026nbsp;\u0026nbsp;\u0026nbsp;\u0026nbsp;\u0026nbsp;\u0026nbsp;\u0026nbsp;\u0026nbsp;\u0026nbsp;\u0026nbsp;\u0026nbsp;\u0026nbsp;\u0026nbsp;\u0026nbsp;\u0026nbsp;\u0026nbsp;\u0026nbsp;\u0026nbsp;\u0026nbsp;\u0026nbsp; Art. 2\u0026ordm; - Esta Lei entrar\u0026aacute; em vigor na data de sua publica\u0026ccedil;\u0026atilde;o.\u003C\/span\u003E\u003C\/p\u003E\r\n\u003Cp class=\u0022MsoNormal\u0022\u003E\u003Cspan\u003E\u0026nbsp;\u003C\/span\u003E\u003C\/p\u003E\r\n\u003Cp class=\u0022MsoNormal\u0022\u003E\u003Cspan\u003E\u0026nbsp;\u0026nbsp;\u0026nbsp;\u0026nbsp;\u0026nbsp;\u0026nbsp;\u0026nbsp;\u0026nbsp;\u0026nbsp;\u0026nbsp;\u0026nbsp;\u0026nbsp;\u0026nbsp;\u0026nbsp;\u0026nbsp;\u0026nbsp;\u0026nbsp;\u0026nbsp;\u0026nbsp;\u0026nbsp;\u0026nbsp;\u0026nbsp;\u0026nbsp; Art. 3\u0026ordm; - Ficam revogadas as disposi\u0026ccedil;\u0026otilde;es em contr\u0026aacute;rio.\u003C\/span\u003E\u003C\/p\u003E\r\n\u003Cp class=\u0022MsoNormal\u0022\u003E\u003Cspan\u003E\u0026nbsp;\u003C\/span\u003E\u003C\/p\u003E\r\n\u003Cp class=\u0022MsoNormal\u0022\u003E\u003Cspan\u003E\u0026nbsp;\u0026nbsp;\u0026nbsp;\u0026nbsp;\u0026nbsp;\u0026nbsp;\u0026nbsp;\u0026nbsp;\u0026nbsp;\u0026nbsp;\u0026nbsp;\u0026nbsp;\u0026nbsp;\u0026nbsp;\u0026nbsp;\u0026nbsp;\u0026nbsp;\u0026nbsp;\u0026nbsp;\u0026nbsp;\u0026nbsp;\u0026nbsp;\u0026nbsp; Gabinete do Prefeito Municipal de Itabaiana\/SE, em 17 de Dezembro de 2013.\u003C\/span\u003E\u003C\/p\u003E\r\n\u003Cp class=\u0022MsoNormal\u0022\u003E\u003Cspan\u003E\u0026nbsp;\u003C\/span\u003E\u003C\/p\u003E\r\n\u003Cp class=\u0022MsoNormal\u0022\u003E\u003Cspan\u003E\u0026nbsp;\u003C\/span\u003E\u003C\/p\u003E\r\n\u003Cp class=\u0022MsoNormal\u0022\u003E\u003Cspan\u003E\u0026nbsp;\u0026nbsp;\u0026nbsp;\u0026nbsp;\u0026nbsp;\u0026nbsp;\u0026nbsp;\u0026nbsp;\u0026nbsp;\u0026nbsp;\u0026nbsp;\u0026nbsp;\u0026nbsp;\u0026nbsp;\u0026nbsp;\u0026nbsp;\u0026nbsp;\u0026nbsp;\u0026nbsp;\u0026nbsp;\u0026nbsp;\u0026nbsp;\u0026nbsp;\u0026nbsp;\u0026nbsp;\u0026nbsp;\u0026nbsp;\u0026nbsp;\u0026nbsp;\u0026nbsp;\u0026nbsp;\u0026nbsp;\u0026nbsp;\u0026nbsp; \u003C\/span\u003E\u003C\/p\u003E\r\n\u003Cp class=\u0022MsoNormal\u0022 align=\u0022center\u0022\u003E\u003Cstrong\u003E\u003Cspan\u003EVALMIR DOS SANTOS COSTA\u003C\/span\u003E\u003C\/strong\u003E\u003C\/p\u003E\r\n\u003Cp class=\u0022MsoNormal\u0022 align=\u0022center\u0022\u003E\u003Cspan\u003EPrefeito\u003C\/span\u003E\u003C\/p\u003E\r\n\u003Cp class=\u0022MsoNormal\u0022 align=\u0022center\u0022\u003E\u003Cspan\u003E\u0026nbsp;\u003C\/span\u003E\u003C\/p\u003E\r\n\u003Cp class=\u0022MsoNormal\u0022\u003E\u003Cspan\u003E\u0026nbsp;\u003C\/span\u003E\u003C\/p\u003E\r\n\u003Cp class=\u0022MsoNormal\u0022 align=\u0022center\u0022\u003E\u003Cstrong\u003E\u003Cspan\u003ELUCAS CARDINALI PACHECO\u003C\/span\u003E\u003C\/strong\u003E\u003C\/p\u003E\r\n\u003Cp\u003E\u0026nbsp;\u003C\/p\u003E\r\n\u003Cp class=\u0022MsoNormal\u0022 align=\u0022center\u0022\u003E\u003Cspan\u003EProcurador Geral do Munic\u0026iacute;pio\u003C\/span\u003E\u003C\/p\u003E","criado":"2013-12-17 00:00:00","alterado":"2013-12-17 00:00:00"},{"id":1887,"titulo":"Disp\u00f5e sobre nome de Rua de nosso Munic\u00edpio e d\u00e1 outras provid\u00eancias.","numero":"1717","categoria_id":1,"aprovada":"2013-12-17 00:00:00","slug":"disp-e-sobre-nome-de-rua-de-nosso-munic-pio-e-d-outras-provid-ncias","descricao":"\u003Cp class=\u0022MsoNormal\u0022\u003E\u003Cstrong\u003E\u003Cspan\u003EO PREFEITO DO MUNIC\u0026Iacute;PIO DE ITABAIANA, ESTADO DE SERGIPE, \u003C\/span\u003E\u003C\/strong\u003E\u003Cspan\u003Eno uso de suas atribui\u0026ccedil;\u0026otilde;es legais;\u003Cstrong\u003E\u003C\/strong\u003E\u003C\/span\u003E\u003C\/p\u003E\r\n\u003Cp class=\u0022MsoNormal\u0022\u003E\u003Cspan\u003E\u0026nbsp;\u003C\/span\u003E\u003C\/p\u003E\r\n\u003Cp class=\u0022MsoNormal\u0022\u003E\u003Cspan\u003E\u0026nbsp;\u0026nbsp;\u0026nbsp;\u0026nbsp;\u0026nbsp;\u0026nbsp;\u0026nbsp;\u0026nbsp;\u0026nbsp;\u0026nbsp;\u0026nbsp;\u0026nbsp;\u0026nbsp;\u0026nbsp;\u0026nbsp;\u0026nbsp;\u0026nbsp;\u0026nbsp;\u0026nbsp;\u0026nbsp;\u0026nbsp;\u0026nbsp;\u0026nbsp; Fa\u0026ccedil;o saber que a C\u0026acirc;mara Municipal aprovou e eu sanciono e promulgo a seguinte LEI:\u003C\/span\u003E\u003C\/p\u003E\r\n\u003Cp class=\u0022MsoNormal\u0022\u003E\u003Cspan\u003E\u0026nbsp;\u003C\/span\u003E\u003C\/p\u003E\r\n\u003Cp class=\u0022MsoNormal\u0022\u003E\u003Cspan\u003E\u0026nbsp;\u0026nbsp;\u0026nbsp;\u0026nbsp;\u0026nbsp;\u0026nbsp;\u0026nbsp;\u0026nbsp;\u0026nbsp;\u0026nbsp;\u0026nbsp;\u0026nbsp;\u0026nbsp;\u0026nbsp;\u0026nbsp;\u0026nbsp;\u0026nbsp;\u0026nbsp;\u0026nbsp;\u0026nbsp;\u0026nbsp;\u0026nbsp;\u0026nbsp; Art. 1\u0026ordm; - A Rua Projetada N localizada no Loteamento Para\u0026iacute;so da Serra no Bairro Oviedo Teixeira, entras as quadras N, O e P, tendo seu in\u0026iacute;cio na Pra\u0026ccedil;a Manoel Sobral e finalizando ap\u0026oacute;s a Rua Josefa Santana Monteiro, passar\u0026aacute; a denominar-se de \u003Cstrong\u003ERua J\u0026uacute;lia Mendon\u0026ccedil;a Almeida.\u003C\/strong\u003E\u003C\/span\u003E\u003C\/p\u003E\r\n\u003Cp class=\u0022MsoNormal\u0022\u003E\u003Cspan\u003E\u0026nbsp;\u003C\/span\u003E\u003C\/p\u003E\r\n\u003Cp class=\u0022MsoNormal\u0022\u003E\u003Cspan\u003E\u0026nbsp;\u0026nbsp;\u0026nbsp;\u0026nbsp;\u0026nbsp;\u0026nbsp;\u0026nbsp;\u0026nbsp;\u0026nbsp;\u0026nbsp;\u0026nbsp;\u0026nbsp;\u0026nbsp;\u0026nbsp;\u0026nbsp;\u0026nbsp;\u0026nbsp;\u0026nbsp;\u0026nbsp;\u0026nbsp;\u0026nbsp;\u0026nbsp;\u0026nbsp; Art. 2\u0026ordm; - Esta Lei entrar\u0026aacute; em vigor na data de sua publica\u0026ccedil;\u0026atilde;o.\u003C\/span\u003E\u003C\/p\u003E\r\n\u003Cp class=\u0022MsoNormal\u0022\u003E\u003Cspan\u003E\u0026nbsp;\u003C\/span\u003E\u003C\/p\u003E\r\n\u003Cp class=\u0022MsoNormal\u0022\u003E\u003Cspan\u003E\u0026nbsp;\u0026nbsp;\u0026nbsp;\u0026nbsp;\u0026nbsp;\u0026nbsp;\u0026nbsp;\u0026nbsp;\u0026nbsp;\u0026nbsp;\u0026nbsp;\u0026nbsp;\u0026nbsp;\u0026nbsp;\u0026nbsp;\u0026nbsp;\u0026nbsp;\u0026nbsp;\u0026nbsp;\u0026nbsp;\u0026nbsp;\u0026nbsp;\u0026nbsp; Art. 3\u0026ordm; - Ficam revogadas as disposi\u0026ccedil;\u0026otilde;es em contr\u0026aacute;rio.\u003C\/span\u003E\u003C\/p\u003E\r\n\u003Cp class=\u0022MsoNormal\u0022\u003E\u003Cspan\u003E\u0026nbsp;\u003C\/span\u003E\u003C\/p\u003E\r\n\u003Cp class=\u0022MsoNormal\u0022\u003E\u003Cspan\u003E\u0026nbsp;\u0026nbsp;\u0026nbsp;\u0026nbsp;\u0026nbsp;\u0026nbsp;\u0026nbsp;\u0026nbsp;\u0026nbsp;\u0026nbsp;\u0026nbsp;\u0026nbsp;\u0026nbsp;\u0026nbsp;\u0026nbsp;\u0026nbsp;\u0026nbsp;\u0026nbsp;\u0026nbsp;\u0026nbsp;\u0026nbsp;\u0026nbsp;\u0026nbsp; Gabinete do Prefeito Municipal de Itabaiana\/SE, em 17 de Dezembro de 2013.\u003C\/span\u003E\u003C\/p\u003E\r\n\u003Cp class=\u0022MsoNormal\u0022\u003E\u003Cspan\u003E\u0026nbsp;\u003C\/span\u003E\u003C\/p\u003E\r\n\u003Cp class=\u0022MsoNormal\u0022\u003E\u003Cspan\u003E\u0026nbsp;\u003C\/span\u003E\u003C\/p\u003E\r\n\u003Cp class=\u0022MsoNormal\u0022\u003E\u003Cspan\u003E\u0026nbsp;\u0026nbsp;\u0026nbsp;\u0026nbsp;\u0026nbsp;\u0026nbsp;\u0026nbsp;\u0026nbsp;\u0026nbsp;\u0026nbsp;\u0026nbsp;\u0026nbsp;\u0026nbsp;\u0026nbsp;\u0026nbsp;\u0026nbsp;\u0026nbsp;\u0026nbsp;\u0026nbsp;\u0026nbsp;\u0026nbsp;\u0026nbsp;\u0026nbsp;\u0026nbsp;\u0026nbsp;\u0026nbsp;\u0026nbsp;\u0026nbsp;\u0026nbsp;\u0026nbsp;\u0026nbsp;\u0026nbsp;\u0026nbsp;\u0026nbsp; \u003C\/span\u003E\u003C\/p\u003E\r\n\u003Cp class=\u0022MsoNormal\u0022 align=\u0022center\u0022\u003E\u003Cstrong\u003E\u003Cspan\u003EVALMIR DOS SANTOS COSTA\u003C\/span\u003E\u003C\/strong\u003E\u003C\/p\u003E\r\n\u003Cp class=\u0022MsoNormal\u0022 align=\u0022center\u0022\u003E\u003Cspan\u003EPrefeito\u003C\/span\u003E\u003C\/p\u003E\r\n\u003Cp class=\u0022MsoNormal\u0022 align=\u0022center\u0022\u003E\u003Cspan\u003E\u0026nbsp;\u003C\/span\u003E\u003C\/p\u003E\r\n\u003Cp class=\u0022MsoNormal\u0022\u003E\u003Cspan\u003E\u0026nbsp;\u003C\/span\u003E\u003C\/p\u003E\r\n\u003Cp class=\u0022MsoNormal\u0022 align=\u0022center\u0022\u003E\u003Cstrong\u003E\u003Cspan\u003ELUCAS CARDINALI PACHECO\u003C\/span\u003E\u003C\/strong\u003E\u003C\/p\u003E\r\n\u003Cp\u003E\u0026nbsp;\u003C\/p\u003E\r\n\u003Cp class=\u0022MsoNormal\u0022 align=\u0022center\u0022\u003E\u003Cspan\u003EProcurador Geral do Munic\u0026iacute;pio\u003C\/span\u003E\u003C\/p\u003E","criado":"2013-12-17 00:00:00","alterado":"2013-12-17 00:00:00"}],"ano":null,"busca":null}