{"categorias":[{"id":2,"nome":"Decreto","slug":"decreto","criado":"2021-09-21 15:19:15","alterado":"2026-04-22 13:08:01"},{"id":1,"nome":"Lei","slug":"lei","criado":"2021-09-21 15:19:15","alterado":"2026-04-22 13:08:09"},{"id":10,"nome":"Portaria","slug":"portaria","criado":"2024-05-14 12:10:49","alterado":"2026-04-22 13:07:36"},{"id":7,"nome":"Projeto de Decreto","slug":"projeto-de-decreto","criado":"2023-03-21 08:45:22","alterado":"2024-08-16 11:08:15"},{"id":6,"nome":"Projeto de Lei","slug":"projeto-de-lei","criado":"2023-03-17 14:46:15","alterado":"2024-08-16 11:08:58"},{"id":5,"nome":"Resolu\u00e7\u00e3o","slug":"resolucao","criado":"2021-09-21 15:19:15","alterado":"2026-04-22 13:07:52"}],"categoria":null,"paginacao":{"atual":155,"proxima":156,"anterior":154,"total_registros":4101,"total_paginas":274},"itens":[{"id":1796,"titulo":"Cria no calend\u00e1rio de Eventos do Munic\u00edpio de Itabaiana a SEMANA DA FAM\u00cdLIA NA ESCOLA e d\u00e1 outras provid\u00eancias.","numero":"1626","categoria_id":1,"aprovada":"2013-07-31 00:00:00","slug":"cria-no-calend-rio-de-eventos-do-munic-pio-de-itabaiana-a-semana-da-fam-lia-na-escola-e-d-outras-provid-ncias","descricao":"\u003Cp class=\u0022MsoNormal\u0022\u003E\u003Cstrong\u003E\u003Cspan\u003EO PREFEITO DO MUNIC\u0026Iacute;PIO DE ITABAIANA, ESTADO DE SERGIPE, \u003C\/span\u003E\u003C\/strong\u003E\u003Cspan\u003Eno uso de suas atribui\u0026ccedil;\u0026otilde;es legais;\u003Cstrong\u003E\u003C\/strong\u003E\u003C\/span\u003E\u003C\/p\u003E\r\n\u003Cp class=\u0022MsoNormal\u0022\u003E\u003Cspan\u003E\u0026nbsp;\u003C\/span\u003E\u003C\/p\u003E\r\n\u003Cp class=\u0022MsoNormal\u0022\u003E\u003Cspan\u003E\u0026nbsp;\u0026nbsp;\u0026nbsp;\u0026nbsp;\u0026nbsp;\u0026nbsp;\u0026nbsp;\u0026nbsp;\u0026nbsp;\u0026nbsp;\u0026nbsp;\u0026nbsp;\u0026nbsp;\u0026nbsp;\u0026nbsp;\u0026nbsp;\u0026nbsp;\u0026nbsp;\u0026nbsp;\u0026nbsp;\u0026nbsp;\u0026nbsp;\u0026nbsp; Fa\u0026ccedil;o saber que a C\u0026acirc;mara Municipal aprovou e eu sanciono e promulgo a seguinte LEI:\u003C\/span\u003E\u003C\/p\u003E\r\n\u003Cp class=\u0022MsoNormal\u0022\u003E\u003Cspan\u003E\u0026nbsp;\u003C\/span\u003E\u003C\/p\u003E\r\n\u003Cp class=\u0022MsoNormal\u0022\u003E\u003Cspan\u003E\u0026nbsp;\u0026nbsp;\u0026nbsp;\u0026nbsp;\u0026nbsp;\u0026nbsp;\u0026nbsp;\u0026nbsp;\u0026nbsp;\u0026nbsp;\u0026nbsp;\u0026nbsp;\u0026nbsp;\u0026nbsp;\u0026nbsp;\u0026nbsp;\u0026nbsp;\u0026nbsp;\u0026nbsp;\u0026nbsp;\u0026nbsp;\u0026nbsp;\u0026nbsp; Art. 1\u0026ordm; - Institui-se no calend\u0026aacute;rio oficial de eventos no \u0026acirc;mbito territorial do munic\u0026iacute;pio de Itabaiana a \u0026ldquo;Semana da Fam\u0026iacute;lia na Escola\u0026rdquo;.\u003C\/span\u003E\u003C\/p\u003E\r\n\u003Cp class=\u0022MsoNormal\u0022\u003E\u003Cspan\u003E\u0026nbsp;\u003C\/span\u003E\u003C\/p\u003E\r\n\u003Cp class=\u0022MsoNormal\u0022\u003E\u003Cspan\u003E\u0026nbsp;\u0026nbsp;\u0026nbsp;\u0026nbsp;\u0026nbsp;\u0026nbsp;\u0026nbsp;\u0026nbsp;\u0026nbsp;\u0026nbsp;\u0026nbsp;\u0026nbsp;\u0026nbsp;\u0026nbsp;\u0026nbsp;\u0026nbsp;\u0026nbsp;\u0026nbsp;\u0026nbsp;\u0026nbsp;\u0026nbsp;\u0026nbsp;\u0026nbsp; Art. 2\u0026ordm; - A \u0026ldquo;Semana da Fam\u0026iacute;lia na Escola\u0026rdquo; destina-se a resgatar valores morais e culturais, visando uma conviv\u0026ecirc;ncia pac\u0026iacute;fica e harmoniosa entre alunos, pais e educadores. \u0026nbsp;\u0026nbsp;\u003C\/span\u003E\u003C\/p\u003E\r\n\u003Cp class=\u0022MsoNormal\u0022\u003E\u003Cspan\u003E\u0026nbsp;\u003C\/span\u003E\u003C\/p\u003E\r\n\u003Cp class=\u0022MsoNormal\u0022\u003E\u003Cspan\u003EArt. 3\u0026deg;- Durante a realiza\u0026ccedil;\u0026atilde;o da \u0026ldquo;Semana da Fam\u0026iacute;lia na Escola\u0026rdquo; os pais participar\u0026atilde;o de palestras, oficinas e gincanas, em conjunto com os educadores e alunos, fortalecendo a rela\u0026ccedil;\u0026atilde;o entre a fam\u0026iacute;lia, alunos e educadores.\u003C\/span\u003E\u003C\/p\u003E\r\n\u003Cp class=\u0022MsoNormal\u0022\u003E\u003Cspan\u003E\u0026nbsp;\u003C\/span\u003E\u003C\/p\u003E\r\n\u003Cp class=\u0022MsoNormal\u0022\u003E\u003Cspan\u003EArt. 4\u0026deg;- No decorrer da \u0026ldquo;Semana da Fam\u0026iacute;lia na Escola\u0026rdquo;, os trabalhos educativos ser\u0026atilde;o conduzidos pelos professores, dentro da sala de aula, contando com o apoio da equipe da unidade escolar.\u003C\/span\u003E\u003C\/p\u003E\r\n\u003Cp class=\u0022MsoNormal\u0022\u003E\u003Cspan\u003E\u0026nbsp;\u003C\/span\u003E\u003C\/p\u003E\r\n\u003Cp class=\u0022MsoNormal\u0022\u003E\u003Cspan\u003EArt. 5\u0026deg;- A \u0026ldquo;Semana da Fam\u0026iacute;lia na Escola\u0026rdquo; ter\u0026aacute; por objetivo:\u003C\/span\u003E\u003C\/p\u003E\r\n\u003Cp class=\u0022MsoNormal\u0022\u003E\u003Cspan\u003E\u0026nbsp;\u003C\/span\u003E\u003C\/p\u003E\r\n\u003Cp class=\u0022MsoListParagraphCxSpFirst\u0022\u003E\u003C!--[if !supportLists]--\u003E\u003Cspan\u003EI-\u003Cspan\u003E\u0026nbsp;\u0026nbsp;\u0026nbsp;\u0026nbsp;\u0026nbsp;\u0026nbsp;\u0026nbsp;\u0026nbsp;\u0026nbsp;\u0026nbsp;\u0026nbsp;\u0026nbsp;\u0026nbsp;\u0026nbsp;\u0026nbsp;\u0026nbsp;\u0026nbsp;\u0026nbsp; \u003C\/span\u003E\u003C\/span\u003E\u003C!--[endif]--\u003E\u003Cspan\u003EProporcionar a oportunidade de unir pais, filhos e escola numa semana de confraterniza\u0026ccedil;\u0026atilde;o e reflex\u0026atilde;o;\u003C\/span\u003E\u003C\/p\u003E\r\n\u003Cp class=\u0022MsoListParagraphCxSpMiddle\u0022\u003E\u003C!--[if !supportLists]--\u003E\u003Cspan\u003EII-\u003Cspan\u003E\u0026nbsp;\u0026nbsp;\u0026nbsp;\u0026nbsp;\u0026nbsp;\u0026nbsp;\u0026nbsp;\u0026nbsp;\u0026nbsp;\u0026nbsp;\u0026nbsp;\u0026nbsp;\u0026nbsp;\u0026nbsp;\u0026nbsp;\u0026nbsp; \u003C\/span\u003E\u003C\/span\u003E\u003C!--[endif]--\u003E\u003Cspan\u003EDespertar para import\u0026acirc;ncia do carinho, dos cuidados b\u0026aacute;sicos (higiene pessoal, alimenta\u0026ccedil;\u0026atilde;o e sa\u0026uacute;de);\u003C\/span\u003E\u003C\/p\u003E\r\n\u003Cp class=\u0022MsoListParagraphCxSpMiddle\u0022\u003E\u003C!--[if !supportLists]--\u003E\u003Cspan\u003EIII-\u003Cspan\u003E\u0026nbsp;\u0026nbsp;\u0026nbsp;\u0026nbsp;\u0026nbsp;\u0026nbsp;\u0026nbsp;\u0026nbsp;\u0026nbsp;\u0026nbsp;\u0026nbsp;\u0026nbsp;\u0026nbsp;\u0026nbsp; \u003C\/span\u003E\u003C\/span\u003E\u003C!--[endif]--\u003E\u003Cspan\u003EValorizar a import\u0026acirc;ncia da fam\u0026iacute;lia na qualidade de aprendizagem dos filhos;\u003C\/span\u003E\u003C\/p\u003E\r\n\u003Cp class=\u0022MsoListParagraphCxSpMiddle\u0022\u003E\u003C!--[if !supportLists]--\u003E\u003Cspan\u003EIV-\u003Cspan\u003E\u0026nbsp;\u0026nbsp;\u0026nbsp;\u0026nbsp;\u0026nbsp;\u0026nbsp;\u0026nbsp;\u0026nbsp;\u0026nbsp;\u0026nbsp;\u0026nbsp;\u0026nbsp;\u0026nbsp; \u003C\/span\u003E\u003C\/span\u003E\u003C!--[endif]--\u003E\u003Cspan\u003EEstimular a intera\u0026ccedil;\u0026atilde;o entre pais, alunos e escolas nos momentos de estudo;\u003C\/span\u003E\u003C\/p\u003E\r\n\u003Cp class=\u0022MsoListParagraphCxSpMiddle\u0022\u003E\u003C!--[if !supportLists]--\u003E\u003Cspan\u003EV-\u003Cspan\u003E\u0026nbsp;\u0026nbsp;\u0026nbsp;\u0026nbsp;\u0026nbsp;\u0026nbsp;\u0026nbsp;\u0026nbsp;\u0026nbsp;\u0026nbsp;\u0026nbsp;\u0026nbsp;\u0026nbsp;\u0026nbsp;\u0026nbsp; \u003C\/span\u003E\u003C\/span\u003E\u003C!--[endif]--\u003E\u003Cspan\u003EConscientizar os pais da import\u0026acirc;ncia do seu auxilio nas atividades escolares do filho.\u003C\/span\u003E\u003C\/p\u003E\r\n\u003Cp class=\u0022MsoListParagraphCxSpMiddle\u0022\u003E\u003Cspan\u003E\u0026nbsp;\u003C\/span\u003E\u003C\/p\u003E\r\n\u003Cp class=\u0022MsoListParagraphCxSpMiddle\u0022\u003E\u003Cspan\u003EArt. 6\u0026deg;- A \u0026ldquo;Semana da Fam\u0026iacute;lia na Escola\u0026rdquo;, dever\u0026aacute; ser amplamente\u0026nbsp;\u0026nbsp;\u0026nbsp;\u0026nbsp;\u0026nbsp;\u0026nbsp; divulgada nas emissoras de r\u0026aacute;dio e nos col\u0026eacute;gios do munic\u0026iacute;pio.\u0026nbsp;\u0026nbsp;\u0026nbsp;\u0026nbsp; \u003C\/span\u003E\u003C\/p\u003E\r\n\u003Cp class=\u0022MsoListParagraphCxSpMiddle\u0022\u003E\u003Cspan\u003E\u0026nbsp;\u003C\/span\u003E\u003C\/p\u003E\r\n\u003Cp class=\u0022MsoListParagraphCxSpMiddle\u0022\u003E\u003Cspan\u003EArt. 7\u0026deg;- Os alunos, pais e educadores vencedores das brincadeiras e gincanas dever\u0026atilde;o ser premiados com brindes a serem doados pela Prefeitura municipal de Itabaiana.\u003C\/span\u003E\u003C\/p\u003E\r\n\u003Cp class=\u0022MsoListParagraphCxSpMiddle\u0022\u003E\u003Cspan\u003E\u0026nbsp;\u003C\/span\u003E\u003C\/p\u003E\r\n\u003Cp class=\u0022MsoListParagraphCxSpMiddle\u0022\u003E\u003Cspan\u003EArt. 8\u0026deg;- Esta lei entra em vigor na data de sua publica\u0026ccedil;\u0026atilde;o, revogando-se as disposi\u0026ccedil;\u0026otilde;es em contr\u0026aacute;rio.\u003C\/span\u003E\u003C\/p\u003E\r\n\u003Cp class=\u0022MsoListParagraphCxSpLast\u0022\u003E\u003Cspan\u003E\u0026nbsp;\u003C\/span\u003E\u003C\/p\u003E\r\n\u003Cp class=\u0022MsoNormal\u0022\u003E\u003Cspan\u003E\u0026nbsp;\u0026nbsp;\u0026nbsp;\u0026nbsp;\u0026nbsp;\u0026nbsp;\u0026nbsp;\u0026nbsp;\u0026nbsp;\u0026nbsp;\u0026nbsp;\u0026nbsp;\u0026nbsp;\u0026nbsp;\u0026nbsp;\u0026nbsp;\u0026nbsp;\u0026nbsp;\u0026nbsp;\u0026nbsp;\u0026nbsp;\u0026nbsp;\u0026nbsp; Gabinete do Prefeito Municipal de Itabaiana\/SE, em 31 de Julho de 2013.\u003C\/span\u003E\u003C\/p\u003E\r\n\u003Cp class=\u0022MsoNormal\u0022\u003E\u003Cspan\u003E\u0026nbsp;\u003C\/span\u003E\u003C\/p\u003E\r\n\u003Cp class=\u0022MsoNormal\u0022\u003E\u003Cspan\u003E\u0026nbsp;\u003C\/span\u003E\u003C\/p\u003E\r\n\u003Cp class=\u0022MsoNormal\u0022\u003E\u003Cspan\u003E\u0026nbsp;\u0026nbsp;\u0026nbsp;\u0026nbsp;\u0026nbsp;\u0026nbsp;\u0026nbsp;\u0026nbsp;\u0026nbsp;\u0026nbsp;\u0026nbsp;\u0026nbsp;\u0026nbsp;\u0026nbsp;\u0026nbsp;\u0026nbsp;\u0026nbsp;\u0026nbsp;\u0026nbsp;\u0026nbsp;\u0026nbsp;\u0026nbsp;\u0026nbsp;\u0026nbsp;\u0026nbsp;\u0026nbsp;\u0026nbsp;\u0026nbsp;\u0026nbsp;\u0026nbsp;\u0026nbsp;\u0026nbsp;\u0026nbsp;\u0026nbsp; \u003C\/span\u003E\u003C\/p\u003E\r\n\u003Cp class=\u0022MsoNormal\u0022 align=\u0022center\u0022\u003E\u003Cstrong\u003E\u003Cspan\u003EVALMIR DOS SANTOS COSTA\u003C\/span\u003E\u003C\/strong\u003E\u003C\/p\u003E\r\n\u003Cp class=\u0022MsoNormal\u0022 align=\u0022center\u0022\u003E\u003Cspan\u003EPrefeito\u003C\/span\u003E\u003C\/p\u003E\r\n\u003Cp class=\u0022MsoNormal\u0022 align=\u0022center\u0022\u003E\u003Cspan\u003E\u0026nbsp;\u003C\/span\u003E\u003C\/p\u003E\r\n\u003Cp class=\u0022MsoNormal\u0022\u003E\u003Cspan\u003E\u0026nbsp;\u003C\/span\u003E\u003C\/p\u003E\r\n\u003Cp class=\u0022MsoNormal\u0022 align=\u0022center\u0022\u003E\u003Cstrong\u003E\u003Cspan\u003ELUCAS CARDINALI PACHECO\u003C\/span\u003E\u003C\/strong\u003E\u003C\/p\u003E\r\n\u003Cp\u003E\u0026nbsp;\u003C\/p\u003E\r\n\u003Cp class=\u0022MsoNormal\u0022 align=\u0022center\u0022\u003E\u003Cspan\u003EAdvogado Geral\u003C\/span\u003E\u003C\/p\u003E","criado":"2013-07-31 00:00:00","alterado":"2013-07-31 00:00:00"},{"id":1795,"titulo":"Institui o Programa Primeiro Emprego no Munic\u00edpio de Itabaiana e d\u00e1 outras Provid\u00eancias.","numero":"1625","categoria_id":1,"aprovada":"2013-07-31 00:00:00","slug":"institui-o-programa-primeiro-emprego-no-munic-pio-de-itabaiana-e-d-outras-provid-ncias","descricao":"\u003Cp class=\u0022MsoNormal\u0022\u003E\u003Cstrong\u003E\u003Cspan\u003EO PREFEITO DO MUNIC\u0026Iacute;PIO DE ITABAIANA, ESTADO DE SERGIPE, \u003C\/span\u003E\u003C\/strong\u003E\u003Cspan\u003Eno uso de suas atribui\u0026ccedil;\u0026otilde;es legais;\u003Cstrong\u003E\u003C\/strong\u003E\u003C\/span\u003E\u003C\/p\u003E\r\n\u003Cp class=\u0022MsoNormal\u0022\u003E\u003Cspan\u003E\u0026nbsp;\u003C\/span\u003E\u003C\/p\u003E\r\n\u003Cp class=\u0022MsoNormal\u0022\u003E\u003Cspan\u003E\u0026nbsp;\u0026nbsp;\u0026nbsp;\u0026nbsp;\u0026nbsp;\u0026nbsp;\u0026nbsp;\u0026nbsp;\u0026nbsp;\u0026nbsp;\u0026nbsp;\u0026nbsp;\u0026nbsp;\u0026nbsp;\u0026nbsp;\u0026nbsp;\u0026nbsp;\u0026nbsp;\u0026nbsp;\u0026nbsp;\u0026nbsp;\u0026nbsp;\u0026nbsp; Fa\u0026ccedil;o saber que a C\u0026acirc;mara Municipal aprovou e eu sanciono e promulgo a seguinte LEI:\u003C\/span\u003E\u003C\/p\u003E\r\n\u003Cp class=\u0022MsoNormal\u0022\u003E\u003Cspan\u003E\u0026nbsp;\u003C\/span\u003E\u003C\/p\u003E\r\n\u003Cp class=\u0022MsoNormal\u0022\u003E\u003Cspan\u003E\u0026nbsp;\u0026nbsp;\u0026nbsp;\u0026nbsp;\u0026nbsp;\u0026nbsp;\u0026nbsp;\u0026nbsp;\u0026nbsp;\u0026nbsp;\u0026nbsp;\u0026nbsp;\u0026nbsp;\u0026nbsp;\u0026nbsp;\u0026nbsp;\u0026nbsp;\u0026nbsp;\u0026nbsp;\u0026nbsp;\u0026nbsp;\u0026nbsp;\u0026nbsp; Art. 1\u0026ordm; - Fica institu\u0026iacute;do o programa Primeiro Emprego - PPE- no \u0026acirc;mbito do Munic\u0026iacute;pio de Itabaiana, destinado aos jovens de 16 a 21 anos residentes no munic\u0026iacute;pio de Itabaiana.\u003C\/span\u003E\u003C\/p\u003E\r\n\u003Cp class=\u0022MsoNormal\u0022\u003E\u003Cspan\u003E\u0026nbsp;\u003C\/span\u003E\u003C\/p\u003E\r\n\u003Cp class=\u0022MsoNormal\u0022\u003E\u003Cspan\u003E\u0026nbsp;\u0026nbsp;\u0026nbsp;\u0026nbsp;\u0026nbsp;\u0026nbsp;\u0026nbsp;\u0026nbsp;\u0026nbsp;\u0026nbsp;\u0026nbsp;\u0026nbsp;\u0026nbsp;\u0026nbsp;\u0026nbsp;\u0026nbsp;\u0026nbsp;\u0026nbsp;\u0026nbsp;\u0026nbsp;\u0026nbsp;\u0026nbsp;\u0026nbsp; Art. 2\u0026ordm; - O Programa \u0026eacute; destinado a incentivar a gera\u0026ccedil;\u0026atilde;o de empregos para a popula\u0026ccedil;\u0026atilde;o jovem do munic\u0026iacute;pio, tendo como principais objetivos:\u003C\/span\u003E\u003C\/p\u003E\r\n\u003Cp class=\u0022MsoNormal\u0022\u003E\u003Cspan\u003E\u0026nbsp;\u003C\/span\u003E\u003C\/p\u003E\r\n\u003Cp class=\u0022MsoListParagraphCxSpFirst\u0022\u003E\u003C!--[if !supportLists]--\u003E\u003Cspan\u003EI-\u003Cspan\u003E\u0026nbsp;\u0026nbsp;\u0026nbsp;\u0026nbsp;\u0026nbsp;\u0026nbsp;\u0026nbsp;\u0026nbsp;\u0026nbsp;\u0026nbsp;\u0026nbsp;\u0026nbsp;\u0026nbsp;\u0026nbsp;\u0026nbsp;\u0026nbsp;\u0026nbsp;\u0026nbsp;\u0026nbsp; \u003C\/span\u003E\u003C\/span\u003E\u003C!--[endif]--\u003E\u003Cspan\u003ESer um instrumento efetivo na diminui\u0026ccedil;\u0026atilde;o das taxas de desempregos na juventude;\u003C\/span\u003E\u003C\/p\u003E\r\n\u003Cp class=\u0022MsoListParagraphCxSpMiddle\u0022\u003E\u003C!--[if !supportLists]--\u003E\u003Cspan\u003EII-\u003Cspan\u003E\u0026nbsp;\u0026nbsp;\u0026nbsp;\u0026nbsp;\u0026nbsp;\u0026nbsp;\u0026nbsp;\u0026nbsp;\u0026nbsp;\u0026nbsp;\u0026nbsp;\u0026nbsp;\u0026nbsp;\u0026nbsp;\u0026nbsp;\u0026nbsp;\u0026nbsp; \u003C\/span\u003E\u003C\/span\u003E\u003C!--[endif]--\u003E\u003Cspan\u003EDesenvolver projetos de qualifica\u0026ccedil;\u0026atilde;o profissional para capacitar jovens para o mercado de trabalho, construindo pol\u0026iacute;ticas p\u0026uacute;blicas de gera\u0026ccedil;\u0026atilde;o de emprego e renda;\u003C\/span\u003E\u003C\/p\u003E\r\n\u003Cp class=\u0022MsoListParagraphCxSpMiddle\u0022\u003E\u003C!--[if !supportLists]--\u003E\u003Cspan\u003EIII-\u003Cspan\u003E\u0026nbsp;\u0026nbsp;\u0026nbsp;\u0026nbsp;\u0026nbsp;\u0026nbsp;\u0026nbsp;\u0026nbsp;\u0026nbsp;\u0026nbsp;\u0026nbsp;\u0026nbsp;\u0026nbsp;\u0026nbsp;\u0026nbsp; \u003C\/span\u003E\u003C\/span\u003E\u003C!--[endif]--\u003E\u003Cspan\u003EGerar condi\u0026ccedil;\u0026otilde;es de empregabilidade, desenvolver aptid\u0026otilde;es, preparar o jovem ao seu primeiro emprego;\u003C\/span\u003E\u003C\/p\u003E\r\n\u003Cp class=\u0022MsoListParagraphCxSpMiddle\u0022\u003E\u003C!--[if !supportLists]--\u003E\u003Cspan\u003EIV-\u003Cspan\u003E\u0026nbsp;\u0026nbsp;\u0026nbsp;\u0026nbsp;\u0026nbsp;\u0026nbsp;\u0026nbsp;\u0026nbsp;\u0026nbsp;\u0026nbsp;\u0026nbsp;\u0026nbsp;\u0026nbsp;\u0026nbsp; \u003C\/span\u003E\u003C\/span\u003E\u003C!--[endif]--\u003E\u003Cspan\u003EGarantir acesso e frequ\u0026ecirc;ncia obrigat\u0026oacute;ria ao aprendizado escolar e atividades com o seu desenvolvimento;\u003C\/span\u003E\u003C\/p\u003E\r\n\u003Cp class=\u0022MsoListParagraphCxSpMiddle\u0022\u003E\u003C!--[if !supportLists]--\u003E\u003Cspan\u003EV-\u003Cspan\u003E\u0026nbsp;\u0026nbsp;\u0026nbsp;\u0026nbsp;\u0026nbsp;\u0026nbsp;\u0026nbsp;\u0026nbsp;\u0026nbsp;\u0026nbsp;\u0026nbsp;\u0026nbsp;\u0026nbsp;\u0026nbsp;\u0026nbsp;\u0026nbsp; \u003C\/span\u003E\u003C\/span\u003E\u003C!--[endif]--\u003E\u003Cspan\u003EIncentivar as empresas estabelecidas no munic\u0026iacute;pio, a oferecer vagas para est\u0026aacute;gios e propiciarem contratos de primeiro emprego;\u003C\/span\u003E\u003C\/p\u003E\r\n\u003Cp class=\u0022MsoListParagraphCxSpMiddle\u0022\u003E\u003C!--[if !supportLists]--\u003E\u003Cspan\u003EVI-\u003Cspan\u003E\u0026nbsp;\u0026nbsp;\u0026nbsp;\u0026nbsp;\u0026nbsp;\u0026nbsp;\u0026nbsp;\u0026nbsp;\u0026nbsp;\u0026nbsp;\u0026nbsp;\u0026nbsp;\u0026nbsp;\u0026nbsp; \u003C\/span\u003E\u003C\/span\u003E\u003C!--[endif]--\u003E\u003Cspan\u003EPromover estudos sobre cidadania, direitos humanos, inform\u0026aacute;tica, direitos trabalhistas e c\u0026iacute;veis na juventude;\u003C\/span\u003E\u003C\/p\u003E\r\n\u003Cp class=\u0022MsoListParagraphCxSpLast\u0022\u003E\u003C!--[if !supportLists]--\u003E\u003Cspan\u003EVII-\u003Cspan\u003E\u0026nbsp;\u0026nbsp;\u0026nbsp;\u0026nbsp;\u0026nbsp;\u0026nbsp;\u0026nbsp;\u0026nbsp;\u0026nbsp;\u0026nbsp;\u0026nbsp;\u0026nbsp; \u003C\/span\u003E\u003C\/span\u003E\u003C!--[endif]--\u003E\u003Cspan\u003EProporcionar programas de supl\u0026ecirc;ncia para jovens sem rela\u0026ccedil;\u0026atilde;o de emprego formal e que n\u0026atilde;o conclu\u0026iacute;ram o ensino fundamental.\u003C\/span\u003E\u003C\/p\u003E\r\n\u003Cp class=\u0022MsoNormal\u0022\u003E\u003Cspan\u003E\u0026nbsp;\u003C\/span\u003E\u003C\/p\u003E\r\n\u003Cp class=\u0022MsoNormal\u0022\u003E\u003Cspan\u003EArt.3\u0026deg;- Para implementar o Programa, institu\u0026iacute;do por esta Lei, o Poder Executivo municipal constituir\u0026aacute;, por ato administrativo, comiss\u0026atilde;o especial de acompanhamento, composta por secretarias ou \u0026oacute;rg\u0026atilde;os afins, entidades filantr\u0026oacute;picas, ONG\u0026acute;S Conselho Municipal de Assist\u0026ecirc;ncia Social, Conselho Municipal dos Direitos da Crian\u0026ccedil;a e do Adolescente, SINE, OAB, agentes financeiros oficiais e particulares e a sociedade em um todo.\u003C\/span\u003E\u003C\/p\u003E\r\n\u003Cp class=\u0022MsoNormal\u0022\u003E\u003Cspan\u003E\u0026nbsp;\u003C\/span\u003E\u003C\/p\u003E\r\n\u003Cp class=\u0022MsoNormal\u0022\u003E\u003Cspan\u003EPar\u0026aacute;grafo \u0026Uacute;nico - As responsabilidades administrativas e or\u0026ccedil;ament\u0026aacute;rias com o Programa ficar\u0026atilde;o a cargo da Secretaria de A\u0026ccedil;\u0026atilde;o Social, da Prefeitura Municipal com os recurso oriundos do Programa Nacional do Governo Federal, atrav\u0026eacute;s do FAT- Fundo de Amparo ao Trabalhador, Apoio \u0026agrave; Inf\u0026acirc;ncia, Amparo \u0026agrave; Emerg\u0026ecirc;ncia e outros correlatos e fica autorizado o aporte de recursos de institui\u0026ccedil;\u0026otilde;es p\u0026uacute;blicas ou privadas interessadas em financiar o programa.\u003C\/span\u003E\u003C\/p\u003E\r\n\u003Cp class=\u0022MsoNormal\u0022\u003E\u003Cspan\u003E\u0026nbsp;\u003C\/span\u003E\u003C\/p\u003E\r\n\u003Cp class=\u0022MsoNormal\u0022\u003E\u003Cspan\u003EArt. 4\u0026deg;- O poder executivo regulamentar\u0026aacute; esta Lei no prazo de 30 (trinta) dias da publica\u0026ccedil;\u0026atilde;o.\u003C\/span\u003E\u003C\/p\u003E\r\n\u003Cp class=\u0022MsoNormal\u0022\u003E\u003Cspan\u003E\u0026nbsp;\u003C\/span\u003E\u003C\/p\u003E\r\n\u003Cp class=\u0022MsoNormal\u0022\u003E\u003Cspan\u003EArt. 5\u0026deg;- Revoga-se a disposi\u0026ccedil;\u0026atilde;o em contr\u0026aacute;rio, entrando a presente Lei em vigor na data de sua publica\u0026ccedil;\u0026atilde;o.\u003C\/span\u003E\u003C\/p\u003E\r\n\u003Cp class=\u0022MsoListParagraph\u0022\u003E\u003Cspan\u003E\u0026nbsp;\u003C\/span\u003E\u003C\/p\u003E\r\n\u003Cp class=\u0022MsoNormal\u0022\u003E\u003Cspan\u003E\u0026nbsp;\u0026nbsp;\u0026nbsp;\u0026nbsp;\u0026nbsp;\u0026nbsp;\u0026nbsp;\u0026nbsp;\u0026nbsp;\u0026nbsp;\u0026nbsp;\u0026nbsp;\u0026nbsp;\u0026nbsp;\u0026nbsp;\u0026nbsp;\u0026nbsp;\u0026nbsp;\u0026nbsp;\u0026nbsp;\u0026nbsp;\u0026nbsp;\u0026nbsp; Gabinete do Prefeito Municipal de Itabaiana\/SE, em 31 de Julho de 2013.\u003C\/span\u003E\u003C\/p\u003E\r\n\u003Cp class=\u0022MsoNormal\u0022\u003E\u003Cspan\u003E\u0026nbsp;\u003C\/span\u003E\u003C\/p\u003E\r\n\u003Cp class=\u0022MsoNormal\u0022\u003E\u003Cspan\u003E\u0026nbsp;\u003C\/span\u003E\u003C\/p\u003E\r\n\u003Cp class=\u0022MsoNormal\u0022\u003E\u003Cspan\u003E\u0026nbsp;\u0026nbsp;\u0026nbsp;\u0026nbsp;\u0026nbsp;\u0026nbsp;\u0026nbsp;\u0026nbsp;\u0026nbsp;\u0026nbsp;\u0026nbsp;\u0026nbsp;\u0026nbsp;\u0026nbsp;\u0026nbsp;\u0026nbsp;\u0026nbsp;\u0026nbsp;\u0026nbsp;\u0026nbsp;\u0026nbsp;\u0026nbsp;\u0026nbsp;\u0026nbsp;\u0026nbsp;\u0026nbsp;\u0026nbsp;\u0026nbsp;\u0026nbsp;\u0026nbsp;\u0026nbsp;\u0026nbsp;\u0026nbsp;\u0026nbsp; \u003C\/span\u003E\u003C\/p\u003E\r\n\u003Cp class=\u0022MsoNormal\u0022 align=\u0022center\u0022\u003E\u003Cstrong\u003E\u003Cspan\u003EVALMIR DOS SANTOS COSTA\u003C\/span\u003E\u003C\/strong\u003E\u003C\/p\u003E\r\n\u003Cp class=\u0022MsoNormal\u0022 align=\u0022center\u0022\u003E\u003Cspan\u003EPrefeito\u003C\/span\u003E\u003C\/p\u003E\r\n\u003Cp class=\u0022MsoNormal\u0022 align=\u0022center\u0022\u003E\u003Cspan\u003E\u0026nbsp;\u003C\/span\u003E\u003C\/p\u003E\r\n\u003Cp class=\u0022MsoNormal\u0022\u003E\u003Cspan\u003E\u0026nbsp;\u003C\/span\u003E\u003C\/p\u003E\r\n\u003Cp class=\u0022MsoNormal\u0022 align=\u0022center\u0022\u003E\u003Cstrong\u003E\u003Cspan\u003ELUCAS CARDINALI PACHECO\u003C\/span\u003E\u003C\/strong\u003E\u003C\/p\u003E\r\n\u003Cp\u003E\u0026nbsp;\u003C\/p\u003E\r\n\u003Cp class=\u0022MsoNormal\u0022 align=\u0022center\u0022\u003E\u003Cspan\u003EAdvogado Geral\u003C\/span\u003E\u003C\/p\u003E","criado":"2013-07-31 00:00:00","alterado":"2013-07-31 00:00:00"},{"id":1794,"titulo":"Cria no calend\u00e1rio de Eventos do Munic\u00edpio de Itabaiana a SEMANA MUNICIPAL DE PREVEN\u00c7\u00c3O A ACIDENTES COM MOTOCICLISTAS e d\u00e1 outras Provid\u00eancias.","numero":"1624","categoria_id":1,"aprovada":"2013-07-31 00:00:00","slug":"cria-no-calend-rio-de-eventos-do-munic-pio-de-itabaiana-a-semana-municipal-de-preven-o-a-acidentes-com-motociclistas-e-d-outras-provid-ncias","descricao":"\u003Cp class=\u0022MsoNormal\u0022\u003E\u003Cspan\u003E\u0026nbsp; \u0026nbsp; \u0026nbsp; \u0026nbsp; \u0026nbsp; \u0026nbsp;\u0026nbsp;\u003Cstrong\u003EO PREFEITO MUNICIPAL DE ITABAIANA, ESTADO DE SERGIPE, \u003C\/strong\u003Eno uso de suas atribui\u0026ccedil;\u0026otilde;es legais;\u003Cstrong\u003E\u003C\/strong\u003E\u003C\/span\u003E\u003C\/p\u003E\r\n\u003Cp class=\u0022MsoNormal\u0022\u003E\u003Cspan\u003E\u0026nbsp;\u003C\/span\u003E\u003C\/p\u003E\r\n\u003Cp class=\u0022MsoNormal\u0022\u003E\u003Cspan\u003E\u0026nbsp;\u0026nbsp;\u0026nbsp;\u0026nbsp;\u0026nbsp;\u0026nbsp;\u0026nbsp;\u0026nbsp;\u0026nbsp;\u0026nbsp;\u0026nbsp;\u0026nbsp;\u0026nbsp;\u0026nbsp;\u0026nbsp;\u0026nbsp;\u0026nbsp;\u0026nbsp;\u0026nbsp;\u0026nbsp;\u0026nbsp;\u0026nbsp;\u0026nbsp; Fa\u0026ccedil;o saber que a C\u0026acirc;mara Municipal aprovou e o Sr. Prefeito Municipal sanciona a seguinte LEI:\u003C\/span\u003E\u003C\/p\u003E\r\n\u003Cp class=\u0022MsoNormal\u0022\u003E\u003Cspan\u003E\u0026nbsp;\u003C\/span\u003E\u003C\/p\u003E\r\n\u003Cp class=\u0022MsoNormal\u0022\u003E\u003Cspan\u003E\u0026nbsp;\u0026nbsp;\u0026nbsp;\u0026nbsp;\u0026nbsp;\u0026nbsp;\u0026nbsp;\u0026nbsp;\u0026nbsp;\u0026nbsp;\u0026nbsp;\u0026nbsp;\u0026nbsp;\u0026nbsp;\u0026nbsp;\u0026nbsp;\u0026nbsp;\u0026nbsp;\u0026nbsp;\u0026nbsp;\u0026nbsp;\u0026nbsp;\u0026nbsp; Art. 1\u0026ordm; - Institui-se no calend\u0026aacute;rio oficial de eventos do Munic\u0026iacute;pio de Itabaiana a Semana Municipal de Preven\u0026ccedil;\u0026atilde;o a Acidentes com Motociclistas.\u003C\/span\u003E\u003C\/p\u003E\r\n\u003Cp class=\u0022MsoNormal\u0022\u003E\u003Cspan\u003E\u0026nbsp;\u003C\/span\u003E\u003C\/p\u003E\r\n\u003Cp class=\u0022MsoNormal\u0022\u003E\u003Cspan\u003E\u0026nbsp;\u0026nbsp;\u0026nbsp;\u0026nbsp;\u0026nbsp;\u0026nbsp;\u0026nbsp;\u0026nbsp;\u0026nbsp;\u0026nbsp;\u0026nbsp;\u0026nbsp;\u0026nbsp;\u0026nbsp;\u0026nbsp;\u0026nbsp;\u0026nbsp;\u0026nbsp;\u0026nbsp;\u0026nbsp;\u0026nbsp;\u0026nbsp;\u0026nbsp; Art. 2\u0026ordm; - As atividades que poder\u0026atilde;o ser realizadas nessa semana compreendem:\u003C\/span\u003E\u003C\/p\u003E\r\n\u003Cp class=\u0022MsoListParagraphCxSpFirst\u0022\u003E\u003C!--[if !supportLists]--\u003E\u003Cspan\u003EI-\u003Cspan\u003E\u0026nbsp;\u0026nbsp;\u0026nbsp;\u0026nbsp;\u0026nbsp;\u0026nbsp;\u0026nbsp;\u0026nbsp;\u0026nbsp;\u0026nbsp;\u0026nbsp;\u0026nbsp;\u0026nbsp;\u0026nbsp;\u0026nbsp;\u0026nbsp;\u0026nbsp;\u0026nbsp;\u0026nbsp; \u003C\/span\u003E\u003C\/span\u003E\u003C!--[endif]--\u003E\u003Cspan\u003EPalestra sobre dire\u0026ccedil;\u0026atilde;o defensiva, equipamento de uso obrigat\u0026oacute;rio, manuten\u0026ccedil;\u0026atilde;o preventiva e no\u0026ccedil;\u0026atilde;o b\u0026aacute;sica de primeiros socorros;\u003C\/span\u003E\u003C\/p\u003E\r\n\u003Cp class=\u0022MsoListParagraphCxSpMiddle\u0022\u003E\u003C!--[if !supportLists]--\u003E\u003Cspan\u003EII-\u003Cspan\u003E\u0026nbsp;\u0026nbsp;\u0026nbsp;\u0026nbsp;\u0026nbsp;\u0026nbsp;\u0026nbsp;\u0026nbsp;\u0026nbsp;\u0026nbsp;\u0026nbsp;\u0026nbsp;\u0026nbsp;\u0026nbsp;\u0026nbsp;\u0026nbsp;\u0026nbsp; \u003C\/span\u003E\u003C\/span\u003E\u003C!--[endif]--\u003E\u003Cspan\u003EExposi\u0026ccedil;\u0026atilde;o de equipamentos de seguran\u0026ccedil;a;\u003C\/span\u003E\u003C\/p\u003E\r\n\u003Cp class=\u0022MsoListParagraphCxSpMiddle\u0022\u003E\u003C!--[if !supportLists]--\u003E\u003Cspan\u003EIII-\u003Cspan\u003E\u0026nbsp;\u0026nbsp;\u0026nbsp;\u0026nbsp;\u0026nbsp;\u0026nbsp;\u0026nbsp;\u0026nbsp;\u0026nbsp;\u0026nbsp;\u0026nbsp;\u0026nbsp;\u0026nbsp;\u0026nbsp;\u0026nbsp; \u003C\/span\u003E\u003C\/span\u003E\u003C!--[endif]--\u003E\u003Cspan\u003ECampanha educativa para redu\u0026ccedil;\u0026atilde;o do n\u0026uacute;mero de acidentes;\u003C\/span\u003E\u003C\/p\u003E\r\n\u003Cp class=\u0022MsoListParagraphCxSpMiddle\u0022\u003E\u003C!--[if !supportLists]--\u003E\u003Cspan\u003EIV-\u003Cspan\u003E\u0026nbsp;\u0026nbsp;\u0026nbsp;\u0026nbsp;\u0026nbsp;\u0026nbsp;\u0026nbsp;\u0026nbsp;\u0026nbsp;\u0026nbsp;\u0026nbsp;\u0026nbsp;\u0026nbsp;\u0026nbsp; \u003C\/span\u003E\u003C\/span\u003E\u003C!--[endif]--\u003E\u003Cspan\u003ECampanha educativa voltada para pilotagem respons\u0026aacute;vel, incluindo demonstra\u0026ccedil;\u0026otilde;es pr\u0026aacute;ticas com cones sobre equil\u0026iacute;brios e posturas correta;\u003C\/span\u003E\u003C\/p\u003E\r\n\u003Cp class=\u0022MsoListParagraphCxSpMiddle\u0022\u003E\u003C!--[if !supportLists]--\u003E\u003Cspan\u003EV-\u003Cspan\u003E\u0026nbsp;\u0026nbsp;\u0026nbsp;\u0026nbsp;\u0026nbsp;\u0026nbsp;\u0026nbsp;\u0026nbsp;\u0026nbsp;\u0026nbsp;\u0026nbsp;\u0026nbsp;\u0026nbsp;\u0026nbsp;\u0026nbsp;\u0026nbsp; \u003C\/span\u003E\u003C\/span\u003E\u003C!--[endif]--\u003E\u003Cspan\u003EPalestra educativa contra o uso do \u0026aacute;lcool e demais subst\u0026acirc;ncias entorpecentes;\u003C\/span\u003E\u003C\/p\u003E\r\n\u003Cp class=\u0022MsoListParagraphCxSpMiddle\u0022\u003E\u003C!--[if !supportLists]--\u003E\u003Cspan\u003EVI-\u003Cspan\u003E\u0026nbsp;\u0026nbsp;\u0026nbsp;\u0026nbsp;\u0026nbsp;\u0026nbsp;\u0026nbsp;\u0026nbsp;\u0026nbsp;\u0026nbsp;\u0026nbsp;\u0026nbsp;\u0026nbsp;\u0026nbsp; \u003C\/span\u003E\u003C\/span\u003E\u003C!--[endif]--\u003E\u003Cspan\u003EPasseio de motociclistas em prol \u0026agrave; seguran\u0026ccedil;a;\u003C\/span\u003E\u003C\/p\u003E\r\n\u003Cp class=\u0022MsoListParagraphCxSpLast\u0022\u003E\u003C!--[if !supportLists]--\u003E\u003Cspan\u003EVII-\u003Cspan\u003E\u0026nbsp;\u0026nbsp;\u0026nbsp;\u0026nbsp;\u0026nbsp;\u0026nbsp;\u0026nbsp;\u0026nbsp;\u0026nbsp;\u0026nbsp;\u0026nbsp;\u0026nbsp; \u003C\/span\u003E\u003C\/span\u003E\u003C!--[endif]--\u003E\u003Cspan\u003EBlitz educativa para realiza\u0026ccedil;\u0026atilde;o de a\u0026ccedil;\u0026otilde;es relativas \u0026agrave; Semana Municipal de Preven\u0026ccedil;\u0026atilde;o, com distribui\u0026ccedil;\u0026atilde;o de folder ou semelhantes;\u003C\/span\u003E\u003C\/p\u003E\r\n\u003Cp class=\u0022MsoNormal\u0022\u003E\u003Cspan\u003E\u0026nbsp;\u003C\/span\u003E\u003C\/p\u003E\r\n\u003Cp class=\u0022MsoNormal\u0022\u003E\u003Cspan\u003E\u0026sect; 1\u0026deg;- os seguintes temas poder\u0026atilde;o ser abordados na atividade prevista no inciso I;\u003C\/span\u003E\u003C\/p\u003E\r\n\u003Cp class=\u0022MsoListParagraphCxSpFirst\u0022\u003E\u003C!--[if !supportLists]--\u003E\u003Cspan\u003EI-\u003Cspan\u003E\u0026nbsp;\u0026nbsp;\u0026nbsp;\u0026nbsp;\u0026nbsp;\u0026nbsp;\u0026nbsp;\u0026nbsp;\u0026nbsp;\u0026nbsp;\u0026nbsp;\u0026nbsp;\u0026nbsp;\u0026nbsp;\u0026nbsp;\u0026nbsp;\u0026nbsp;\u0026nbsp;\u0026nbsp; \u003C\/span\u003E\u003C\/span\u003E\u003C!--[endif]--\u003E\u003Cspan\u003EConceito de dire\u0026ccedil;\u0026atilde;o defensiva;\u003C\/span\u003E\u003C\/p\u003E\r\n\u003Cp class=\u0022MsoListParagraphCxSpMiddle\u0022\u003E\u003C!--[if !supportLists]--\u003E\u003Cspan\u003EII-\u003Cspan\u003E\u0026nbsp;\u0026nbsp;\u0026nbsp;\u0026nbsp;\u0026nbsp;\u0026nbsp;\u0026nbsp;\u0026nbsp;\u0026nbsp;\u0026nbsp;\u0026nbsp;\u0026nbsp;\u0026nbsp;\u0026nbsp;\u0026nbsp;\u0026nbsp;\u0026nbsp; \u003C\/span\u003E\u003C\/span\u003E\u003C!--[endif]--\u003E\u003Cspan\u003EPilotagem em condi\u0026ccedil;\u0026otilde;es adversas;\u003C\/span\u003E\u003C\/p\u003E\r\n\u003Cp class=\u0022MsoListParagraphCxSpMiddle\u0022\u003E\u003C!--[if !supportLists]--\u003E\u003Cspan\u003EIII-\u003Cspan\u003E\u0026nbsp;\u0026nbsp;\u0026nbsp;\u0026nbsp;\u0026nbsp;\u0026nbsp;\u0026nbsp;\u0026nbsp;\u0026nbsp;\u0026nbsp;\u0026nbsp;\u0026nbsp;\u0026nbsp;\u0026nbsp;\u0026nbsp; \u003C\/span\u003E\u003C\/span\u003E\u003C!--[endif]--\u003E\u003Cspan\u003EComo evitar acidentes;\u003C\/span\u003E\u003C\/p\u003E\r\n\u003Cp class=\u0022MsoListParagraphCxSpMiddle\u0022\u003E\u003C!--[if !supportLists]--\u003E\u003Cspan\u003EIV-\u003Cspan\u003E\u0026nbsp;\u0026nbsp;\u0026nbsp;\u0026nbsp;\u0026nbsp;\u0026nbsp;\u0026nbsp;\u0026nbsp;\u0026nbsp;\u0026nbsp;\u0026nbsp;\u0026nbsp;\u0026nbsp;\u0026nbsp; \u003C\/span\u003E\u003C\/span\u003E\u003C!--[endif]--\u003E\u003Cspan\u003ECuidados na dire\u0026ccedil;\u0026atilde;o e manuten\u0026ccedil;\u0026atilde;o de motociclistas;\u003C\/span\u003E\u003C\/p\u003E\r\n\u003Cp class=\u0022MsoListParagraphCxSpMiddle\u0022\u003E\u003C!--[if !supportLists]--\u003E\u003Cspan\u003EV-\u003Cspan\u003E\u0026nbsp;\u0026nbsp;\u0026nbsp;\u0026nbsp;\u0026nbsp;\u0026nbsp;\u0026nbsp;\u0026nbsp;\u0026nbsp;\u0026nbsp;\u0026nbsp;\u0026nbsp;\u0026nbsp;\u0026nbsp;\u0026nbsp;\u0026nbsp; \u003C\/span\u003E\u003C\/span\u003E\u003C!--[endif]--\u003E\u003Cspan\u003ENo\u0026ccedil;\u0026otilde;es b\u0026aacute;sicas de seguran\u0026ccedil;as com demais usu\u0026aacute;rios da via;\u003C\/span\u003E\u003C\/p\u003E\r\n\u003Cp class=\u0022MsoListParagraphCxSpMiddle\u0022\u003E\u003C!--[if !supportLists]--\u003E\u003Cspan\u003EVI-\u003Cspan\u003E\u0026nbsp;\u0026nbsp;\u0026nbsp;\u0026nbsp;\u0026nbsp;\u0026nbsp;\u0026nbsp;\u0026nbsp;\u0026nbsp;\u0026nbsp;\u0026nbsp;\u0026nbsp;\u0026nbsp;\u0026nbsp; \u003C\/span\u003E\u003C\/span\u003E\u003C!--[endif]--\u003E\u003Cspan\u003EEstado f\u0026iacute;sico e mental do condutor;\u003C\/span\u003E\u003C\/p\u003E\r\n\u003Cp class=\u0022MsoListParagraphCxSpMiddle\u0022\u003E\u003C!--[if !supportLists]--\u003E\u003Cspan\u003EVII-\u003Cspan\u003E\u0026nbsp;\u0026nbsp;\u0026nbsp;\u0026nbsp;\u0026nbsp;\u0026nbsp;\u0026nbsp;\u0026nbsp;\u0026nbsp;\u0026nbsp;\u0026nbsp;\u0026nbsp; \u003C\/span\u003E\u003C\/span\u003E\u003C!--[endif]--\u003E\u003Cspan\u003ENo\u0026ccedil;\u0026otilde;es b\u0026aacute;sicas de primeiros socorros, que poder\u0026aacute; contar com a presen\u0026ccedil;a de bombeiros socorrista, com os seguintes temas:\u003C\/span\u003E\u003C\/p\u003E\r\n\u003Cp class=\u0022MsoListParagraphCxSpMiddle\u0022\u003E\u003C!--[if !supportLists]--\u003E\u003Cspan\u003Ea)\u003Cspan\u003E\u0026nbsp;\u0026nbsp;\u0026nbsp;\u0026nbsp;\u0026nbsp; \u003C\/span\u003E\u003C\/span\u003E\u003C!--[endif]--\u003E\u003Cspan\u003E\u0026nbsp;Sinaliza\u0026ccedil;\u0026atilde;o do local dos acidentes;\u003C\/span\u003E\u003C\/p\u003E\r\n\u003Cp class=\u0022MsoListParagraphCxSpMiddle\u0022\u003E\u003C!--[if !supportLists]--\u003E\u003Cspan\u003Eb)\u003Cspan\u003E\u0026nbsp;\u0026nbsp;\u0026nbsp;\u0026nbsp;\u0026nbsp; \u003C\/span\u003E\u003C\/span\u003E\u003C!--[endif]--\u003E\u003Cspan\u003EAcionamento de recurso em caso de acidentes;\u003C\/span\u003E\u003C\/p\u003E\r\n\u003Cp class=\u0022MsoListParagraphCxSpMiddle\u0022\u003E\u003C!--[if !supportLists]--\u003E\u003Cspan\u003Ec)\u003Cspan\u003E\u0026nbsp;\u0026nbsp;\u0026nbsp;\u0026nbsp;\u0026nbsp; \u003C\/span\u003E\u003C\/span\u003E\u003C!--[endif]--\u003E\u003Cspan\u003EVerifica\u0026ccedil;\u0026atilde;o com a v\u0026iacute;tima;\u003C\/span\u003E\u003C\/p\u003E\r\n\u003Cp class=\u0022MsoListParagraphCxSpMiddle\u0022\u003E\u003C!--[if !supportLists]--\u003E\u003Cspan\u003Ed)\u003Cspan\u003E\u0026nbsp;\u0026nbsp;\u0026nbsp;\u0026nbsp;\u0026nbsp; \u003C\/span\u003E\u003C\/span\u003E\u003C!--[endif]--\u003E\u003Cspan\u003ECuidados com a V\u0026iacute;tima.\u003C\/span\u003E\u003C\/p\u003E\r\n\u003Cp class=\u0022MsoListParagraphCxSpMiddle\u0022\u003E\u003C!--[if !supportLists]--\u003E\u003Cspan\u003EVIII-\u003Cspan\u003E\u0026nbsp;\u0026nbsp;\u0026nbsp;\u0026nbsp;\u0026nbsp;\u0026nbsp;\u0026nbsp;\u0026nbsp;\u0026nbsp;\u0026nbsp; \u003C\/span\u003E\u003C\/span\u003E\u003C!--[endif]--\u003E\u003Cspan\u003ENormas gerais de circula\u0026ccedil;\u0026atilde;o e conduta no tr\u0026acirc;nsito Brasileiro;\u003C\/span\u003E\u003C\/p\u003E\r\n\u003Cp class=\u0022MsoListParagraphCxSpMiddle\u0022\u003E\u003C!--[if !supportLists]--\u003E\u003Cspan\u003EIX-\u003Cspan\u003E\u0026nbsp;\u0026nbsp;\u0026nbsp;\u0026nbsp;\u0026nbsp;\u0026nbsp;\u0026nbsp;\u0026nbsp;\u0026nbsp;\u0026nbsp;\u0026nbsp;\u0026nbsp;\u0026nbsp;\u0026nbsp;\u0026nbsp; \u003C\/span\u003E\u003C\/span\u003E\u003C!--[endif]--\u003E\u003Cspan\u003EInfra\u0026ccedil;\u0026atilde;o e penalidades previstas no C\u0026oacute;digo de Tr\u0026acirc;nsito Brasileiro;\u003C\/span\u003E\u003C\/p\u003E\r\n\u003Cp class=\u0022MsoListParagraphCxSpMiddle\u0022\u003E\u003C!--[if !supportLists]--\u003E\u003Cspan\u003EX-\u003Cspan\u003E\u0026nbsp;\u0026nbsp;\u0026nbsp;\u0026nbsp;\u0026nbsp;\u0026nbsp;\u0026nbsp;\u0026nbsp;\u0026nbsp;\u0026nbsp;\u0026nbsp;\u0026nbsp;\u0026nbsp;\u0026nbsp;\u0026nbsp;\u0026nbsp;\u0026nbsp; \u003C\/span\u003E\u003C\/span\u003E\u003C!--[endif]--\u003E\u003Cspan\u003ENo\u0026ccedil;\u0026otilde;es de respeito ao meio ambiente e de conv\u0026iacute;cio social no tr\u0026acirc;nsito, relacionamento interpessoal e diferen\u0026ccedil;as individuais;\u003C\/span\u003E\u003C\/p\u003E\r\n\u003Cp class=\u0022MsoListParagraphCxSpMiddle\u0022\u003E\u003C!--[if !supportLists]--\u003E\u003Cspan\u003EXI-\u003Cspan\u003E\u0026nbsp;\u0026nbsp;\u0026nbsp;\u0026nbsp;\u0026nbsp;\u0026nbsp;\u0026nbsp;\u0026nbsp;\u0026nbsp;\u0026nbsp;\u0026nbsp;\u0026nbsp;\u0026nbsp;\u0026nbsp;\u0026nbsp; \u003C\/span\u003E\u003C\/span\u003E\u003C!--[endif]--\u003E\u003Cspan\u003EOutras quest\u0026otilde;es relevantes e demais abordagens do C\u0026oacute;digo de tr\u0026acirc;nsito Brasileiro.\u003C\/span\u003E\u003C\/p\u003E\r\n\u003Cp class=\u0022MsoListParagraphCxSpLast\u0022\u003E\u003Cspan\u003E\u0026nbsp;\u003C\/span\u003E\u003C\/p\u003E\r\n\u003Cp class=\u0022MsoNormal\u0022\u003E\u003Cspan\u003E\u0026sect; 2\u0026deg;- A data da Semana Municipal de Preven\u0026ccedil;\u0026atilde;o e Acidentes com Motociclistas, ser\u0026aacute; de livre escolha do poder Executivo Municipal.\u003C\/span\u003E\u003C\/p\u003E\r\n\u003Cp class=\u0022MsoNormal\u0022\u003E\u003Cspan\u003E\u0026nbsp;\u003C\/span\u003E\u003C\/p\u003E\r\n\u003Cp class=\u0022MsoNormal\u0022\u003E\u003Cspan\u003E\u0026nbsp;\u0026nbsp;\u0026nbsp;\u0026nbsp;\u0026nbsp;\u0026nbsp;\u0026nbsp;\u0026nbsp;\u0026nbsp;\u0026nbsp;\u0026nbsp;\u0026nbsp;\u0026nbsp;\u0026nbsp;\u0026nbsp;\u0026nbsp;\u0026nbsp;\u0026nbsp;\u0026nbsp;\u0026nbsp;\u0026nbsp;\u0026nbsp;\u0026nbsp; Art. 3\u0026deg;- O poder Executivo Municipal dever\u0026aacute; regulamentar a presente Lei no prazo m\u0026aacute;ximo de 90 (noventa) dias a partir da sua publica\u0026ccedil;\u0026atilde;o.\u003C\/span\u003E\u003C\/p\u003E\r\n\u003Cp class=\u0022MsoNormal\u0022\u003E\u003Cspan\u003E\u0026nbsp;\u003C\/span\u003E\u003C\/p\u003E\r\n\u003Cp class=\u0022MsoNormal\u0022\u003E\u003Cspan\u003EArt. 4\u0026deg;- Esta Lei entrar\u0026aacute; em vigor na data de sua publica\u0026ccedil;\u0026atilde;o, revogadas as disposi\u0026ccedil;\u0026otilde;es em contr\u0026aacute;rio.\u003C\/span\u003E\u003C\/p\u003E\r\n\u003Cp class=\u0022MsoNormal\u0022\u003E\u003Cspan\u003E\u0026nbsp;\u0026nbsp;\u0026nbsp;\u0026nbsp;\u0026nbsp;\u0026nbsp;\u0026nbsp;\u0026nbsp;\u0026nbsp;\u0026nbsp;\u0026nbsp;\u0026nbsp;\u0026nbsp;\u0026nbsp;\u0026nbsp;\u0026nbsp;\u0026nbsp;\u0026nbsp;\u0026nbsp;\u0026nbsp;\u0026nbsp;\u0026nbsp;\u0026nbsp;\u0026nbsp; \u003C\/span\u003E\u003C\/p\u003E\r\n\u003Cp class=\u0022MsoNormal\u0022\u003E\u003Cspan\u003EGabinete do Prefeito Municipal de Itabaiana\/SE, em 31 de Julho de 2013.\u003C\/span\u003E\u003C\/p\u003E\r\n\u003Cp class=\u0022MsoNormal\u0022\u003E\u003Cspan\u003E\u0026nbsp;\u003C\/span\u003E\u003C\/p\u003E\r\n\u003Cp class=\u0022MsoNormal\u0022\u003E\u003Cspan\u003E\u0026nbsp;\u003C\/span\u003E\u003C\/p\u003E\r\n\u003Cp class=\u0022MsoNormal\u0022\u003E\u003Cspan\u003E\u0026nbsp;\u0026nbsp;\u0026nbsp;\u0026nbsp;\u0026nbsp;\u0026nbsp;\u0026nbsp;\u0026nbsp;\u0026nbsp;\u0026nbsp;\u0026nbsp;\u0026nbsp;\u0026nbsp;\u0026nbsp;\u0026nbsp;\u0026nbsp;\u0026nbsp;\u0026nbsp;\u0026nbsp;\u0026nbsp;\u0026nbsp;\u0026nbsp;\u0026nbsp;\u0026nbsp;\u0026nbsp;\u0026nbsp;\u0026nbsp;\u0026nbsp;\u0026nbsp;\u0026nbsp;\u0026nbsp;\u0026nbsp;\u0026nbsp;\u0026nbsp; \u003C\/span\u003E\u003C\/p\u003E\r\n\u003Cp class=\u0022MsoNormal\u0022 align=\u0022center\u0022\u003E\u003Cstrong\u003E\u003Cspan\u003EVALMIR DOS SANTOS COSTA\u003C\/span\u003E\u003C\/strong\u003E\u003C\/p\u003E\r\n\u003Cp class=\u0022MsoNormal\u0022 align=\u0022center\u0022\u003E\u003Cspan\u003EPrefeito\u003C\/span\u003E\u003C\/p\u003E\r\n\u003Cp class=\u0022MsoNormal\u0022 align=\u0022center\u0022\u003E\u003Cspan\u003E\u0026nbsp;\u003C\/span\u003E\u003C\/p\u003E\r\n\u003Cp class=\u0022MsoNormal\u0022\u003E\u003Cspan\u003E\u0026nbsp;\u003C\/span\u003E\u003C\/p\u003E\r\n\u003Cp class=\u0022MsoNormal\u0022 align=\u0022center\u0022\u003E\u003Cstrong\u003E\u003Cspan\u003ELUCAS CARDINALI PACHECO\u003C\/span\u003E\u003C\/strong\u003E\u003C\/p\u003E\r\n\u003Cp class=\u0022MsoNormal\u0022\u003E\u0026nbsp;\u003C\/p\u003E\r\n\u003Cp class=\u0022MsoNormal\u0022 align=\u0022center\u0022\u003E\u003Cspan\u003EAdvogado Geral\u003C\/span\u003E\u003C\/p\u003E","criado":"2013-07-31 00:00:00","alterado":"2013-07-31 00:00:00"},{"id":1793,"titulo":"Reconhece de Utilidade P\u00fablica Municipal a Associa\u00e7\u00e3o de Moradores do Bairro S\u00e3o Crist\u00f3v\u00e3o e d\u00e1 outras provid\u00eancias.","numero":"1623","categoria_id":1,"aprovada":"2013-07-04 00:00:00","slug":"reconhece-de-utilidade-p-blica-municipal-a-associa-o-de-moradores-do-bairro-s-o-crist-v-o-e-d-outras-provid-ncias","descricao":"\u003Cp class=\u0022MsoNormal\u0022\u003E\u003Cstrong\u003E\u003Cspan\u003EO PREFEITO MUNICIPAL DE ITABAIANA, ESTADO DE SERGIPE, \u003C\/span\u003E\u003C\/strong\u003E\u003Cspan\u003Eno uso de suas atribui\u0026ccedil;\u0026otilde;es legais;\u003Cstrong\u003E\u003C\/strong\u003E\u003C\/span\u003E\u003C\/p\u003E\r\n\u003Cp class=\u0022MsoNormal\u0022\u003E\u003Cspan\u003E\u0026nbsp;\u003C\/span\u003E\u003C\/p\u003E\r\n\u003Cp class=\u0022MsoNormal\u0022\u003E\u003Cspan\u003E\u0026nbsp;\u0026nbsp;\u0026nbsp;\u0026nbsp;\u0026nbsp;\u0026nbsp;\u0026nbsp;\u0026nbsp;\u0026nbsp;\u0026nbsp;\u0026nbsp;\u0026nbsp;\u0026nbsp;\u0026nbsp;\u0026nbsp;\u0026nbsp;\u0026nbsp;\u0026nbsp;\u0026nbsp;\u0026nbsp;\u0026nbsp;\u0026nbsp;\u0026nbsp; Fa\u0026ccedil;o saber que a C\u0026acirc;mara Municipal aprovou e eu sanciono e promulgo a seguinte LEI:\u003C\/span\u003E\u003C\/p\u003E\r\n\u003Cp class=\u0022MsoNormal\u0022\u003E\u003Cspan\u003E\u0026nbsp;\u003C\/span\u003E\u003C\/p\u003E\r\n\u003Cp class=\u0022MsoNormal\u0022\u003E\u003Cspan\u003E\u0026nbsp;\u0026nbsp;\u0026nbsp;\u0026nbsp;\u0026nbsp;\u0026nbsp;\u0026nbsp;\u0026nbsp;\u0026nbsp;\u0026nbsp;\u0026nbsp;\u0026nbsp;\u0026nbsp;\u0026nbsp;\u0026nbsp;\u0026nbsp;\u0026nbsp;\u0026nbsp;\u0026nbsp;\u0026nbsp;\u0026nbsp;\u0026nbsp;\u0026nbsp; Art. 1\u0026ordm; - Fica reconhecida de Utilidade P\u0026uacute;blica Municipal a Associa\u0026ccedil;\u0026atilde;o de Moradores do Bairro S\u0026atilde;o Crist\u0026oacute;v\u0026atilde;o, fundada em 10\/07\/1987.\u003C\/span\u003E\u003C\/p\u003E\r\n\u003Cp class=\u0022MsoNormal\u0022\u003E\u003Cspan\u003E\u0026nbsp;\u003C\/span\u003E\u003C\/p\u003E\r\n\u003Cp class=\u0022MsoNormal\u0022\u003E\u003Cspan\u003E\u0026nbsp;\u0026nbsp;\u0026nbsp;\u0026nbsp;\u0026nbsp;\u0026nbsp;\u0026nbsp;\u0026nbsp;\u0026nbsp;\u0026nbsp;\u0026nbsp;\u0026nbsp;\u0026nbsp;\u0026nbsp;\u0026nbsp;\u0026nbsp;\u0026nbsp;\u0026nbsp;\u0026nbsp;\u0026nbsp;\u0026nbsp;\u0026nbsp;\u0026nbsp; Art. 2\u0026ordm; - Esta Lei entrar\u0026aacute; em vigor na data de sua publica\u0026ccedil;\u0026atilde;o. \u0026nbsp;\u0026nbsp;\u003C\/span\u003E\u003C\/p\u003E\r\n\u003Cp class=\u0022MsoNormal\u0022\u003E\u003Cspan\u003E\u0026nbsp;\u003C\/span\u003E\u003C\/p\u003E\r\n\u003Cp class=\u0022MsoNormal\u0022\u003E\u003Cspan\u003EArt. 3\u0026deg;- Ficam revogadas as disposi\u0026ccedil;\u0026otilde;es em contr\u0026aacute;rio.\u003C\/span\u003E\u003C\/p\u003E\r\n\u003Cp class=\u0022MsoNormal\u0022\u003E\u003Cspan\u003E\u0026nbsp;\u003C\/span\u003E\u003C\/p\u003E\r\n\u003Cp class=\u0022MsoNormal\u0022\u003E\u003Cspan\u003E\u0026nbsp;\u003C\/span\u003E\u003C\/p\u003E\r\n\u003Cp class=\u0022MsoNormal\u0022\u003E\u003Cspan\u003E\u0026nbsp;\u003C\/span\u003E\u003C\/p\u003E\r\n\u003Cp class=\u0022MsoNormal\u0022\u003E\u003Cspan\u003EGabinete do Prefeito Municipal de Itabaiana\/SE, em 04 de Julho de 2013.\u003C\/span\u003E\u003C\/p\u003E\r\n\u003Cp class=\u0022MsoNormal\u0022\u003E\u003Cspan\u003E\u0026nbsp;\u003C\/span\u003E\u003C\/p\u003E\r\n\u003Cp class=\u0022MsoNormal\u0022\u003E\u003Cspan\u003E\u0026nbsp;\u003C\/span\u003E\u003C\/p\u003E\r\n\u003Cp class=\u0022MsoNormal\u0022\u003E\u003Cspan\u003E\u0026nbsp;\u0026nbsp;\u0026nbsp;\u0026nbsp;\u0026nbsp;\u0026nbsp;\u0026nbsp;\u0026nbsp;\u0026nbsp;\u0026nbsp;\u0026nbsp;\u0026nbsp;\u0026nbsp;\u0026nbsp;\u0026nbsp;\u0026nbsp;\u0026nbsp;\u0026nbsp;\u0026nbsp;\u0026nbsp;\u0026nbsp;\u0026nbsp;\u0026nbsp;\u0026nbsp;\u0026nbsp;\u0026nbsp;\u0026nbsp;\u0026nbsp;\u0026nbsp;\u0026nbsp;\u0026nbsp;\u0026nbsp;\u0026nbsp;\u0026nbsp; \u003C\/span\u003E\u003C\/p\u003E\r\n\u003Cp class=\u0022MsoNormal\u0022 align=\u0022center\u0022\u003E\u003Cstrong\u003E\u003Cspan\u003EVALMIR DOS SANTOS COSTA\u003C\/span\u003E\u003C\/strong\u003E\u003C\/p\u003E\r\n\u003Cp class=\u0022MsoNormal\u0022 align=\u0022center\u0022\u003E\u003Cspan\u003EPrefeito\u003C\/span\u003E\u003C\/p\u003E\r\n\u003Cp class=\u0022MsoNormal\u0022 align=\u0022center\u0022\u003E\u003Cspan\u003E\u0026nbsp;\u003C\/span\u003E\u003C\/p\u003E\r\n\u003Cp class=\u0022MsoNormal\u0022\u003E\u003Cspan\u003E\u0026nbsp;\u003C\/span\u003E\u003C\/p\u003E\r\n\u003Cp class=\u0022MsoNormal\u0022 align=\u0022center\u0022\u003E\u003Cstrong\u003E\u003Cspan\u003ELUCAS CARDINALI PACHECO\u003C\/span\u003E\u003C\/strong\u003E\u003C\/p\u003E\r\n\u003Cp\u003E\u0026nbsp;\u003C\/p\u003E\r\n\u003Cp class=\u0022MsoNormal\u0022 align=\u0022center\u0022\u003E\u003Cspan\u003EAdvogado Geral\u003C\/span\u003E\u003C\/p\u003E","criado":"2013-07-04 00:00:00","alterado":"2013-07-04 00:00:00"},{"id":1792,"titulo":"Disp\u00f5e sobre altera\u00e7\u00e3o de nome de rua de nosso Munic\u00edpio e d\u00e1 provid\u00eancias necess\u00e1rias.","numero":"1622","categoria_id":1,"aprovada":"2013-07-04 00:00:00","slug":"disp-e-sobre-altera-o-de-nome-de-rua-de-nosso-munic-pio-e-d-provid-ncias-necess-rias","descricao":"\u003Cp class=\u0022MsoNormal\u0022\u003E\u003Cstrong\u003E\u003Cspan\u003EO PREFEITO MUNICIPAL DE ITABAIANA, ESTADO DE SERGIPE, \u003C\/span\u003E\u003C\/strong\u003E\u003Cspan\u003Eno uso de suas atribui\u0026ccedil;\u0026otilde;es legais;\u003Cstrong\u003E\u003C\/strong\u003E\u003C\/span\u003E\u003C\/p\u003E\r\n\u003Cp class=\u0022MsoNormal\u0022\u003E\u003Cspan\u003E\u0026nbsp;\u003C\/span\u003E\u003C\/p\u003E\r\n\u003Cp class=\u0022MsoNormal\u0022\u003E\u003Cspan\u003E\u0026nbsp;\u0026nbsp;\u0026nbsp;\u0026nbsp;\u0026nbsp;\u0026nbsp;\u0026nbsp;\u0026nbsp;\u0026nbsp;\u0026nbsp;\u0026nbsp;\u0026nbsp;\u0026nbsp;\u0026nbsp;\u0026nbsp;\u0026nbsp;\u0026nbsp;\u0026nbsp;\u0026nbsp;\u0026nbsp;\u0026nbsp;\u0026nbsp;\u0026nbsp; Fa\u0026ccedil;o saber que a C\u0026acirc;mara Municipal aprovou e eu sanciono e promulgo a seguinte LEI:\u003C\/span\u003E\u003C\/p\u003E\r\n\u003Cp class=\u0022MsoNormal\u0022\u003E\u003Cspan\u003E\u0026nbsp;\u003C\/span\u003E\u003C\/p\u003E\r\n\u003Cp class=\u0022MsoNormal\u0022\u003E\u003Cspan\u003E\u0026nbsp;\u0026nbsp;\u0026nbsp;\u0026nbsp;\u0026nbsp;\u0026nbsp;\u0026nbsp;\u0026nbsp;\u0026nbsp;\u0026nbsp;\u0026nbsp;\u0026nbsp;\u0026nbsp;\u0026nbsp;\u0026nbsp;\u0026nbsp;\u0026nbsp;\u0026nbsp;\u0026nbsp;\u0026nbsp;\u0026nbsp;\u0026nbsp;\u0026nbsp; Art. 1\u0026ordm; - A Rua Projetada localizada no Loteamento Luiz Gonzaga no Bairro Jos\u0026eacute; Milton Machado, iniciando na Avenida Branca e finalizado nas proximidades do terreno do Sr. Ismael entre as quadras B e C, passar\u0026aacute; a dominar-se \u003Cstrong\u003ERua Respeita Janu\u0026aacute;rio\u003C\/strong\u003E.\u003C\/span\u003E\u003C\/p\u003E\r\n\u003Cp class=\u0022MsoNormal\u0022\u003E\u003Cspan\u003E\u0026nbsp;\u003C\/span\u003E\u003C\/p\u003E\r\n\u003Cp class=\u0022MsoNormal\u0022\u003E\u003Cspan\u003E\u0026nbsp;\u0026nbsp;\u0026nbsp;\u0026nbsp;\u0026nbsp;\u0026nbsp;\u0026nbsp;\u0026nbsp;\u0026nbsp;\u0026nbsp;\u0026nbsp;\u0026nbsp;\u0026nbsp;\u0026nbsp;\u0026nbsp;\u0026nbsp;\u0026nbsp;\u0026nbsp;\u0026nbsp;\u0026nbsp;\u0026nbsp;\u0026nbsp;\u0026nbsp; Art. 2\u0026ordm; - Esta Lei entrar\u0026aacute; em vigor na data de sua publica\u0026ccedil;\u0026atilde;o.\u003C\/span\u003E\u003C\/p\u003E\r\n\u003Cp class=\u0022MsoNormal\u0022\u003E\u003Cspan\u003E\u0026nbsp;\u003C\/span\u003E\u003C\/p\u003E\r\n\u003Cp class=\u0022MsoNormal\u0022\u003E\u003Cspan\u003E\u0026nbsp;\u0026nbsp;\u0026nbsp;\u0026nbsp;\u0026nbsp;\u0026nbsp;\u0026nbsp;\u0026nbsp;\u0026nbsp;\u0026nbsp;\u0026nbsp;\u0026nbsp;\u0026nbsp;\u0026nbsp;\u0026nbsp;\u0026nbsp;\u0026nbsp;\u0026nbsp;\u0026nbsp;\u0026nbsp;\u0026nbsp;\u0026nbsp;\u0026nbsp; Art. 3\u0026ordm; - Ficam revogadas as disposi\u0026ccedil;\u0026otilde;es em contr\u0026aacute;rio.\u003C\/span\u003E\u003C\/p\u003E\r\n\u003Cp class=\u0022MsoNormal\u0022\u003E\u003Cspan\u003E\u0026nbsp;\u003C\/span\u003E\u003C\/p\u003E\r\n\u003Cp class=\u0022MsoNormal\u0022\u003E\u003Cspan\u003E\u0026nbsp;\u0026nbsp;\u0026nbsp;\u0026nbsp;\u0026nbsp;\u0026nbsp;\u0026nbsp;\u0026nbsp;\u0026nbsp;\u0026nbsp;\u0026nbsp;\u0026nbsp;\u0026nbsp;\u0026nbsp;\u0026nbsp;\u0026nbsp;\u0026nbsp;\u0026nbsp;\u0026nbsp;\u0026nbsp;\u0026nbsp;\u0026nbsp;\u0026nbsp; Gabinete do Prefeito Municipal de Itabaiana\/SE, em 04 de Julho de 2013.\u003C\/span\u003E\u003C\/p\u003E\r\n\u003Cp class=\u0022MsoNormal\u0022\u003E\u003Cspan\u003E\u0026nbsp;\u003C\/span\u003E\u003C\/p\u003E\r\n\u003Cp class=\u0022MsoNormal\u0022\u003E\u003Cspan\u003E\u0026nbsp;\u003C\/span\u003E\u003C\/p\u003E\r\n\u003Cp class=\u0022MsoNormal\u0022\u003E\u003Cspan\u003E\u0026nbsp;\u0026nbsp;\u0026nbsp;\u0026nbsp;\u0026nbsp;\u0026nbsp;\u0026nbsp;\u0026nbsp;\u0026nbsp;\u0026nbsp;\u0026nbsp;\u0026nbsp;\u0026nbsp;\u0026nbsp;\u0026nbsp;\u0026nbsp;\u0026nbsp;\u0026nbsp;\u0026nbsp;\u0026nbsp;\u0026nbsp;\u0026nbsp;\u0026nbsp;\u0026nbsp;\u0026nbsp;\u0026nbsp;\u0026nbsp;\u0026nbsp;\u0026nbsp;\u0026nbsp;\u0026nbsp;\u0026nbsp;\u0026nbsp;\u0026nbsp; \u003C\/span\u003E\u003C\/p\u003E\r\n\u003Cp class=\u0022MsoNormal\u0022 align=\u0022center\u0022\u003E\u003Cstrong\u003E\u003Cspan\u003EVALMIR DOS SANTOS COSTA\u003C\/span\u003E\u003C\/strong\u003E\u003C\/p\u003E\r\n\u003Cp class=\u0022MsoNormal\u0022 align=\u0022center\u0022\u003E\u003Cspan\u003EPrefeito\u003C\/span\u003E\u003C\/p\u003E\r\n\u003Cp class=\u0022MsoNormal\u0022 align=\u0022center\u0022\u003E\u003Cspan\u003E\u0026nbsp;\u003C\/span\u003E\u003C\/p\u003E\r\n\u003Cp class=\u0022MsoNormal\u0022\u003E\u003Cspan\u003E\u0026nbsp;\u003C\/span\u003E\u003C\/p\u003E\r\n\u003Cp class=\u0022MsoNormal\u0022 align=\u0022center\u0022\u003E\u003Cstrong\u003E\u003Cspan\u003ELUCAS CARDINALI PACHECO\u003C\/span\u003E\u003C\/strong\u003E\u003C\/p\u003E\r\n\u003Cp\u003E\u0026nbsp;\u003C\/p\u003E\r\n\u003Cp class=\u0022MsoNormal\u0022 align=\u0022center\u0022\u003E\u003Cspan\u003EAdvogado Geral\u003C\/span\u003E\u003C\/p\u003E","criado":"2013-07-04 00:00:00","alterado":"2013-07-04 00:00:00"},{"id":1791,"titulo":"Disp\u00f5e sobre altera\u00e7\u00e3o de nome de rua de nosso Munic\u00edpio e d\u00e1 provid\u00eancias necess\u00e1rias.","numero":"1621","categoria_id":1,"aprovada":"2013-07-04 00:00:00","slug":"disp-e-sobre-altera-o-de-nome-de-rua-de-nosso-munic-pio-e-d-provid-ncias-necess-rias","descricao":"\u003Cp class=\u0022MsoNormal\u0022\u003E\u003Cstrong\u003E\u003Cspan\u003EO PREFEITO MUNICIPAL DE ITABAIANA, ESTADO DE SERGIPE, \u003C\/span\u003E\u003C\/strong\u003E\u003Cspan\u003Eno uso de suas atribui\u0026ccedil;\u0026otilde;es legais;\u003Cstrong\u003E\u003C\/strong\u003E\u003C\/span\u003E\u003C\/p\u003E\r\n\u003Cp class=\u0022MsoNormal\u0022\u003E\u003Cspan\u003E\u0026nbsp;\u003C\/span\u003E\u003C\/p\u003E\r\n\u003Cp class=\u0022MsoNormal\u0022\u003E\u003Cspan\u003E\u0026nbsp;\u0026nbsp;\u0026nbsp;\u0026nbsp;\u0026nbsp;\u0026nbsp;\u0026nbsp;\u0026nbsp;\u0026nbsp;\u0026nbsp;\u0026nbsp;\u0026nbsp;\u0026nbsp;\u0026nbsp;\u0026nbsp;\u0026nbsp;\u0026nbsp;\u0026nbsp;\u0026nbsp;\u0026nbsp;\u0026nbsp;\u0026nbsp;\u0026nbsp; Fa\u0026ccedil;o saber que a C\u0026acirc;mara Municipal aprovou e eu sanciono e promulgo a seguinte LEI:\u003C\/span\u003E\u003C\/p\u003E\r\n\u003Cp class=\u0022MsoNormal\u0022\u003E\u003Cspan\u003E\u0026nbsp;\u003C\/span\u003E\u003C\/p\u003E\r\n\u003Cp class=\u0022MsoNormal\u0022\u003E\u003Cspan\u003E\u0026nbsp;\u0026nbsp;\u0026nbsp;\u0026nbsp;\u0026nbsp;\u0026nbsp;\u0026nbsp;\u0026nbsp;\u0026nbsp;\u0026nbsp;\u0026nbsp;\u0026nbsp;\u0026nbsp;\u0026nbsp;\u0026nbsp;\u0026nbsp;\u0026nbsp;\u0026nbsp;\u0026nbsp;\u0026nbsp;\u0026nbsp;\u0026nbsp;\u0026nbsp; Art. 1\u0026ordm; - A Rua Projetada localizada no Loteamento Luiz Gonzaga no Bairro Jos\u0026eacute; Milton Machado, iniciando na Avenida Branca e finalizado na Rua Nordeste Garoa entre as quadras C e D, passar\u0026aacute; a dominar-se \u003Cstrong\u003ERua No Meu P\u0026eacute; de Serra\u003C\/strong\u003E.\u003C\/span\u003E\u003C\/p\u003E\r\n\u003Cp class=\u0022MsoNormal\u0022\u003E\u003Cspan\u003E\u0026nbsp;\u003C\/span\u003E\u003C\/p\u003E\r\n\u003Cp class=\u0022MsoNormal\u0022\u003E\u003Cspan\u003E\u0026nbsp;\u0026nbsp;\u0026nbsp;\u0026nbsp;\u0026nbsp;\u0026nbsp;\u0026nbsp;\u0026nbsp;\u0026nbsp;\u0026nbsp;\u0026nbsp;\u0026nbsp;\u0026nbsp;\u0026nbsp;\u0026nbsp;\u0026nbsp;\u0026nbsp;\u0026nbsp;\u0026nbsp;\u0026nbsp;\u0026nbsp;\u0026nbsp;\u0026nbsp; Art. 2\u0026ordm; - Esta Lei entrar\u0026aacute; em vigor na data de sua publica\u0026ccedil;\u0026atilde;o.\u003C\/span\u003E\u003C\/p\u003E\r\n\u003Cp class=\u0022MsoNormal\u0022\u003E\u003Cspan\u003E\u0026nbsp;\u003C\/span\u003E\u003C\/p\u003E\r\n\u003Cp class=\u0022MsoNormal\u0022\u003E\u003Cspan\u003E\u0026nbsp;\u0026nbsp;\u0026nbsp;\u0026nbsp;\u0026nbsp;\u0026nbsp;\u0026nbsp;\u0026nbsp;\u0026nbsp;\u0026nbsp;\u0026nbsp;\u0026nbsp;\u0026nbsp;\u0026nbsp;\u0026nbsp;\u0026nbsp;\u0026nbsp;\u0026nbsp;\u0026nbsp;\u0026nbsp;\u0026nbsp;\u0026nbsp;\u0026nbsp; Art. 3\u0026ordm; - Ficam revogadas as disposi\u0026ccedil;\u0026otilde;es em contr\u0026aacute;rio.\u003C\/span\u003E\u003C\/p\u003E\r\n\u003Cp class=\u0022MsoNormal\u0022\u003E\u003Cspan\u003E\u0026nbsp;\u003C\/span\u003E\u003C\/p\u003E\r\n\u003Cp class=\u0022MsoNormal\u0022\u003E\u003Cspan\u003E\u0026nbsp;\u0026nbsp;\u0026nbsp;\u0026nbsp;\u0026nbsp;\u0026nbsp;\u0026nbsp;\u0026nbsp;\u0026nbsp;\u0026nbsp;\u0026nbsp;\u0026nbsp;\u0026nbsp;\u0026nbsp;\u0026nbsp;\u0026nbsp;\u0026nbsp;\u0026nbsp;\u0026nbsp;\u0026nbsp;\u0026nbsp;\u0026nbsp;\u0026nbsp; Gabinete do Prefeito Municipal de Itabaiana\/SE, em 04 de Julho de 2013.\u003C\/span\u003E\u003C\/p\u003E\r\n\u003Cp class=\u0022MsoNormal\u0022\u003E\u003Cspan\u003E\u0026nbsp;\u003C\/span\u003E\u003C\/p\u003E\r\n\u003Cp class=\u0022MsoNormal\u0022\u003E\u003Cspan\u003E\u0026nbsp;\u003C\/span\u003E\u003C\/p\u003E\r\n\u003Cp class=\u0022MsoNormal\u0022\u003E\u003Cspan\u003E\u0026nbsp;\u0026nbsp;\u0026nbsp;\u0026nbsp;\u0026nbsp;\u0026nbsp;\u0026nbsp;\u0026nbsp;\u0026nbsp;\u0026nbsp;\u0026nbsp;\u0026nbsp;\u0026nbsp;\u0026nbsp;\u0026nbsp;\u0026nbsp;\u0026nbsp;\u0026nbsp;\u0026nbsp;\u0026nbsp;\u0026nbsp;\u0026nbsp;\u0026nbsp;\u0026nbsp;\u0026nbsp;\u0026nbsp;\u0026nbsp;\u0026nbsp;\u0026nbsp;\u0026nbsp;\u0026nbsp;\u0026nbsp;\u0026nbsp;\u0026nbsp; \u003C\/span\u003E\u003C\/p\u003E\r\n\u003Cp class=\u0022MsoNormal\u0022 align=\u0022center\u0022\u003E\u003Cstrong\u003E\u003Cspan\u003EVALMIR DOS SANTOS COSTA\u003C\/span\u003E\u003C\/strong\u003E\u003C\/p\u003E\r\n\u003Cp class=\u0022MsoNormal\u0022 align=\u0022center\u0022\u003E\u003Cspan\u003EPrefeito\u003C\/span\u003E\u003C\/p\u003E\r\n\u003Cp class=\u0022MsoNormal\u0022 align=\u0022center\u0022\u003E\u003Cspan\u003E\u0026nbsp;\u003C\/span\u003E\u003C\/p\u003E\r\n\u003Cp class=\u0022MsoNormal\u0022\u003E\u003Cspan\u003E\u0026nbsp;\u003C\/span\u003E\u003C\/p\u003E\r\n\u003Cp class=\u0022MsoNormal\u0022 align=\u0022center\u0022\u003E\u003Cstrong\u003E\u003Cspan\u003ELUCAS CARDINALI PACHECO\u003C\/span\u003E\u003C\/strong\u003E\u003C\/p\u003E\r\n\u003Cp\u003E\u0026nbsp;\u003C\/p\u003E\r\n\u003Cp class=\u0022MsoNormal\u0022 align=\u0022center\u0022\u003E\u003Cspan\u003EAdvogado Geral\u003C\/span\u003E\u003C\/p\u003E","criado":"2013-07-04 00:00:00","alterado":"2013-07-04 00:00:00"},{"id":1790,"titulo":"Disp\u00f5e sobre altera\u00e7\u00e3o de nome de rua de nosso Munic\u00edpio e d\u00e1 provid\u00eancias necess\u00e1rias.","numero":"1620","categoria_id":1,"aprovada":"2013-07-04 00:00:00","slug":"disp-e-sobre-altera-o-de-nome-de-rua-de-nosso-munic-pio-e-d-provid-ncias-necess-rias","descricao":"\u003Cp class=\u0022MsoNormal\u0022\u003E\u003Cstrong\u003E\u003Cspan\u003EO PREFEITO MUNICIPAL DE ITABAIANA, ESTADO DE SERGIPE, \u003C\/span\u003E\u003C\/strong\u003E\u003Cspan\u003Eno uso de suas atribui\u0026ccedil;\u0026otilde;es legais;\u003Cstrong\u003E\u003C\/strong\u003E\u003C\/span\u003E\u003C\/p\u003E\r\n\u003Cp class=\u0022MsoNormal\u0022\u003E\u003Cspan\u003E\u0026nbsp;\u003C\/span\u003E\u003C\/p\u003E\r\n\u003Cp class=\u0022MsoNormal\u0022\u003E\u003Cspan\u003E\u0026nbsp;\u0026nbsp;\u0026nbsp;\u0026nbsp;\u0026nbsp;\u0026nbsp;\u0026nbsp;\u0026nbsp;\u0026nbsp;\u0026nbsp;\u0026nbsp;\u0026nbsp;\u0026nbsp;\u0026nbsp;\u0026nbsp;\u0026nbsp;\u0026nbsp;\u0026nbsp;\u0026nbsp;\u0026nbsp;\u0026nbsp;\u0026nbsp;\u0026nbsp; Fa\u0026ccedil;o saber que a C\u0026acirc;mara Municipal aprovou e eu sanciono e promulgo a seguinte LEI:\u003C\/span\u003E\u003C\/p\u003E\r\n\u003Cp class=\u0022MsoNormal\u0022\u003E\u003Cspan\u003E\u0026nbsp;\u003C\/span\u003E\u003C\/p\u003E\r\n\u003Cp class=\u0022MsoNormal\u0022\u003E\u003Cspan\u003E\u0026nbsp;\u0026nbsp;\u0026nbsp;\u0026nbsp;\u0026nbsp;\u0026nbsp;\u0026nbsp;\u0026nbsp;\u0026nbsp;\u0026nbsp;\u0026nbsp;\u0026nbsp;\u0026nbsp;\u0026nbsp;\u0026nbsp;\u0026nbsp;\u0026nbsp;\u0026nbsp;\u0026nbsp;\u0026nbsp;\u0026nbsp;\u0026nbsp;\u0026nbsp; Art. 1\u0026ordm; - A Rua Projetada localizada no Loteamento Luiz Gonzaga no Bairro Jos\u0026eacute; Milton Machado, iniciando na Rua Toca Do Pai e finalizado nas proximidades da Rua A Volta da Asa Branca entre as quadras G, I e H, passar\u0026aacute; a dominar-se \u003Cstrong\u003ERua Assum Preto\u003C\/strong\u003E.\u003C\/span\u003E\u003C\/p\u003E\r\n\u003Cp class=\u0022MsoNormal\u0022\u003E\u003Cspan\u003E\u0026nbsp;\u003C\/span\u003E\u003C\/p\u003E\r\n\u003Cp class=\u0022MsoNormal\u0022\u003E\u003Cspan\u003E\u0026nbsp;\u0026nbsp;\u0026nbsp;\u0026nbsp;\u0026nbsp;\u0026nbsp;\u0026nbsp;\u0026nbsp;\u0026nbsp;\u0026nbsp;\u0026nbsp;\u0026nbsp;\u0026nbsp;\u0026nbsp;\u0026nbsp;\u0026nbsp;\u0026nbsp;\u0026nbsp;\u0026nbsp;\u0026nbsp;\u0026nbsp;\u0026nbsp;\u0026nbsp; Art. 2\u0026ordm; - Esta Lei entrar\u0026aacute; em vigor na data de sua publica\u0026ccedil;\u0026atilde;o.\u003C\/span\u003E\u003C\/p\u003E\r\n\u003Cp class=\u0022MsoNormal\u0022\u003E\u003Cspan\u003E\u0026nbsp;\u003C\/span\u003E\u003C\/p\u003E\r\n\u003Cp class=\u0022MsoNormal\u0022\u003E\u003Cspan\u003E\u0026nbsp;\u0026nbsp;\u0026nbsp;\u0026nbsp;\u0026nbsp;\u0026nbsp;\u0026nbsp;\u0026nbsp;\u0026nbsp;\u0026nbsp;\u0026nbsp;\u0026nbsp;\u0026nbsp;\u0026nbsp;\u0026nbsp;\u0026nbsp;\u0026nbsp;\u0026nbsp;\u0026nbsp;\u0026nbsp;\u0026nbsp;\u0026nbsp;\u0026nbsp; Art. 3\u0026ordm; - Ficam revogadas as disposi\u0026ccedil;\u0026otilde;es em contr\u0026aacute;rio.\u003C\/span\u003E\u003C\/p\u003E\r\n\u003Cp class=\u0022MsoNormal\u0022\u003E\u003Cspan\u003E\u0026nbsp;\u003C\/span\u003E\u003C\/p\u003E\r\n\u003Cp class=\u0022MsoNormal\u0022\u003E\u003Cspan\u003E\u0026nbsp;\u0026nbsp;\u0026nbsp;\u0026nbsp;\u0026nbsp;\u0026nbsp;\u0026nbsp;\u0026nbsp;\u0026nbsp;\u0026nbsp;\u0026nbsp;\u0026nbsp;\u0026nbsp;\u0026nbsp;\u0026nbsp;\u0026nbsp;\u0026nbsp;\u0026nbsp;\u0026nbsp;\u0026nbsp;\u0026nbsp;\u0026nbsp;\u0026nbsp; Gabinete do Prefeito Municipal de Itabaiana\/SE, em 04 de Julho de 2013.\u003C\/span\u003E\u003C\/p\u003E\r\n\u003Cp class=\u0022MsoNormal\u0022\u003E\u003Cspan\u003E\u0026nbsp;\u003C\/span\u003E\u003C\/p\u003E\r\n\u003Cp class=\u0022MsoNormal\u0022\u003E\u003Cspan\u003E\u0026nbsp;\u003C\/span\u003E\u003C\/p\u003E\r\n\u003Cp class=\u0022MsoNormal\u0022\u003E\u003Cspan\u003E\u0026nbsp;\u0026nbsp;\u0026nbsp;\u0026nbsp;\u0026nbsp;\u0026nbsp;\u0026nbsp;\u0026nbsp;\u0026nbsp;\u0026nbsp;\u0026nbsp;\u0026nbsp;\u0026nbsp;\u0026nbsp;\u0026nbsp;\u0026nbsp;\u0026nbsp;\u0026nbsp;\u0026nbsp;\u0026nbsp;\u0026nbsp;\u0026nbsp;\u0026nbsp;\u0026nbsp;\u0026nbsp;\u0026nbsp;\u0026nbsp;\u0026nbsp;\u0026nbsp;\u0026nbsp;\u0026nbsp;\u0026nbsp;\u0026nbsp;\u0026nbsp; \u003C\/span\u003E\u003C\/p\u003E\r\n\u003Cp class=\u0022MsoNormal\u0022 align=\u0022center\u0022\u003E\u003Cstrong\u003E\u003Cspan\u003EVALMIR DOS SANTOS COSTA\u003C\/span\u003E\u003C\/strong\u003E\u003C\/p\u003E\r\n\u003Cp class=\u0022MsoNormal\u0022 align=\u0022center\u0022\u003E\u003Cspan\u003EPrefeito\u003C\/span\u003E\u003C\/p\u003E\r\n\u003Cp class=\u0022MsoNormal\u0022 align=\u0022center\u0022\u003E\u003Cspan\u003E\u0026nbsp;\u003C\/span\u003E\u003C\/p\u003E\r\n\u003Cp class=\u0022MsoNormal\u0022\u003E\u003Cspan\u003E\u0026nbsp;\u003C\/span\u003E\u003C\/p\u003E\r\n\u003Cp class=\u0022MsoNormal\u0022 align=\u0022center\u0022\u003E\u003Cstrong\u003E\u003Cspan\u003ELUCAS CARDINALI PACHECO\u003C\/span\u003E\u003C\/strong\u003E\u003C\/p\u003E\r\n\u003Cp class=\u0022MsoNormal\u0022 align=\u0022center\u0022\u003E\u003Cspan\u003EAdvogado Geral\u003C\/span\u003E\u003C\/p\u003E","criado":"2013-07-04 00:00:00","alterado":"2013-07-04 00:00:00"},{"id":1789,"titulo":"Disp\u00f5e sobre altera\u00e7\u00e3o de nome de rua de nosso Munic\u00edpio e d\u00e1 provid\u00eancias necess\u00e1rias.","numero":"1619","categoria_id":1,"aprovada":"2013-07-04 00:00:00","slug":"disp-e-sobre-altera-o-de-nome-de-rua-de-nosso-munic-pio-e-d-provid-ncias-necess-rias","descricao":"\u003Cp class=\u0022MsoNormal\u0022\u003E\u003Cstrong\u003E\u003Cspan\u003EO PREFEITO MUNICIPAL DE ITABAIANA, ESTADO DE SERGIPE, \u003C\/span\u003E\u003C\/strong\u003E\u003Cspan\u003Eno uso de suas atribui\u0026ccedil;\u0026otilde;es legais;\u003Cstrong\u003E\u003C\/strong\u003E\u003C\/span\u003E\u003C\/p\u003E\r\n\u003Cp class=\u0022MsoNormal\u0022\u003E\u003Cspan\u003E\u0026nbsp;\u003C\/span\u003E\u003C\/p\u003E\r\n\u003Cp class=\u0022MsoNormal\u0022\u003E\u003Cspan\u003E\u0026nbsp;\u0026nbsp;\u0026nbsp;\u0026nbsp;\u0026nbsp;\u0026nbsp;\u0026nbsp;\u0026nbsp;\u0026nbsp;\u0026nbsp;\u0026nbsp;\u0026nbsp;\u0026nbsp;\u0026nbsp;\u0026nbsp;\u0026nbsp;\u0026nbsp;\u0026nbsp;\u0026nbsp;\u0026nbsp;\u0026nbsp;\u0026nbsp;\u0026nbsp; Fa\u0026ccedil;o saber que a C\u0026acirc;mara Municipal aprovou e eu sanciono e promulgo a seguinte LEI:\u003C\/span\u003E\u003C\/p\u003E\r\n\u003Cp class=\u0022MsoNormal\u0022\u003E\u003Cspan\u003E\u0026nbsp;\u003C\/span\u003E\u003C\/p\u003E\r\n\u003Cp class=\u0022MsoNormal\u0022\u003E\u003Cspan\u003E\u0026nbsp;\u0026nbsp;\u0026nbsp;\u0026nbsp;\u0026nbsp;\u0026nbsp;\u0026nbsp;\u0026nbsp;\u0026nbsp;\u0026nbsp;\u0026nbsp;\u0026nbsp;\u0026nbsp;\u0026nbsp;\u0026nbsp;\u0026nbsp;\u0026nbsp;\u0026nbsp;\u0026nbsp;\u0026nbsp;\u0026nbsp;\u0026nbsp;\u0026nbsp; Art. 1\u0026ordm; - A Rua Projetada localizada no Loteamento Luiz Gonzaga no Bairro Jos\u0026eacute; Milton Machado, iniciando na Rua Assum Preto entre as quadras G e H, passar\u0026aacute; a dominar-se \u003Cstrong\u003ERua Quero Ch\u0026aacute;\u003C\/strong\u003E.\u003C\/span\u003E\u003C\/p\u003E\r\n\u003Cp class=\u0022MsoNormal\u0022\u003E\u003Cspan\u003E\u0026nbsp;\u003C\/span\u003E\u003C\/p\u003E\r\n\u003Cp class=\u0022MsoNormal\u0022\u003E\u003Cspan\u003E\u0026nbsp;\u0026nbsp;\u0026nbsp;\u0026nbsp;\u0026nbsp;\u0026nbsp;\u0026nbsp;\u0026nbsp;\u0026nbsp;\u0026nbsp;\u0026nbsp;\u0026nbsp;\u0026nbsp;\u0026nbsp;\u0026nbsp;\u0026nbsp;\u0026nbsp;\u0026nbsp;\u0026nbsp;\u0026nbsp;\u0026nbsp;\u0026nbsp;\u0026nbsp; Art. 2\u0026ordm; - Esta Lei entrar\u0026aacute; em vigor na data de sua publica\u0026ccedil;\u0026atilde;o.\u003C\/span\u003E\u003C\/p\u003E\r\n\u003Cp class=\u0022MsoNormal\u0022\u003E\u003Cspan\u003E\u0026nbsp;\u003C\/span\u003E\u003C\/p\u003E\r\n\u003Cp class=\u0022MsoNormal\u0022\u003E\u003Cspan\u003E\u0026nbsp;\u0026nbsp;\u0026nbsp;\u0026nbsp;\u0026nbsp;\u0026nbsp;\u0026nbsp;\u0026nbsp;\u0026nbsp;\u0026nbsp;\u0026nbsp;\u0026nbsp;\u0026nbsp;\u0026nbsp;\u0026nbsp;\u0026nbsp;\u0026nbsp;\u0026nbsp;\u0026nbsp;\u0026nbsp;\u0026nbsp;\u0026nbsp;\u0026nbsp; Art. 3\u0026ordm; - Ficam revogadas as disposi\u0026ccedil;\u0026otilde;es em contr\u0026aacute;rio.\u003C\/span\u003E\u003C\/p\u003E\r\n\u003Cp class=\u0022MsoNormal\u0022\u003E\u003Cspan\u003E\u0026nbsp;\u003C\/span\u003E\u003C\/p\u003E\r\n\u003Cp class=\u0022MsoNormal\u0022\u003E\u003Cspan\u003E\u0026nbsp;\u0026nbsp;\u0026nbsp;\u0026nbsp;\u0026nbsp;\u0026nbsp;\u0026nbsp;\u0026nbsp;\u0026nbsp;\u0026nbsp;\u0026nbsp;\u0026nbsp;\u0026nbsp;\u0026nbsp;\u0026nbsp;\u0026nbsp;\u0026nbsp;\u0026nbsp;\u0026nbsp;\u0026nbsp;\u0026nbsp;\u0026nbsp;\u0026nbsp; Gabinete do Prefeito Municipal de Itabaiana\/SE, em 04 de Julho de 2013.\u003C\/span\u003E\u003C\/p\u003E\r\n\u003Cp class=\u0022MsoNormal\u0022\u003E\u003Cspan\u003E\u0026nbsp;\u003C\/span\u003E\u003C\/p\u003E\r\n\u003Cp class=\u0022MsoNormal\u0022\u003E\u003Cspan\u003E\u0026nbsp;\u003C\/span\u003E\u003C\/p\u003E\r\n\u003Cp class=\u0022MsoNormal\u0022\u003E\u003Cspan\u003E\u0026nbsp;\u0026nbsp;\u0026nbsp;\u0026nbsp;\u0026nbsp;\u0026nbsp;\u0026nbsp;\u0026nbsp;\u0026nbsp;\u0026nbsp;\u0026nbsp;\u0026nbsp;\u0026nbsp;\u0026nbsp;\u0026nbsp;\u0026nbsp;\u0026nbsp;\u0026nbsp;\u0026nbsp;\u0026nbsp;\u0026nbsp;\u0026nbsp;\u0026nbsp;\u0026nbsp;\u0026nbsp;\u0026nbsp;\u0026nbsp;\u0026nbsp;\u0026nbsp;\u0026nbsp;\u0026nbsp;\u0026nbsp;\u0026nbsp;\u0026nbsp; \u003C\/span\u003E\u003C\/p\u003E\r\n\u003Cp class=\u0022MsoNormal\u0022 align=\u0022center\u0022\u003E\u003Cstrong\u003E\u003Cspan\u003EVALMIR DOS SANTOS COSTA\u003C\/span\u003E\u003C\/strong\u003E\u003C\/p\u003E\r\n\u003Cp class=\u0022MsoNormal\u0022 align=\u0022center\u0022\u003E\u003Cspan\u003EPrefeito\u003C\/span\u003E\u003C\/p\u003E\r\n\u003Cp class=\u0022MsoNormal\u0022 align=\u0022center\u0022\u003E\u003Cspan\u003E\u0026nbsp;\u003C\/span\u003E\u003C\/p\u003E\r\n\u003Cp class=\u0022MsoNormal\u0022\u003E\u003Cspan\u003E\u0026nbsp;\u003C\/span\u003E\u003C\/p\u003E\r\n\u003Cp class=\u0022MsoNormal\u0022 align=\u0022center\u0022\u003E\u003Cstrong\u003E\u003Cspan\u003ELUCAS CARDINALI PACHECO\u003C\/span\u003E\u003C\/strong\u003E\u003C\/p\u003E\r\n\u003Cp\u003E\u0026nbsp;\u003C\/p\u003E\r\n\u003Cp class=\u0022MsoNormal\u0022 align=\u0022center\u0022\u003E\u003Cspan\u003EAdvogado Geral\u003C\/span\u003E\u003C\/p\u003E","criado":"2013-07-04 00:00:00","alterado":"2013-07-04 00:00:00"},{"id":1788,"titulo":"Disp\u00f5e sobre nome de Pra\u00e7a do nosso Munic\u00edpio e d\u00e1 outras provid\u00eancias.","numero":"1618","categoria_id":1,"aprovada":"2013-06-26 00:00:00","slug":"disp-e-sobre-nome-de-pra-a-do-nosso-munic-pio-e-d-outras-provid-ncias","descricao":"\u003Cp class=\u0022MsoNormal\u0022\u003E\u003Cstrong\u003E\u003Cspan\u003EO PREFEITO MUNICIPAL DE ITABAIANA, ESTADO DE SERGIPE, \u003C\/span\u003E\u003C\/strong\u003E\u003Cspan\u003Eno uso de suas atribui\u0026ccedil;\u0026otilde;es legais;\u003Cstrong\u003E\u003C\/strong\u003E\u003C\/span\u003E\u003C\/p\u003E\r\n\u003Cp class=\u0022MsoNormal\u0022\u003E\u003Cspan\u003E\u0026nbsp;\u003C\/span\u003E\u003C\/p\u003E\r\n\u003Cp class=\u0022MsoNormal\u0022\u003E\u003Cspan\u003E\u0026nbsp;\u0026nbsp;\u0026nbsp;\u0026nbsp;\u0026nbsp;\u0026nbsp;\u0026nbsp;\u0026nbsp;\u0026nbsp;\u0026nbsp;\u0026nbsp;\u0026nbsp;\u0026nbsp;\u0026nbsp;\u0026nbsp;\u0026nbsp;\u0026nbsp;\u0026nbsp;\u0026nbsp;\u0026nbsp;\u0026nbsp;\u0026nbsp;\u0026nbsp; Fa\u0026ccedil;o saber que a C\u0026acirc;mara Municipal aprovou e eu sanciono e promulgo a seguinte LEI:\u003C\/span\u003E\u003C\/p\u003E\r\n\u003Cp class=\u0022MsoNormal\u0022\u003E\u003Cspan\u003E\u0026nbsp;\u003C\/span\u003E\u003C\/p\u003E\r\n\u003Cp class=\u0022MsoNormal\u0022\u003E\u003Cspan\u003E\u0026nbsp;\u0026nbsp;\u0026nbsp;\u0026nbsp;\u0026nbsp;\u0026nbsp;\u0026nbsp;\u0026nbsp;\u0026nbsp;\u0026nbsp;\u0026nbsp;\u0026nbsp;\u0026nbsp;\u0026nbsp;\u0026nbsp;\u0026nbsp;\u0026nbsp;\u0026nbsp;\u0026nbsp;\u0026nbsp;\u0026nbsp;\u0026nbsp;\u0026nbsp; Art. 1\u0026ordm; - A Pra\u0026ccedil;a Projetada localizada no Loteamento Luiz Gonzaga no Bairro Jos\u0026eacute; Milton Machado no centro do loteamento, passar\u0026aacute; a denominar-se de \u003Cstrong\u003EPra\u0026ccedil;a Luiz Gonzaga\u003C\/strong\u003E.\u003C\/span\u003E\u003C\/p\u003E\r\n\u003Cp class=\u0022MsoNormal\u0022\u003E\u003Cspan\u003E\u0026nbsp;\u003C\/span\u003E\u003C\/p\u003E\r\n\u003Cp class=\u0022MsoNormal\u0022\u003E\u003Cspan\u003E\u0026nbsp;\u0026nbsp;\u0026nbsp;\u0026nbsp;\u0026nbsp;\u0026nbsp;\u0026nbsp;\u0026nbsp;\u0026nbsp;\u0026nbsp;\u0026nbsp;\u0026nbsp;\u0026nbsp;\u0026nbsp;\u0026nbsp;\u0026nbsp;\u0026nbsp;\u0026nbsp;\u0026nbsp;\u0026nbsp;\u0026nbsp;\u0026nbsp;\u0026nbsp; Art. 2\u0026ordm; - Esta Lei entrar\u0026aacute; em vigor na data de sua publica\u0026ccedil;\u0026atilde;o.\u003C\/span\u003E\u003C\/p\u003E\r\n\u003Cp class=\u0022MsoNormal\u0022\u003E\u003Cspan\u003E\u0026nbsp;\u003C\/span\u003E\u003C\/p\u003E\r\n\u003Cp class=\u0022MsoNormal\u0022\u003E\u003Cspan\u003E\u0026nbsp;\u0026nbsp;\u0026nbsp;\u0026nbsp;\u0026nbsp;\u0026nbsp;\u0026nbsp;\u0026nbsp;\u0026nbsp;\u0026nbsp;\u0026nbsp;\u0026nbsp;\u0026nbsp;\u0026nbsp;\u0026nbsp;\u0026nbsp;\u0026nbsp;\u0026nbsp;\u0026nbsp;\u0026nbsp;\u0026nbsp;\u0026nbsp;\u0026nbsp; Art. 3\u0026ordm; - Ficam revogadas as disposi\u0026ccedil;\u0026otilde;es em contr\u0026aacute;rio.\u003C\/span\u003E\u003C\/p\u003E\r\n\u003Cp class=\u0022MsoNormal\u0022\u003E\u003Cspan\u003E\u0026nbsp;\u003C\/span\u003E\u003C\/p\u003E\r\n\u003Cp class=\u0022MsoNormal\u0022\u003E\u003Cspan\u003E\u0026nbsp;\u0026nbsp;\u0026nbsp;\u0026nbsp;\u0026nbsp;\u0026nbsp;\u0026nbsp;\u0026nbsp;\u0026nbsp;\u0026nbsp;\u0026nbsp;\u0026nbsp;\u0026nbsp;\u0026nbsp;\u0026nbsp;\u0026nbsp;\u0026nbsp;\u0026nbsp;\u0026nbsp;\u0026nbsp;\u0026nbsp;\u0026nbsp;\u0026nbsp; Gabinete do Prefeito Municipal de Itabaiana\/SE, em 26 de Junho de 2013.\u003C\/span\u003E\u003C\/p\u003E\r\n\u003Cp class=\u0022MsoNormal\u0022\u003E\u003Cspan\u003E\u0026nbsp;\u003C\/span\u003E\u003C\/p\u003E\r\n\u003Cp class=\u0022MsoNormal\u0022\u003E\u003Cspan\u003E\u0026nbsp;\u003C\/span\u003E\u003C\/p\u003E\r\n\u003Cp class=\u0022MsoNormal\u0022\u003E\u003Cspan\u003E\u0026nbsp;\u0026nbsp;\u0026nbsp;\u0026nbsp;\u0026nbsp;\u0026nbsp;\u0026nbsp;\u0026nbsp;\u0026nbsp;\u0026nbsp;\u0026nbsp;\u0026nbsp;\u0026nbsp;\u0026nbsp;\u0026nbsp;\u0026nbsp;\u0026nbsp;\u0026nbsp;\u0026nbsp;\u0026nbsp;\u0026nbsp;\u0026nbsp;\u0026nbsp;\u0026nbsp;\u0026nbsp;\u0026nbsp;\u0026nbsp;\u0026nbsp;\u0026nbsp;\u0026nbsp;\u0026nbsp;\u0026nbsp;\u0026nbsp;\u0026nbsp; \u003C\/span\u003E\u003C\/p\u003E\r\n\u003Cp class=\u0022MsoNormal\u0022 align=\u0022center\u0022\u003E\u003Cstrong\u003E\u003Cspan\u003EVALMIR DOS SANTOS COSTA\u003C\/span\u003E\u003C\/strong\u003E\u003C\/p\u003E\r\n\u003Cp class=\u0022MsoNormal\u0022 align=\u0022center\u0022\u003E\u003Cspan\u003EPrefeito\u003C\/span\u003E\u003C\/p\u003E\r\n\u003Cp class=\u0022MsoNormal\u0022 align=\u0022center\u0022\u003E\u003Cspan\u003E\u0026nbsp;\u003C\/span\u003E\u003C\/p\u003E\r\n\u003Cp class=\u0022MsoNormal\u0022\u003E\u003Cspan\u003E\u0026nbsp;\u003C\/span\u003E\u003C\/p\u003E\r\n\u003Cp class=\u0022MsoNormal\u0022 align=\u0022center\u0022\u003E\u003Cstrong\u003E\u003Cspan\u003ELUCAS CARDINALI PACHECO\u003C\/span\u003E\u003C\/strong\u003E\u003C\/p\u003E\r\n\u003Cp\u003E\u0026nbsp;\u003C\/p\u003E\r\n\u003Cp class=\u0022MsoNormal\u0022 align=\u0022center\u0022\u003E\u003Cspan\u003EAdvogado Geral\u003C\/span\u003E\u003C\/p\u003E","criado":"2013-06-26 00:00:00","alterado":"2013-06-26 00:00:00"},{"id":1787,"titulo":"Disp\u00f5e sobre nome de Centro de Educacional do Munic\u00edpio de Itabaiana e d\u00e1 outras provid\u00eancias.","numero":"1617","categoria_id":1,"aprovada":"2013-06-26 00:00:00","slug":"disp-e-sobre-nome-de-centro-de-educacional-do-munic-pio-de-itabaiana-e-d-outras-provid-ncias","descricao":"\u003Cp class=\u0022MsoNormal\u0022\u003E\u003Cstrong\u003E\u003Cspan\u003EO PREFEITO MUNICIPAL DE ITABAIANA, ESTADO DE SERGIPE, \u003C\/span\u003E\u003C\/strong\u003E\u003Cspan\u003Eno uso de suas atribui\u0026ccedil;\u0026otilde;es legais;\u003Cstrong\u003E\u003C\/strong\u003E\u003C\/span\u003E\u003C\/p\u003E\r\n\u003Cp class=\u0022MsoNormal\u0022\u003E\u003Cspan\u003E\u0026nbsp;\u003C\/span\u003E\u003C\/p\u003E\r\n\u003Cp class=\u0022MsoNormal\u0022\u003E\u003Cspan\u003E\u0026nbsp;\u0026nbsp;\u0026nbsp;\u0026nbsp;\u0026nbsp;\u0026nbsp;\u0026nbsp;\u0026nbsp;\u0026nbsp;\u0026nbsp;\u0026nbsp;\u0026nbsp;\u0026nbsp;\u0026nbsp;\u0026nbsp;\u0026nbsp;\u0026nbsp;\u0026nbsp;\u0026nbsp;\u0026nbsp;\u0026nbsp;\u0026nbsp;\u0026nbsp; Fa\u0026ccedil;o saber que a C\u0026acirc;mara Municipal aprovou e eu sanciono e promulgo a seguinte LEI:\u003C\/span\u003E\u003C\/p\u003E\r\n\u003Cp class=\u0022MsoNormal\u0022\u003E\u003Cspan\u003E\u0026nbsp;\u003C\/span\u003E\u003C\/p\u003E\r\n\u003Cp class=\u0022MsoNormal\u0022\u003E\u003Cspan\u003E\u0026nbsp;\u0026nbsp;\u0026nbsp;\u0026nbsp;\u0026nbsp;\u0026nbsp;\u0026nbsp;\u0026nbsp;\u0026nbsp;\u0026nbsp;\u0026nbsp;\u0026nbsp;\u0026nbsp;\u0026nbsp;\u0026nbsp;\u0026nbsp;\u0026nbsp;\u0026nbsp;\u0026nbsp;\u0026nbsp;\u0026nbsp;\u0026nbsp;\u0026nbsp; Art. 1\u0026ordm; - O Centro Educacional localizado no terreno que pertencia ao Centro Social Urbano- CSU frente com a unidade SESP, passar\u0026aacute; a denominar-se de \u003Cstrong\u003ECentro Educacional Judite Dantas de Andrade.\u003C\/strong\u003E\u003C\/span\u003E\u003C\/p\u003E\r\n\u003Cp class=\u0022MsoNormal\u0022\u003E\u003Cspan\u003E\u0026nbsp;\u003C\/span\u003E\u003C\/p\u003E\r\n\u003Cp class=\u0022MsoNormal\u0022\u003E\u003Cspan\u003E\u0026nbsp;\u0026nbsp;\u0026nbsp;\u0026nbsp;\u0026nbsp;\u0026nbsp;\u0026nbsp;\u0026nbsp;\u0026nbsp;\u0026nbsp;\u0026nbsp;\u0026nbsp;\u0026nbsp;\u0026nbsp;\u0026nbsp;\u0026nbsp;\u0026nbsp;\u0026nbsp;\u0026nbsp;\u0026nbsp;\u0026nbsp;\u0026nbsp;\u0026nbsp; Art. 2\u0026ordm; - Esta Lei entrar\u0026aacute; em vigor na data de sua publica\u0026ccedil;\u0026atilde;o.\u003C\/span\u003E\u003C\/p\u003E\r\n\u003Cp class=\u0022MsoNormal\u0022\u003E\u003Cspan\u003E\u0026nbsp;\u003C\/span\u003E\u003C\/p\u003E\r\n\u003Cp class=\u0022MsoNormal\u0022\u003E\u003Cspan\u003E\u0026nbsp;\u0026nbsp;\u0026nbsp;\u0026nbsp;\u0026nbsp;\u0026nbsp;\u0026nbsp;\u0026nbsp;\u0026nbsp;\u0026nbsp;\u0026nbsp;\u0026nbsp;\u0026nbsp;\u0026nbsp;\u0026nbsp;\u0026nbsp;\u0026nbsp;\u0026nbsp;\u0026nbsp;\u0026nbsp;\u0026nbsp;\u0026nbsp;\u0026nbsp; Art. 3\u0026ordm; - Ficam revogadas as disposi\u0026ccedil;\u0026otilde;es em contr\u0026aacute;rio.\u003C\/span\u003E\u003C\/p\u003E\r\n\u003Cp class=\u0022MsoNormal\u0022\u003E\u003Cspan\u003E\u0026nbsp;\u003C\/span\u003E\u003C\/p\u003E\r\n\u003Cp class=\u0022MsoNormal\u0022\u003E\u003Cspan\u003E\u0026nbsp;\u0026nbsp;\u0026nbsp;\u0026nbsp;\u0026nbsp;\u0026nbsp;\u0026nbsp;\u0026nbsp;\u0026nbsp;\u0026nbsp;\u0026nbsp;\u0026nbsp;\u0026nbsp;\u0026nbsp;\u0026nbsp;\u0026nbsp;\u0026nbsp;\u0026nbsp;\u0026nbsp;\u0026nbsp;\u0026nbsp;\u0026nbsp;\u0026nbsp; Gabinete do Prefeito Municipal de Itabaiana\/SE, em 26 de Junho de 2013.\u003C\/span\u003E\u003C\/p\u003E\r\n\u003Cp class=\u0022MsoNormal\u0022\u003E\u003Cspan\u003E\u0026nbsp;\u003C\/span\u003E\u003C\/p\u003E\r\n\u003Cp class=\u0022MsoNormal\u0022\u003E\u003Cspan\u003E\u0026nbsp;\u003C\/span\u003E\u003C\/p\u003E\r\n\u003Cp class=\u0022MsoNormal\u0022\u003E\u003Cspan\u003E\u0026nbsp;\u0026nbsp;\u0026nbsp;\u0026nbsp;\u0026nbsp;\u0026nbsp;\u0026nbsp;\u0026nbsp;\u0026nbsp;\u0026nbsp;\u0026nbsp;\u0026nbsp;\u0026nbsp;\u0026nbsp;\u0026nbsp;\u0026nbsp;\u0026nbsp;\u0026nbsp;\u0026nbsp;\u0026nbsp;\u0026nbsp;\u0026nbsp;\u0026nbsp;\u0026nbsp;\u0026nbsp;\u0026nbsp;\u0026nbsp;\u0026nbsp;\u0026nbsp;\u0026nbsp;\u0026nbsp;\u0026nbsp;\u0026nbsp;\u0026nbsp; \u003C\/span\u003E\u003C\/p\u003E\r\n\u003Cp class=\u0022MsoNormal\u0022 align=\u0022center\u0022\u003E\u003Cstrong\u003E\u003Cspan\u003EVALMIR DOS SANTOS COSTA\u003C\/span\u003E\u003C\/strong\u003E\u003C\/p\u003E\r\n\u003Cp class=\u0022MsoNormal\u0022 align=\u0022center\u0022\u003E\u003Cspan\u003EPrefeito\u003C\/span\u003E\u003C\/p\u003E\r\n\u003Cp class=\u0022MsoNormal\u0022 align=\u0022center\u0022\u003E\u003Cspan\u003E\u0026nbsp;\u003C\/span\u003E\u003C\/p\u003E\r\n\u003Cp class=\u0022MsoNormal\u0022\u003E\u003Cspan\u003E\u0026nbsp;\u003C\/span\u003E\u003C\/p\u003E\r\n\u003Cp class=\u0022MsoNormal\u0022 align=\u0022center\u0022\u003E\u003Cstrong\u003E\u003Cspan\u003ELUCAS CARDINALI PACHECO\u003C\/span\u003E\u003C\/strong\u003E\u003C\/p\u003E\r\n\u003Cp\u003E\u0026nbsp;\u003C\/p\u003E\r\n\u003Cp class=\u0022MsoNormal\u0022 align=\u0022center\u0022\u003E\u003Cspan\u003EAdvogado Geral\u003C\/span\u003E\u003C\/p\u003E","criado":"2013-06-26 00:00:00","alterado":"2013-06-26 00:00:00"},{"id":1786,"titulo":"Disp\u00f5e sobre nome de Avenida do nosso Munic\u00edpio e d\u00e1 outras provid\u00eancias.","numero":"1616","categoria_id":1,"aprovada":"2013-06-26 00:00:00","slug":"disp-e-sobre-nome-de-avenida-do-nosso-munic-pio-e-d-outras-provid-ncias","descricao":"\u003Cp class=\u0022MsoNormal\u0022\u003E\u003Cstrong\u003E\u003Cspan\u003EO PREFEITO MUNICIPAL DE ITABAIANA, ESTADO DE SERGIPE, \u003C\/span\u003E\u003C\/strong\u003E\u003Cspan\u003Eno uso de suas atribui\u0026ccedil;\u0026otilde;es legais;\u003Cstrong\u003E\u003C\/strong\u003E\u003C\/span\u003E\u003C\/p\u003E\r\n\u003Cp class=\u0022MsoNormal\u0022\u003E\u003Cspan\u003E\u0026nbsp;\u003C\/span\u003E\u003C\/p\u003E\r\n\u003Cp class=\u0022MsoNormal\u0022\u003E\u003Cspan\u003E\u0026nbsp;\u0026nbsp;\u0026nbsp;\u0026nbsp;\u0026nbsp;\u0026nbsp;\u0026nbsp;\u0026nbsp;\u0026nbsp;\u0026nbsp;\u0026nbsp;\u0026nbsp;\u0026nbsp;\u0026nbsp;\u0026nbsp;\u0026nbsp;\u0026nbsp;\u0026nbsp;\u0026nbsp;\u0026nbsp;\u0026nbsp;\u0026nbsp;\u0026nbsp; Fa\u0026ccedil;o saber que a C\u0026acirc;mara Municipal aprovou e eu sanciono e promulgo a seguinte LEI:\u003C\/span\u003E\u003C\/p\u003E\r\n\u003Cp class=\u0022MsoNormal\u0022\u003E\u003Cspan\u003E\u0026nbsp;\u003C\/span\u003E\u003C\/p\u003E\r\n\u003Cp class=\u0022MsoNormal\u0022\u003E\u003Cspan\u003E\u0026nbsp;\u0026nbsp;\u0026nbsp;\u0026nbsp;\u0026nbsp;\u0026nbsp;\u0026nbsp;\u0026nbsp;\u0026nbsp;\u0026nbsp;\u0026nbsp;\u0026nbsp;\u0026nbsp;\u0026nbsp;\u0026nbsp;\u0026nbsp;\u0026nbsp;\u0026nbsp;\u0026nbsp;\u0026nbsp;\u0026nbsp;\u0026nbsp;\u0026nbsp; Art. 1\u0026ordm; - A Avenida Projetada localizada no Loteamento Luiz Gonzaga no Bairro Jos\u0026eacute; Milton Machado, iniciando na Pra\u0026ccedil;a Luiz Gonzaga entre as quadras I e H e finalizando na Rodovia Jo\u0026atilde;o Paulo II, passar\u0026aacute; a denominar-se de \u003Cstrong\u003EAvenida Dr. Wellington Mendes.\u003C\/strong\u003E\u003C\/span\u003E\u003C\/p\u003E\r\n\u003Cp class=\u0022MsoNormal\u0022\u003E\u003Cspan\u003E\u0026nbsp;\u003C\/span\u003E\u003C\/p\u003E\r\n\u003Cp class=\u0022MsoNormal\u0022\u003E\u003Cspan\u003E\u0026nbsp;\u0026nbsp;\u0026nbsp;\u0026nbsp;\u0026nbsp;\u0026nbsp;\u0026nbsp;\u0026nbsp;\u0026nbsp;\u0026nbsp;\u0026nbsp;\u0026nbsp;\u0026nbsp;\u0026nbsp;\u0026nbsp;\u0026nbsp;\u0026nbsp;\u0026nbsp;\u0026nbsp;\u0026nbsp;\u0026nbsp;\u0026nbsp;\u0026nbsp; Art. 2\u0026ordm; - Esta Lei entrar\u0026aacute; em vigor na data de sua publica\u0026ccedil;\u0026atilde;o.\u003C\/span\u003E\u003C\/p\u003E\r\n\u003Cp class=\u0022MsoNormal\u0022\u003E\u003Cspan\u003E\u0026nbsp;\u003C\/span\u003E\u003C\/p\u003E\r\n\u003Cp class=\u0022MsoNormal\u0022\u003E\u003Cspan\u003E\u0026nbsp;\u0026nbsp;\u0026nbsp;\u0026nbsp;\u0026nbsp;\u0026nbsp;\u0026nbsp;\u0026nbsp;\u0026nbsp;\u0026nbsp;\u0026nbsp;\u0026nbsp;\u0026nbsp;\u0026nbsp;\u0026nbsp;\u0026nbsp;\u0026nbsp;\u0026nbsp;\u0026nbsp;\u0026nbsp;\u0026nbsp;\u0026nbsp;\u0026nbsp; Art. 3\u0026ordm; - Ficam revogadas as disposi\u0026ccedil;\u0026otilde;es em contr\u0026aacute;rio.\u003C\/span\u003E\u003C\/p\u003E\r\n\u003Cp class=\u0022MsoNormal\u0022\u003E\u003Cspan\u003E\u0026nbsp;\u003C\/span\u003E\u003C\/p\u003E\r\n\u003Cp class=\u0022MsoNormal\u0022\u003E\u003Cspan\u003E\u0026nbsp;\u0026nbsp;\u0026nbsp;\u0026nbsp;\u0026nbsp;\u0026nbsp;\u0026nbsp;\u0026nbsp;\u0026nbsp;\u0026nbsp;\u0026nbsp;\u0026nbsp;\u0026nbsp;\u0026nbsp;\u0026nbsp;\u0026nbsp;\u0026nbsp;\u0026nbsp;\u0026nbsp;\u0026nbsp;\u0026nbsp;\u0026nbsp;\u0026nbsp; Gabinete do Prefeito Municipal de Itabaiana\/SE, em 26 de Junho de 2013.\u003C\/span\u003E\u003C\/p\u003E\r\n\u003Cp class=\u0022MsoNormal\u0022\u003E\u003Cspan\u003E\u0026nbsp;\u003C\/span\u003E\u003C\/p\u003E\r\n\u003Cp class=\u0022MsoNormal\u0022\u003E\u003Cspan\u003E\u0026nbsp;\u003C\/span\u003E\u003C\/p\u003E\r\n\u003Cp class=\u0022MsoNormal\u0022\u003E\u003Cspan\u003E\u0026nbsp;\u0026nbsp;\u0026nbsp;\u0026nbsp;\u0026nbsp;\u0026nbsp;\u0026nbsp;\u0026nbsp;\u0026nbsp;\u0026nbsp;\u0026nbsp;\u0026nbsp;\u0026nbsp;\u0026nbsp;\u0026nbsp;\u0026nbsp;\u0026nbsp;\u0026nbsp;\u0026nbsp;\u0026nbsp;\u0026nbsp;\u0026nbsp;\u0026nbsp;\u0026nbsp;\u0026nbsp;\u0026nbsp;\u0026nbsp;\u0026nbsp;\u0026nbsp;\u0026nbsp;\u0026nbsp;\u0026nbsp;\u0026nbsp;\u0026nbsp; \u003C\/span\u003E\u003C\/p\u003E\r\n\u003Cp class=\u0022MsoNormal\u0022 align=\u0022center\u0022\u003E\u003Cstrong\u003E\u003Cspan\u003EVALMIR DOS SANTOS COSTA\u003C\/span\u003E\u003C\/strong\u003E\u003C\/p\u003E\r\n\u003Cp class=\u0022MsoNormal\u0022 align=\u0022center\u0022\u003E\u003Cspan\u003EPrefeito\u003C\/span\u003E\u003C\/p\u003E\r\n\u003Cp class=\u0022MsoNormal\u0022 align=\u0022center\u0022\u003E\u003Cspan\u003E\u0026nbsp;\u003C\/span\u003E\u003C\/p\u003E\r\n\u003Cp class=\u0022MsoNormal\u0022\u003E\u003Cspan\u003E\u0026nbsp;\u003C\/span\u003E\u003C\/p\u003E\r\n\u003Cp class=\u0022MsoNormal\u0022 align=\u0022center\u0022\u003E\u003Cstrong\u003E\u003Cspan\u003ELUCAS CARDINALI PACHECO\u003C\/span\u003E\u003C\/strong\u003E\u003C\/p\u003E\r\n\u003Cp\u003E\u0026nbsp;\u003C\/p\u003E\r\n\u003Cp class=\u0022MsoNormal\u0022 align=\u0022center\u0022\u003E\u003Cspan\u003EAdvogado Geral\u003C\/span\u003E\u003C\/p\u003E","criado":"2013-06-26 00:00:00","alterado":"2013-06-26 00:00:00"},{"id":1785,"titulo":"Disp\u00f5e sobre nome de Avenida do nosso Munic\u00edpio e d\u00e1 outras provid\u00eancias.","numero":"1615","categoria_id":1,"aprovada":"2013-06-26 00:00:00","slug":"disp-e-sobre-nome-de-avenida-do-nosso-munic-pio-e-d-outras-provid-ncias","descricao":"\u003Cp class=\u0022MsoNormal\u0022\u003E\u003Cstrong\u003E\u003Cspan\u003EO PREFEITO MUNICIPAL DE ITABAIANA, ESTADO DE SERGIPE, \u003C\/span\u003E\u003C\/strong\u003E\u003Cspan\u003Eno uso de suas atribui\u0026ccedil;\u0026otilde;es legais;\u003Cstrong\u003E\u003C\/strong\u003E\u003C\/span\u003E\u003C\/p\u003E\r\n\u003Cp class=\u0022MsoNormal\u0022\u003E\u003Cspan\u003E\u0026nbsp;\u003C\/span\u003E\u003C\/p\u003E\r\n\u003Cp class=\u0022MsoNormal\u0022\u003E\u003Cspan\u003E\u0026nbsp;\u0026nbsp;\u0026nbsp;\u0026nbsp;\u0026nbsp;\u0026nbsp;\u0026nbsp;\u0026nbsp;\u0026nbsp;\u0026nbsp;\u0026nbsp;\u0026nbsp;\u0026nbsp;\u0026nbsp;\u0026nbsp;\u0026nbsp;\u0026nbsp;\u0026nbsp;\u0026nbsp;\u0026nbsp;\u0026nbsp;\u0026nbsp;\u0026nbsp; Fa\u0026ccedil;o saber que a C\u0026acirc;mara Municipal aprovou e eu sanciono e promulgo a seguinte LEI:\u003C\/span\u003E\u003C\/p\u003E\r\n\u003Cp class=\u0022MsoNormal\u0022\u003E\u003Cspan\u003E\u0026nbsp;\u003C\/span\u003E\u003C\/p\u003E\r\n\u003Cp class=\u0022MsoNormal\u0022\u003E\u003Cspan\u003E\u0026nbsp;\u0026nbsp;\u0026nbsp;\u0026nbsp;\u0026nbsp;\u0026nbsp;\u0026nbsp;\u0026nbsp;\u0026nbsp;\u0026nbsp;\u0026nbsp;\u0026nbsp;\u0026nbsp;\u0026nbsp;\u0026nbsp;\u0026nbsp;\u0026nbsp;\u0026nbsp;\u0026nbsp;\u0026nbsp;\u0026nbsp;\u0026nbsp;\u0026nbsp; Art. 1\u0026ordm; - A Avenida Projetada localizada no Loteamento Luiz Gonzaga no Bairro Jos\u0026eacute; Milton Machado, iniciando nas proximidades do terreno do Sr. Eignaldo passando pela Pra\u0026ccedil;a Z\u0026eacute; Dantas entre as quadras L, H, J, F, A, B, D, C, E, e F, finalizado na Rua Toca Pai, passar\u0026aacute; a denominar-se de \u003Cstrong\u003EAvenida Asa Branca.\u003C\/strong\u003E\u003C\/span\u003E\u003C\/p\u003E\r\n\u003Cp class=\u0022MsoNormal\u0022\u003E\u003Cspan\u003E\u0026nbsp;\u003C\/span\u003E\u003C\/p\u003E\r\n\u003Cp class=\u0022MsoNormal\u0022\u003E\u003Cspan\u003E\u0026nbsp;\u0026nbsp;\u0026nbsp;\u0026nbsp;\u0026nbsp;\u0026nbsp;\u0026nbsp;\u0026nbsp;\u0026nbsp;\u0026nbsp;\u0026nbsp;\u0026nbsp;\u0026nbsp;\u0026nbsp;\u0026nbsp;\u0026nbsp;\u0026nbsp;\u0026nbsp;\u0026nbsp;\u0026nbsp;\u0026nbsp;\u0026nbsp;\u0026nbsp; Art. 2\u0026ordm; - Esta Lei entrar\u0026aacute; em vigor na data de sua publica\u0026ccedil;\u0026atilde;o.\u003C\/span\u003E\u003C\/p\u003E\r\n\u003Cp class=\u0022MsoNormal\u0022\u003E\u003Cspan\u003E\u0026nbsp;\u003C\/span\u003E\u003C\/p\u003E\r\n\u003Cp class=\u0022MsoNormal\u0022\u003E\u003Cspan\u003E\u0026nbsp;\u0026nbsp;\u0026nbsp;\u0026nbsp;\u0026nbsp;\u0026nbsp;\u0026nbsp;\u0026nbsp;\u0026nbsp;\u0026nbsp;\u0026nbsp;\u0026nbsp;\u0026nbsp;\u0026nbsp;\u0026nbsp;\u0026nbsp;\u0026nbsp;\u0026nbsp;\u0026nbsp;\u0026nbsp;\u0026nbsp;\u0026nbsp;\u0026nbsp; Art. 3\u0026ordm; - Ficam revogadas as disposi\u0026ccedil;\u0026otilde;es em contr\u0026aacute;rio.\u003C\/span\u003E\u003C\/p\u003E\r\n\u003Cp class=\u0022MsoNormal\u0022\u003E\u003Cspan\u003E\u0026nbsp;\u003C\/span\u003E\u003C\/p\u003E\r\n\u003Cp class=\u0022MsoNormal\u0022\u003E\u003Cspan\u003E\u0026nbsp;\u0026nbsp;\u0026nbsp;\u0026nbsp;\u0026nbsp;\u0026nbsp;\u0026nbsp;\u0026nbsp;\u0026nbsp;\u0026nbsp;\u0026nbsp;\u0026nbsp;\u0026nbsp;\u0026nbsp;\u0026nbsp;\u0026nbsp;\u0026nbsp;\u0026nbsp;\u0026nbsp;\u0026nbsp;\u0026nbsp;\u0026nbsp;\u0026nbsp; Gabinete do Prefeito Municipal de Itabaiana\/SE, em 26 de Junho de 2013.\u003C\/span\u003E\u003C\/p\u003E\r\n\u003Cp class=\u0022MsoNormal\u0022\u003E\u003Cspan\u003E\u0026nbsp;\u003C\/span\u003E\u003C\/p\u003E\r\n\u003Cp class=\u0022MsoNormal\u0022\u003E\u003Cspan\u003E\u0026nbsp;\u003C\/span\u003E\u003C\/p\u003E\r\n\u003Cp class=\u0022MsoNormal\u0022\u003E\u003Cspan\u003E\u0026nbsp;\u0026nbsp;\u0026nbsp;\u0026nbsp;\u0026nbsp;\u0026nbsp;\u0026nbsp;\u0026nbsp;\u0026nbsp;\u0026nbsp;\u0026nbsp;\u0026nbsp;\u0026nbsp;\u0026nbsp;\u0026nbsp;\u0026nbsp;\u0026nbsp;\u0026nbsp;\u0026nbsp;\u0026nbsp;\u0026nbsp;\u0026nbsp;\u0026nbsp;\u0026nbsp;\u0026nbsp;\u0026nbsp;\u0026nbsp;\u0026nbsp;\u0026nbsp;\u0026nbsp;\u0026nbsp;\u0026nbsp;\u0026nbsp;\u0026nbsp; \u003C\/span\u003E\u003C\/p\u003E\r\n\u003Cp class=\u0022MsoNormal\u0022 align=\u0022center\u0022\u003E\u003Cstrong\u003E\u003Cspan\u003EVALMIR DOS SANTOS COSTA\u003C\/span\u003E\u003C\/strong\u003E\u003C\/p\u003E\r\n\u003Cp class=\u0022MsoNormal\u0022 align=\u0022center\u0022\u003E\u003Cspan\u003EPrefeito\u003C\/span\u003E\u003C\/p\u003E\r\n\u003Cp class=\u0022MsoNormal\u0022 align=\u0022center\u0022\u003E\u003Cspan\u003E\u0026nbsp;\u003C\/span\u003E\u003C\/p\u003E\r\n\u003Cp class=\u0022MsoNormal\u0022\u003E\u003Cspan\u003E\u0026nbsp;\u003C\/span\u003E\u003C\/p\u003E\r\n\u003Cp class=\u0022MsoNormal\u0022 align=\u0022center\u0022\u003E\u003Cstrong\u003E\u003Cspan\u003ELUCAS CARDINALI PACHECO\u003C\/span\u003E\u003C\/strong\u003E\u003C\/p\u003E\r\n\u003Cp\u003E\u0026nbsp;\u003C\/p\u003E\r\n\u003Cp class=\u0022MsoNormal\u0022 align=\u0022center\u0022\u003E\u003Cspan\u003EAdvogado Geral\u003C\/span\u003E\u003C\/p\u003E","criado":"2013-06-26 00:00:00","alterado":"2013-06-26 00:00:00"},{"id":1784,"titulo":"Disp\u00f5e sobre nome de Avenida do nosso Munic\u00edpio e d\u00e1 outras provid\u00eancias.","numero":"1614","categoria_id":1,"aprovada":"2013-06-26 00:00:00","slug":"disp-e-sobre-nome-de-avenida-do-nosso-munic-pio-e-d-outras-provid-ncias","descricao":"\u003Cp class=\u0022MsoNormal\u0022\u003E\u003Cspan\u003E\u0026nbsp;\u003C\/span\u003E\u003C\/p\u003E\r\n\u003Cp class=\u0022MsoNormal\u0022\u003E\u003Cspan\u003E\u0026nbsp;\u0026nbsp;\u0026nbsp;\u0026nbsp;\u0026nbsp;\u0026nbsp;\u0026nbsp;\u0026nbsp;\u0026nbsp;\u0026nbsp;\u0026nbsp;\u0026nbsp;\u0026nbsp;\u0026nbsp;\u0026nbsp;\u0026nbsp;\u0026nbsp;\u0026nbsp;\u0026nbsp;\u0026nbsp;\u0026nbsp;\u0026nbsp;\u0026nbsp; \u003Cstrong\u003EO PREFEITO MUNICIPAL DE ITABAIANA, ESTADO DE SERGIPE, \u003C\/strong\u003Eno uso de suas atribui\u0026ccedil;\u0026otilde;es legais;\u003Cstrong\u003E\u003C\/strong\u003E\u003C\/span\u003E\u003C\/p\u003E\r\n\u003Cp class=\u0022MsoNormal\u0022\u003E\u003Cspan\u003E\u0026nbsp;\u003C\/span\u003E\u003C\/p\u003E\r\n\u003Cp class=\u0022MsoNormal\u0022\u003E\u003Cspan\u003E\u0026nbsp;\u0026nbsp;\u0026nbsp;\u0026nbsp;\u0026nbsp;\u0026nbsp;\u0026nbsp;\u0026nbsp;\u0026nbsp;\u0026nbsp;\u0026nbsp;\u0026nbsp;\u0026nbsp;\u0026nbsp;\u0026nbsp;\u0026nbsp;\u0026nbsp;\u0026nbsp;\u0026nbsp;\u0026nbsp;\u0026nbsp;\u0026nbsp;\u0026nbsp; Fa\u0026ccedil;o saber que a C\u0026acirc;mara Municipal aprovou e eu sanciono e promulgo a seguinte LEI:\u003C\/span\u003E\u003C\/p\u003E\r\n\u003Cp class=\u0022MsoNormal\u0022\u003E\u003Cspan\u003E\u0026nbsp;\u003C\/span\u003E\u003C\/p\u003E\r\n\u003Cp class=\u0022MsoNormal\u0022\u003E\u003Cspan\u003E\u0026nbsp;\u0026nbsp;\u0026nbsp;\u0026nbsp;\u0026nbsp;\u0026nbsp;\u0026nbsp;\u0026nbsp;\u0026nbsp;\u0026nbsp;\u0026nbsp;\u0026nbsp;\u0026nbsp;\u0026nbsp;\u0026nbsp;\u0026nbsp;\u0026nbsp;\u0026nbsp;\u0026nbsp;\u0026nbsp;\u0026nbsp;\u0026nbsp;\u0026nbsp; Art. 1\u0026ordm; - A avenida Projetada localizada no Loteamento Luiz Gonzaga no Bairro Jos\u0026eacute; Milton Machado, iniciando na Pra\u0026ccedil;a Luiz Gonzaga entre as Pra\u0026ccedil;as A e G e finalizando na Pra\u0026ccedil;a Gonzaguinha, passar\u0026aacute; a denominar-se de \u003Cstrong\u003EAv. Jo\u0026atilde;o Rodrigues da Silva.\u003C\/strong\u003E\u003C\/span\u003E\u003C\/p\u003E\r\n\u003Cp class=\u0022MsoNormal\u0022\u003E\u003Cspan\u003E\u0026nbsp;\u003C\/span\u003E\u003C\/p\u003E\r\n\u003Cp class=\u0022MsoNormal\u0022\u003E\u003Cspan\u003E\u0026nbsp;\u0026nbsp;\u0026nbsp;\u0026nbsp;\u0026nbsp;\u0026nbsp;\u0026nbsp;\u0026nbsp;\u0026nbsp;\u0026nbsp;\u0026nbsp;\u0026nbsp;\u0026nbsp;\u0026nbsp;\u0026nbsp;\u0026nbsp;\u0026nbsp;\u0026nbsp;\u0026nbsp;\u0026nbsp;\u0026nbsp;\u0026nbsp;\u0026nbsp; Art. 2\u0026ordm; - Esta Lei entrar\u0026aacute; em vigor na data de sua publica\u0026ccedil;\u0026atilde;o.\u003C\/span\u003E\u003C\/p\u003E\r\n\u003Cp class=\u0022MsoNormal\u0022\u003E\u003Cspan\u003E\u0026nbsp;\u003C\/span\u003E\u003C\/p\u003E\r\n\u003Cp class=\u0022MsoNormal\u0022\u003E\u003Cspan\u003E\u0026nbsp;\u0026nbsp;\u0026nbsp;\u0026nbsp;\u0026nbsp;\u0026nbsp;\u0026nbsp;\u0026nbsp;\u0026nbsp;\u0026nbsp;\u0026nbsp;\u0026nbsp;\u0026nbsp;\u0026nbsp;\u0026nbsp;\u0026nbsp;\u0026nbsp;\u0026nbsp;\u0026nbsp;\u0026nbsp;\u0026nbsp;\u0026nbsp;\u0026nbsp; Art. 3\u0026ordm; - Ficam revogadas as disposi\u0026ccedil;\u0026otilde;es em contr\u0026aacute;rio.\u003C\/span\u003E\u003C\/p\u003E\r\n\u003Cp class=\u0022MsoNormal\u0022\u003E\u003Cspan\u003E\u0026nbsp;\u003C\/span\u003E\u003C\/p\u003E\r\n\u003Cp class=\u0022MsoNormal\u0022\u003E\u003Cspan\u003E\u0026nbsp;\u0026nbsp;\u0026nbsp;\u0026nbsp;\u0026nbsp;\u0026nbsp;\u0026nbsp;\u0026nbsp;\u0026nbsp;\u0026nbsp;\u0026nbsp;\u0026nbsp;\u0026nbsp;\u0026nbsp;\u0026nbsp;\u0026nbsp;\u0026nbsp;\u0026nbsp;\u0026nbsp;\u0026nbsp;\u0026nbsp;\u0026nbsp;\u0026nbsp; Gabinete do Prefeito Municipal de Itabaiana\/SE, em 26 de Junho de 2013.\u003C\/span\u003E\u003C\/p\u003E\r\n\u003Cp class=\u0022MsoNormal\u0022\u003E\u003Cspan\u003E\u0026nbsp;\u003C\/span\u003E\u003C\/p\u003E\r\n\u003Cp class=\u0022MsoNormal\u0022\u003E\u003Cspan\u003E\u0026nbsp;\u003C\/span\u003E\u003C\/p\u003E\r\n\u003Cp class=\u0022MsoNormal\u0022\u003E\u003Cspan\u003E\u0026nbsp;\u0026nbsp;\u0026nbsp;\u0026nbsp;\u0026nbsp;\u0026nbsp;\u0026nbsp;\u0026nbsp;\u0026nbsp;\u0026nbsp;\u0026nbsp;\u0026nbsp;\u0026nbsp;\u0026nbsp;\u0026nbsp;\u0026nbsp;\u0026nbsp;\u0026nbsp;\u0026nbsp;\u0026nbsp;\u0026nbsp;\u0026nbsp;\u0026nbsp;\u0026nbsp;\u0026nbsp;\u0026nbsp;\u0026nbsp;\u0026nbsp;\u0026nbsp;\u0026nbsp;\u0026nbsp;\u0026nbsp;\u0026nbsp;\u0026nbsp; \u003C\/span\u003E\u003C\/p\u003E\r\n\u003Cp class=\u0022MsoNormal\u0022 align=\u0022center\u0022\u003E\u003Cstrong\u003E\u003Cspan\u003EVALMIR DOS SANTOS COSTA\u003C\/span\u003E\u003C\/strong\u003E\u003C\/p\u003E\r\n\u003Cp class=\u0022MsoNormal\u0022 align=\u0022center\u0022\u003E\u003Cspan\u003EPrefeito\u003C\/span\u003E\u003C\/p\u003E\r\n\u003Cp class=\u0022MsoNormal\u0022 align=\u0022center\u0022\u003E\u003Cspan\u003E\u0026nbsp;\u003C\/span\u003E\u003C\/p\u003E\r\n\u003Cp class=\u0022MsoNormal\u0022\u003E\u003Cspan\u003E\u0026nbsp;\u003C\/span\u003E\u003C\/p\u003E\r\n\u003Cp class=\u0022MsoNormal\u0022 align=\u0022center\u0022\u003E\u003Cstrong\u003E\u003Cspan\u003ELUCAS CARDINALI PACHECO\u003C\/span\u003E\u003C\/strong\u003E\u003C\/p\u003E\r\n\u003Cp\u003E\u0026nbsp;\u003C\/p\u003E\r\n\u003Cp class=\u0022MsoNormal\u0022 align=\u0022center\u0022\u003E\u003Cspan\u003EAdvogado Geral\u003C\/span\u003E\u003C\/p\u003E","criado":"2013-06-26 00:00:00","alterado":"2013-06-26 00:00:00"},{"id":1783,"titulo":"Disp\u00f5e sobre nome de rua de nosso Munic\u00edpio e d\u00e1 outras provid\u00eancias.","numero":"1613","categoria_id":1,"aprovada":"2013-06-26 00:00:00","slug":"disp-e-sobre-nome-de-rua-de-nosso-munic-pio-e-d-outras-provid-ncias","descricao":"\u003Cp class=\u0022MsoNormal\u0022\u003E\u003Cstrong\u003E\u003Cspan\u003EO PREFEITO MUNICIPAL DE ITABAIANA, ESTADO DE SERGIPE, \u003C\/span\u003E\u003C\/strong\u003E\u003Cspan\u003Eno uso de suas atribui\u0026ccedil;\u0026otilde;es legais;\u003Cstrong\u003E\u003C\/strong\u003E\u003C\/span\u003E\u003C\/p\u003E\r\n\u003Cp class=\u0022MsoNormal\u0022\u003E\u003Cspan\u003E\u0026nbsp;\u003C\/span\u003E\u003C\/p\u003E\r\n\u003Cp class=\u0022MsoNormal\u0022\u003E\u003Cspan\u003E\u0026nbsp;\u0026nbsp;\u0026nbsp;\u0026nbsp;\u0026nbsp;\u0026nbsp;\u0026nbsp;\u0026nbsp;\u0026nbsp;\u0026nbsp;\u0026nbsp;\u0026nbsp;\u0026nbsp;\u0026nbsp;\u0026nbsp;\u0026nbsp;\u0026nbsp;\u0026nbsp;\u0026nbsp;\u0026nbsp;\u0026nbsp;\u0026nbsp;\u0026nbsp; Fa\u0026ccedil;o saber que a C\u0026acirc;mara Municipal aprovou e eu sanciono e promulgo a seguinte LEI:\u003C\/span\u003E\u003C\/p\u003E\r\n\u003Cp class=\u0022MsoNormal\u0022\u003E\u003Cspan\u003E\u0026nbsp;\u003C\/span\u003E\u003C\/p\u003E\r\n\u003Cp class=\u0022MsoNormal\u0022\u003E\u003Cspan\u003E\u0026nbsp;\u0026nbsp;\u0026nbsp;\u0026nbsp;\u0026nbsp;\u0026nbsp;\u0026nbsp;\u0026nbsp;\u0026nbsp;\u0026nbsp;\u0026nbsp;\u0026nbsp;\u0026nbsp;\u0026nbsp;\u0026nbsp;\u0026nbsp;\u0026nbsp;\u0026nbsp;\u0026nbsp;\u0026nbsp;\u0026nbsp;\u0026nbsp;\u0026nbsp; Art. 1\u0026ordm; - A Rua Projetada localizada no Loteamento Luiz Gonzaga no Bairro Jos\u0026eacute; Milton Machado, iniciando na Avenida Asa Branca e finalizando nas proximidades da Pra\u0026ccedil;a Humberto Teixeira na quadra F, passar\u0026aacute; a denominar-se de Rua Toca Pai.\u003C\/span\u003E\u003C\/p\u003E\r\n\u003Cp class=\u0022MsoNormal\u0022\u003E\u003Cspan\u003E\u0026nbsp;\u003C\/span\u003E\u003C\/p\u003E\r\n\u003Cp class=\u0022MsoNormal\u0022\u003E\u003Cspan\u003E\u0026nbsp;\u0026nbsp;\u0026nbsp;\u0026nbsp;\u0026nbsp;\u0026nbsp;\u0026nbsp;\u0026nbsp;\u0026nbsp;\u0026nbsp;\u0026nbsp;\u0026nbsp;\u0026nbsp;\u0026nbsp;\u0026nbsp;\u0026nbsp;\u0026nbsp;\u0026nbsp;\u0026nbsp;\u0026nbsp;\u0026nbsp;\u0026nbsp;\u0026nbsp; Art. 2\u0026ordm; - Esta Lei entrar\u0026aacute; em vigor na data de sua publica\u0026ccedil;\u0026atilde;o.\u003C\/span\u003E\u003C\/p\u003E\r\n\u003Cp class=\u0022MsoNormal\u0022\u003E\u003Cspan\u003E\u0026nbsp;\u003C\/span\u003E\u003C\/p\u003E\r\n\u003Cp class=\u0022MsoNormal\u0022\u003E\u003Cspan\u003E\u0026nbsp;\u0026nbsp;\u0026nbsp;\u0026nbsp;\u0026nbsp;\u0026nbsp;\u0026nbsp;\u0026nbsp;\u0026nbsp;\u0026nbsp;\u0026nbsp;\u0026nbsp;\u0026nbsp;\u0026nbsp;\u0026nbsp;\u0026nbsp;\u0026nbsp;\u0026nbsp;\u0026nbsp;\u0026nbsp;\u0026nbsp;\u0026nbsp;\u0026nbsp; Art. 3\u0026ordm; - Ficam revogadas as disposi\u0026ccedil;\u0026otilde;es em contr\u0026aacute;rio.\u003C\/span\u003E\u003C\/p\u003E\r\n\u003Cp class=\u0022MsoNormal\u0022\u003E\u003Cspan\u003E\u0026nbsp;\u003C\/span\u003E\u003C\/p\u003E\r\n\u003Cp class=\u0022MsoNormal\u0022\u003E\u003Cspan\u003E\u0026nbsp;\u0026nbsp;\u0026nbsp;\u0026nbsp;\u0026nbsp;\u0026nbsp;\u0026nbsp;\u0026nbsp;\u0026nbsp;\u0026nbsp;\u0026nbsp;\u0026nbsp;\u0026nbsp;\u0026nbsp;\u0026nbsp;\u0026nbsp;\u0026nbsp;\u0026nbsp;\u0026nbsp;\u0026nbsp;\u0026nbsp;\u0026nbsp;\u0026nbsp; Gabinete do Prefeito Municipal de Itabaiana\/SE, em 26 de Junho de 2013.\u003C\/span\u003E\u003C\/p\u003E\r\n\u003Cp class=\u0022MsoNormal\u0022\u003E\u003Cspan\u003E\u0026nbsp;\u003C\/span\u003E\u003C\/p\u003E\r\n\u003Cp class=\u0022MsoNormal\u0022\u003E\u003Cspan\u003E\u0026nbsp;\u003C\/span\u003E\u003C\/p\u003E\r\n\u003Cp class=\u0022MsoNormal\u0022\u003E\u003Cspan\u003E\u0026nbsp;\u0026nbsp;\u0026nbsp;\u0026nbsp;\u0026nbsp;\u0026nbsp;\u0026nbsp;\u0026nbsp;\u0026nbsp;\u0026nbsp;\u0026nbsp;\u0026nbsp;\u0026nbsp;\u0026nbsp;\u0026nbsp;\u0026nbsp;\u0026nbsp;\u0026nbsp;\u0026nbsp;\u0026nbsp;\u0026nbsp;\u0026nbsp;\u0026nbsp;\u0026nbsp;\u0026nbsp;\u0026nbsp;\u0026nbsp;\u0026nbsp;\u0026nbsp;\u0026nbsp;\u0026nbsp;\u0026nbsp;\u0026nbsp;\u0026nbsp; \u003C\/span\u003E\u003C\/p\u003E\r\n\u003Cp class=\u0022MsoNormal\u0022 align=\u0022center\u0022\u003E\u003Cstrong\u003E\u003Cspan\u003EVALMIR DOS SANTOS COSTA\u003C\/span\u003E\u003C\/strong\u003E\u003C\/p\u003E\r\n\u003Cp class=\u0022MsoNormal\u0022 align=\u0022center\u0022\u003E\u003Cspan\u003EPrefeito\u003C\/span\u003E\u003C\/p\u003E\r\n\u003Cp class=\u0022MsoNormal\u0022 align=\u0022center\u0022\u003E\u003Cspan\u003E\u0026nbsp;\u003C\/span\u003E\u003C\/p\u003E\r\n\u003Cp class=\u0022MsoNormal\u0022\u003E\u003Cspan\u003E\u0026nbsp;\u003C\/span\u003E\u003C\/p\u003E\r\n\u003Cp class=\u0022MsoNormal\u0022 align=\u0022center\u0022\u003E\u003Cstrong\u003E\u003Cspan\u003ELUCAS CARDINALI PACHECO\u003C\/span\u003E\u003C\/strong\u003E\u003C\/p\u003E\r\n\u003Cp\u003E\u0026nbsp;\u003C\/p\u003E\r\n\u003Cp class=\u0022MsoNormal\u0022 align=\u0022center\u0022\u003E\u003Cspan\u003EAdvogado Geral\u003C\/span\u003E\u003C\/p\u003E","criado":"2013-06-26 00:00:00","alterado":"2013-06-26 00:00:00"},{"id":1782,"titulo":"Disp\u00f5e sobre nome de rua de nosso Munic\u00edpio e d\u00e1 outras provid\u00eancias.","numero":"1612","categoria_id":1,"aprovada":"2013-06-26 00:00:00","slug":"disp-e-sobre-nome-de-rua-de-nosso-munic-pio-e-d-outras-provid-ncias","descricao":"\u003Cp class=\u0022MsoNormal\u0022\u003E\u003Cstrong\u003E\u003Cspan\u003EO PREFEITO MUNICIPAL DE ITABAIANA, ESTADO DE SERGIPE, \u003C\/span\u003E\u003C\/strong\u003E\u003Cspan\u003Eno uso de suas atribui\u0026ccedil;\u0026otilde;es legais;\u003Cstrong\u003E\u003C\/strong\u003E\u003C\/span\u003E\u003C\/p\u003E\r\n\u003Cp class=\u0022MsoNormal\u0022\u003E\u003Cspan\u003E\u0026nbsp;\u003C\/span\u003E\u003C\/p\u003E\r\n\u003Cp class=\u0022MsoNormal\u0022\u003E\u003Cspan\u003E\u0026nbsp;\u0026nbsp;\u0026nbsp;\u0026nbsp;\u0026nbsp;\u0026nbsp;\u0026nbsp;\u0026nbsp;\u0026nbsp;\u0026nbsp;\u0026nbsp;\u0026nbsp;\u0026nbsp;\u0026nbsp;\u0026nbsp;\u0026nbsp;\u0026nbsp;\u0026nbsp;\u0026nbsp;\u0026nbsp;\u0026nbsp;\u0026nbsp;\u0026nbsp; Fa\u0026ccedil;o saber que a C\u0026acirc;mara Municipal aprovou e eu sanciono e promulgo a seguinte LEI:\u003C\/span\u003E\u003C\/p\u003E\r\n\u003Cp class=\u0022MsoNormal\u0022\u003E\u003Cspan\u003E\u0026nbsp;\u003C\/span\u003E\u003C\/p\u003E\r\n\u003Cp class=\u0022MsoNormal\u0022\u003E\u003Cspan\u003E\u0026nbsp;\u0026nbsp;\u0026nbsp;\u0026nbsp;\u0026nbsp;\u0026nbsp;\u0026nbsp;\u0026nbsp;\u0026nbsp;\u0026nbsp;\u0026nbsp;\u0026nbsp;\u0026nbsp;\u0026nbsp;\u0026nbsp;\u0026nbsp;\u0026nbsp;\u0026nbsp;\u0026nbsp;\u0026nbsp;\u0026nbsp;\u0026nbsp;\u0026nbsp; Art. 1\u0026ordm; - A Rua Projetada localizada no Loteamento Luiz Gonzaga no Bairro Jos\u0026eacute; Milton Machado, iniciando na Avenida Asa Branca e finalizando na Rua A volta da Asa Branca entre as quadras E e F, passar\u0026aacute; a denominar-se de Rua Xote das Meninas.\u003C\/span\u003E\u003C\/p\u003E\r\n\u003Cp class=\u0022MsoNormal\u0022\u003E\u003Cspan\u003E\u0026nbsp;\u003C\/span\u003E\u003C\/p\u003E\r\n\u003Cp class=\u0022MsoNormal\u0022\u003E\u003Cspan\u003E\u0026nbsp;\u0026nbsp;\u0026nbsp;\u0026nbsp;\u0026nbsp;\u0026nbsp;\u0026nbsp;\u0026nbsp;\u0026nbsp;\u0026nbsp;\u0026nbsp;\u0026nbsp;\u0026nbsp;\u0026nbsp;\u0026nbsp;\u0026nbsp;\u0026nbsp;\u0026nbsp;\u0026nbsp;\u0026nbsp;\u0026nbsp;\u0026nbsp;\u0026nbsp; Art. 2\u0026ordm; - Esta Lei entrar\u0026aacute; em vigor na data de sua publica\u0026ccedil;\u0026atilde;o.\u003C\/span\u003E\u003C\/p\u003E\r\n\u003Cp class=\u0022MsoNormal\u0022\u003E\u003Cspan\u003E\u0026nbsp;\u003C\/span\u003E\u003C\/p\u003E\r\n\u003Cp class=\u0022MsoNormal\u0022\u003E\u003Cspan\u003E\u0026nbsp;\u0026nbsp;\u0026nbsp;\u0026nbsp;\u0026nbsp;\u0026nbsp;\u0026nbsp;\u0026nbsp;\u0026nbsp;\u0026nbsp;\u0026nbsp;\u0026nbsp;\u0026nbsp;\u0026nbsp;\u0026nbsp;\u0026nbsp;\u0026nbsp;\u0026nbsp;\u0026nbsp;\u0026nbsp;\u0026nbsp;\u0026nbsp;\u0026nbsp; Art. 3\u0026ordm; - Ficam revogadas as disposi\u0026ccedil;\u0026otilde;es em contr\u0026aacute;rio.\u003C\/span\u003E\u003C\/p\u003E\r\n\u003Cp class=\u0022MsoNormal\u0022\u003E\u003Cspan\u003E\u0026nbsp;\u003C\/span\u003E\u003C\/p\u003E\r\n\u003Cp class=\u0022MsoNormal\u0022\u003E\u003Cspan\u003E\u0026nbsp;\u0026nbsp;\u0026nbsp;\u0026nbsp;\u0026nbsp;\u0026nbsp;\u0026nbsp;\u0026nbsp;\u0026nbsp;\u0026nbsp;\u0026nbsp;\u0026nbsp;\u0026nbsp;\u0026nbsp;\u0026nbsp;\u0026nbsp;\u0026nbsp;\u0026nbsp;\u0026nbsp;\u0026nbsp;\u0026nbsp;\u0026nbsp;\u0026nbsp; Gabinete do Prefeito Municipal de Itabaiana\/SE, em 26 de Junho de 2013.\u003C\/span\u003E\u003C\/p\u003E\r\n\u003Cp class=\u0022MsoNormal\u0022\u003E\u003Cspan\u003E\u0026nbsp;\u003C\/span\u003E\u003C\/p\u003E\r\n\u003Cp class=\u0022MsoNormal\u0022\u003E\u003Cspan\u003E\u0026nbsp;\u003C\/span\u003E\u003C\/p\u003E\r\n\u003Cp class=\u0022MsoNormal\u0022\u003E\u003Cspan\u003E\u0026nbsp;\u0026nbsp;\u0026nbsp;\u0026nbsp;\u0026nbsp;\u0026nbsp;\u0026nbsp;\u0026nbsp;\u0026nbsp;\u0026nbsp;\u0026nbsp;\u0026nbsp;\u0026nbsp;\u0026nbsp;\u0026nbsp;\u0026nbsp;\u0026nbsp;\u0026nbsp;\u0026nbsp;\u0026nbsp;\u0026nbsp;\u0026nbsp;\u0026nbsp;\u0026nbsp;\u0026nbsp;\u0026nbsp;\u0026nbsp;\u0026nbsp;\u0026nbsp;\u0026nbsp;\u0026nbsp;\u0026nbsp;\u0026nbsp;\u0026nbsp; \u003C\/span\u003E\u003C\/p\u003E\r\n\u003Cp class=\u0022MsoNormal\u0022 align=\u0022center\u0022\u003E\u003Cstrong\u003E\u003Cspan\u003EVALMIR DOS SANTOS COSTA\u003C\/span\u003E\u003C\/strong\u003E\u003C\/p\u003E\r\n\u003Cp class=\u0022MsoNormal\u0022 align=\u0022center\u0022\u003E\u003Cspan\u003EPrefeito\u003C\/span\u003E\u003C\/p\u003E\r\n\u003Cp class=\u0022MsoNormal\u0022 align=\u0022center\u0022\u003E\u003Cspan\u003E\u0026nbsp;\u003C\/span\u003E\u003C\/p\u003E\r\n\u003Cp class=\u0022MsoNormal\u0022\u003E\u003Cspan\u003E\u0026nbsp;\u003C\/span\u003E\u003C\/p\u003E\r\n\u003Cp class=\u0022MsoNormal\u0022 align=\u0022center\u0022\u003E\u003Cstrong\u003E\u003Cspan\u003ELUCAS CARDINALI PACHECO\u003C\/span\u003E\u003C\/strong\u003E\u003C\/p\u003E\r\n\u003Cp\u003E\u0026nbsp;\u003C\/p\u003E\r\n\u003Cp class=\u0022MsoNormal\u0022 align=\u0022center\u0022\u003E\u003Cspan\u003EAdvogado Geral\u003C\/span\u003E\u003C\/p\u003E","criado":"2013-06-26 00:00:00","alterado":"2013-06-26 00:00:00"}],"ano":null,"busca":null}