{"categorias":[{"id":2,"nome":"Decreto","slug":"decreto","criado":"2021-09-21 15:19:15","alterado":"2026-04-22 13:08:01"},{"id":1,"nome":"Lei","slug":"lei","criado":"2021-09-21 15:19:15","alterado":"2026-04-22 13:08:09"},{"id":10,"nome":"Portaria","slug":"portaria","criado":"2024-05-14 12:10:49","alterado":"2026-04-22 13:07:36"},{"id":7,"nome":"Projeto de Decreto","slug":"projeto-de-decreto","criado":"2023-03-21 08:45:22","alterado":"2024-08-16 11:08:15"},{"id":6,"nome":"Projeto de Lei","slug":"projeto-de-lei","criado":"2023-03-17 14:46:15","alterado":"2024-08-16 11:08:58"},{"id":5,"nome":"Resolu\u00e7\u00e3o","slug":"resolucao","criado":"2021-09-21 15:19:15","alterado":"2026-04-22 13:07:52"}],"categoria":null,"paginacao":{"atual":211,"proxima":212,"anterior":210,"total_registros":4101,"total_paginas":274},"itens":[{"id":955,"titulo":"Eleva vencimentos em geral de todos os Servidores P\u00fablicos Municipais.","numero":"210","categoria_id":1,"aprovada":"1961-02-28 00:00:00","slug":"eleva-vencimentos-em-geral-de-todos-os-servidores-p-blicos-municipais","descricao":"\u003Cp class=\u0022t1\u0022\u003ELei n\u0026ordm; 210\u003C\/p\u003E\r\n\u003Cp class=\u0022t1\u0022\u003EDe 28 de fevereiro de 1961.\u003C\/p\u003E\r\n\u003Cp\u003E\u0026nbsp;\u003C\/p\u003E\r\n\u003Cp class=\u0022assunto\u0022\u003EEleva vencimentos em geral de todos os Servidores P\u0026uacute;blicos Municipais.\u003C\/p\u003E\r\n\u003Cp\u003E\u0026nbsp;\u003C\/p\u003E\r\n\u003Cp\u003EFa\u0026ccedil;o saber que a C\u0026acirc;mara de Vereadores deste Munic\u0026iacute;pio de Itabaiana, do Estado de Sergipe, decretou eu, sanciono a presente Lei:\u003C\/p\u003E\r\n\u003Cp\u003EArt.1\u0026ordm; - Eleva vencimentos dos Funcion\u0026aacute;rios e sal\u0026aacute;rios extranumer\u0026aacute;rios, mensalistas e contratados do Munic\u0026iacute;pio que passar\u0026atilde;o a receberem seus ordenados, de acordo com a tabela \u0026Uacute;nica de padroniza\u0026ccedil;\u0026atilde;o apensa e aprovada por esta Lei.\u0026nbsp;\u003C\/p\u003E\r\n\u003Cp\u003E\u0026sect; \u0026Uacute;nico - Ficam aumentados com mais quinhentos cruzeiros (cr$500,00), mensais. Ao que exercem fun\u0026ccedil;\u0026otilde;es gratificadas, e os funcion\u0026aacute;rios inativos.\u003C\/p\u003E\r\n\u003Cp\u003EArt. 2\u0026ordm; - Os cargos e fun\u0026ccedil;\u0026otilde;es respectivas desta prefeitura ficam atualizadas de acordo com a ordem alfab\u0026eacute;tica da tabela Padroniza\u0026ccedil;\u0026atilde;o anexa: Secret\u0026aacute;rio, Tesoureiro, Auxiliar de Engenheiro, Escritur\u0026aacute;rio, Inspetor de Escolar, M\u0026eacute;dico, Dentista, Fiscal de Renda, Mec\u0026acirc;nico, Tratorista, Chofer e Mestre de obras d\u0027arte, ficam inclu\u0026iacute;dos na letra Q a X; Auxiliar de Escritur\u0026aacute;rio, Eletricista, Fiscais, Inspetor de Merenda Escolar, Ajudante de Tratorista, Ajudante de Mec\u0026acirc;nico e Servente de Talho de Carne, ficam inclu\u0026iacute;dos nas letras H a P; professores prim\u0026aacute;rios e de corte e costura, Enfermeiro, Porteiro, Administrador, Zelador, Servente e Guardas Noturnos, ficam inclu\u0026iacute;dos nas letras A a G.\u003C\/p\u003E\r\n\u003Cp\u003EArt. 3\u0026ordm; - Ficam revogadas as Leis n\u0026ordm; 157, de 06 de julho de 1955 e 163, de 31 de outubro de 1957.\u003C\/p\u003E\r\n\u003Cp\u003EArt. 4\u0026ordm; A presente Lei entrar\u0026aacute; em vigor, na data de sua publica\u0026ccedil;\u0026atilde;o.\u003C\/p\u003E\r\n\u003Cp\u003EGabinete do prefeito Municipal de Itabaiana em 28 de fevereiro de 1961.\u003C\/p\u003E\r\n\u003Cp\u003E\u0026nbsp;\u003C\/p\u003E\r\n\u003Cp\u003EEuclides Paes Mendon\u0026ccedil;a\u0026nbsp;\u003C\/p\u003E\r\n\u003Cp\u003EPrefeito Municipal\u003C\/p\u003E\r\n\u003Cp\u003EEl\u0026iacute;zio Ara\u0026uacute;jo\u003C\/p\u003E\r\n\u003Cp\u003ESecret\u0026aacute;rio\u003C\/p\u003E\r\n\u003Cp\u003E\u0026nbsp;\u003C\/p\u003E\r\n\u003Cp\u003EANEXO\u003C\/p\u003E\r\n\u003Cp\u003ETABELA\u003C\/p\u003E\r\n\u003Cp\u003EA que se refere o art. 2\u0026ordm; da Lei n\u0026ordm; 210 de 28 de fevereiro de 1961. (padr\u0026otilde;es alfab\u0026eacute;ticos de Vencimentos)\u003C\/p\u003E\r\n\u003Cdiv\u003E\r\n\u003Ctable style=\u0022width: 350px;\u0022 border=\u00220\u0022 cellspacing=\u00220\u0022\u003E\r\n\u003Ctbody\u003E\r\n\u003Ctr\u003E\r\n\u003Ctd align=\u0022center\u0022\u003E\u003Cspan style=\u0022font-family: Arial; font-size: x-small;\u0022\u003EPadr\u0026atilde;o\u003C\/span\u003E\u003C\/td\u003E\r\n\u003Ctd align=\u0022right\u0022\u003E\u003Cspan style=\u0022font-family: Arial; font-size: x-small;\u0022\u003EVencimentos Cr$\u003C\/span\u003E\u003C\/td\u003E\r\n\u003Ctd align=\u0022right\u0022\u003E\u003Cspan style=\u0022font-family: Arial; font-size: x-small;\u0022\u003EVencimentos Anual Cr$ \u003C\/span\u003E\u003C\/td\u003E\r\n\u003C\/tr\u003E\r\n\u003Ctr\u003E\r\n\u003Ctd align=\u0022center\u0022\u003E\u003Cspan style=\u0022font-family: Arial; font-size: x-small;\u0022\u003EA\u003C\/span\u003E\u003C\/td\u003E\r\n\u003Ctd align=\u0022right\u0022\u003E\u003Cspan style=\u0022font-family: Arial; font-size: x-small;\u0022\u003E1.600,00\u003C\/span\u003E\u003C\/td\u003E\r\n\u003Ctd align=\u0022right\u0022\u003E\u003Cspan style=\u0022font-family: Arial; font-size: x-small;\u0022\u003E19.200,00 \u003C\/span\u003E\u003C\/td\u003E\r\n\u003C\/tr\u003E\r\n\u003Ctr\u003E\r\n\u003Ctd align=\u0022center\u0022\u003E\u003Cspan style=\u0022font-family: Arial; font-size: x-small;\u0022\u003EB\u003C\/span\u003E\u003C\/td\u003E\r\n\u003Ctd align=\u0022right\u0022\u003E\u003Cspan style=\u0022font-family: Arial; font-size: x-small;\u0022\u003E1.800,00\u003C\/span\u003E\u003C\/td\u003E\r\n\u003Ctd align=\u0022right\u0022\u003E\u003Cspan style=\u0022font-family: Arial; font-size: x-small;\u0022\u003E21.600,00 \u003C\/span\u003E\u003C\/td\u003E\r\n\u003C\/tr\u003E\r\n\u003Ctr\u003E\r\n\u003Ctd align=\u0022center\u0022\u003E\u003Cspan style=\u0022font-family: Arial; font-size: x-small;\u0022\u003EC\u003C\/span\u003E\u003C\/td\u003E\r\n\u003Ctd align=\u0022right\u0022\u003E\u003Cspan style=\u0022font-family: Arial; font-size: x-small;\u0022\u003E2.000,00\u003C\/span\u003E\u003C\/td\u003E\r\n\u003Ctd align=\u0022right\u0022\u003E\u003Cspan style=\u0022font-family: Arial; font-size: x-small;\u0022\u003E24.000,00 \u003C\/span\u003E\u003C\/td\u003E\r\n\u003C\/tr\u003E\r\n\u003Ctr\u003E\r\n\u003Ctd align=\u0022center\u0022\u003E\u003Cspan style=\u0022font-family: Arial; font-size: x-small;\u0022\u003ED\u003C\/span\u003E\u003C\/td\u003E\r\n\u003Ctd align=\u0022right\u0022\u003E\u003Cspan style=\u0022font-family: Arial; font-size: x-small;\u0022\u003E2.200,00\u003C\/span\u003E\u003C\/td\u003E\r\n\u003Ctd align=\u0022right\u0022\u003E\u003Cspan style=\u0022font-family: Arial; font-size: x-small;\u0022\u003E26.400,00 \u003C\/span\u003E\u003C\/td\u003E\r\n\u003C\/tr\u003E\r\n\u003Ctr\u003E\r\n\u003Ctd align=\u0022center\u0022\u003E\u003Cspan style=\u0022font-family: Arial; font-size: x-small;\u0022\u003EE\u003C\/span\u003E\u003C\/td\u003E\r\n\u003Ctd align=\u0022right\u0022\u003E\u003Cspan style=\u0022font-family: Arial; font-size: x-small;\u0022\u003E2.400,00\u003C\/span\u003E\u003C\/td\u003E\r\n\u003Ctd align=\u0022right\u0022\u003E\u003Cspan style=\u0022font-family: Arial; font-size: x-small;\u0022\u003E28.800,00 \u003C\/span\u003E\u003C\/td\u003E\r\n\u003C\/tr\u003E\r\n\u003Ctr\u003E\r\n\u003Ctd align=\u0022center\u0022\u003E\u003Cspan style=\u0022font-family: Arial; font-size: x-small;\u0022\u003EF\u003C\/span\u003E\u003C\/td\u003E\r\n\u003Ctd align=\u0022right\u0022\u003E\u003Cspan style=\u0022font-family: Arial; font-size: x-small;\u0022\u003E2.600,00\u003C\/span\u003E\u003C\/td\u003E\r\n\u003Ctd align=\u0022right\u0022\u003E\u003Cspan style=\u0022font-family: Arial; font-size: x-small;\u0022\u003E31.200,00 \u003C\/span\u003E\u003C\/td\u003E\r\n\u003C\/tr\u003E\r\n\u003Ctr\u003E\r\n\u003Ctd align=\u0022center\u0022\u003E\u003Cspan style=\u0022font-family: Arial; font-size: x-small;\u0022\u003EG\u003C\/span\u003E\u003C\/td\u003E\r\n\u003Ctd align=\u0022right\u0022\u003E\u003Cspan style=\u0022font-family: Arial; font-size: x-small;\u0022\u003E2.800,00\u003C\/span\u003E\u003C\/td\u003E\r\n\u003Ctd align=\u0022right\u0022\u003E\u003Cspan style=\u0022font-family: Arial; font-size: x-small;\u0022\u003E33.600,00 \u003C\/span\u003E\u003C\/td\u003E\r\n\u003C\/tr\u003E\r\n\u003Ctr\u003E\r\n\u003Ctd align=\u0022center\u0022\u003E\u003Cspan style=\u0022font-family: Arial; font-size: x-small;\u0022\u003EH\u003C\/span\u003E\u003C\/td\u003E\r\n\u003Ctd align=\u0022right\u0022\u003E\u003Cspan style=\u0022font-family: Arial; font-size: x-small;\u0022\u003E3.000,00\u003C\/span\u003E\u003C\/td\u003E\r\n\u003Ctd align=\u0022right\u0022\u003E\u003Cspan style=\u0022font-family: Arial; font-size: x-small;\u0022\u003E36.000,00 \u003C\/span\u003E\u003C\/td\u003E\r\n\u003C\/tr\u003E\r\n\u003Ctr\u003E\r\n\u003Ctd align=\u0022center\u0022\u003E\u003Cspan style=\u0022font-family: Arial; font-size: x-small;\u0022\u003EI\u003C\/span\u003E\u003C\/td\u003E\r\n\u003Ctd align=\u0022right\u0022\u003E\u003Cspan style=\u0022font-family: Arial; font-size: x-small;\u0022\u003E3.200,00\u003C\/span\u003E\u003C\/td\u003E\r\n\u003Ctd align=\u0022right\u0022\u003E\u003Cspan style=\u0022font-family: Arial; font-size: x-small;\u0022\u003E38.400,00 \u003C\/span\u003E\u003C\/td\u003E\r\n\u003C\/tr\u003E\r\n\u003Ctr\u003E\r\n\u003Ctd align=\u0022center\u0022\u003E\u003Cspan style=\u0022font-family: Arial; font-size: x-small;\u0022\u003EJ\u003C\/span\u003E\u003C\/td\u003E\r\n\u003Ctd align=\u0022right\u0022\u003E\u003Cspan style=\u0022font-family: Arial; font-size: x-small;\u0022\u003E3.400,00\u003C\/span\u003E\u003C\/td\u003E\r\n\u003Ctd align=\u0022right\u0022\u003E\u003Cspan style=\u0022font-family: Arial; font-size: x-small;\u0022\u003E40.800,00 \u003C\/span\u003E\u003C\/td\u003E\r\n\u003C\/tr\u003E\r\n\u003Ctr\u003E\r\n\u003Ctd align=\u0022center\u0022\u003E\u003Cspan style=\u0022font-family: Arial; font-size: x-small;\u0022\u003EK\u003C\/span\u003E\u003C\/td\u003E\r\n\u003Ctd align=\u0022right\u0022\u003E\u003Cspan style=\u0022font-family: Arial; font-size: x-small;\u0022\u003E3.600,00\u003C\/span\u003E\u003C\/td\u003E\r\n\u003Ctd align=\u0022right\u0022\u003E\u003Cspan style=\u0022font-family: Arial; font-size: x-small;\u0022\u003E43.200,00 \u003C\/span\u003E\u003C\/td\u003E\r\n\u003C\/tr\u003E\r\n\u003Ctr\u003E\r\n\u003Ctd align=\u0022center\u0022\u003E\u003Cspan style=\u0022font-family: Arial; font-size: x-small;\u0022\u003EL\u003C\/span\u003E\u003C\/td\u003E\r\n\u003Ctd align=\u0022right\u0022\u003E\u003Cspan style=\u0022font-family: Arial; font-size: x-small;\u0022\u003E3.800,00\u003C\/span\u003E\u003C\/td\u003E\r\n\u003Ctd align=\u0022right\u0022\u003E\u003Cspan style=\u0022font-family: Arial; font-size: x-small;\u0022\u003E40000000 \u003C\/span\u003E\u003C\/td\u003E\r\n\u003C\/tr\u003E\r\n\u003Ctr\u003E\r\n\u003Ctd align=\u0022center\u0022\u003E\u003Cspan style=\u0022font-family: Arial; font-size: x-small;\u0022\u003EM\u003C\/span\u003E\u003C\/td\u003E\r\n\u003Ctd align=\u0022right\u0022\u003E\u003Cspan style=\u0022font-family: Arial; font-size: x-small;\u0022\u003E4.000,00\u003C\/span\u003E\u003C\/td\u003E\r\n\u003Ctd align=\u0022right\u0022\u003E\u003Cspan style=\u0022font-family: Arial; font-size: x-small;\u0022\u003E00000000 \u003C\/span\u003E\u003C\/td\u003E\r\n\u003C\/tr\u003E\r\n\u003Ctr\u003E\r\n\u003Ctd align=\u0022center\u0022\u003E\u003Cspan style=\u0022font-family: Arial; font-size: x-small;\u0022\u003EN\u003C\/span\u003E\u003C\/td\u003E\r\n\u003Ctd align=\u0022right\u0022\u003E\u003Cspan style=\u0022font-family: Arial; font-size: x-small;\u0022\u003E4.200,00\u003C\/span\u003E\u003C\/td\u003E\r\n\u003Ctd align=\u0022right\u0022\u003E\u003Cspan style=\u0022font-family: Arial; font-size: x-small;\u0022\u003E50.400,00 \u003C\/span\u003E\u003C\/td\u003E\r\n\u003C\/tr\u003E\r\n\u003Ctr\u003E\r\n\u003Ctd align=\u0022center\u0022\u003E\u003Cspan style=\u0022font-family: Arial; font-size: x-small;\u0022\u003EO\u003C\/span\u003E\u003C\/td\u003E\r\n\u003Ctd align=\u0022right\u0022\u003E\u003Cspan style=\u0022font-family: Arial; font-size: x-small;\u0022\u003E4.400,00\u003C\/span\u003E\u003C\/td\u003E\r\n\u003Ctd align=\u0022right\u0022\u003E\u003Cspan style=\u0022font-family: Arial; font-size: x-small;\u0022\u003E52.800,00 \u003C\/span\u003E\u003C\/td\u003E\r\n\u003C\/tr\u003E\r\n\u003Ctr\u003E\r\n\u003Ctd align=\u0022center\u0022\u003E\u003Cspan style=\u0022font-family: Arial; font-size: x-small;\u0022\u003EP\u003C\/span\u003E\u003C\/td\u003E\r\n\u003Ctd align=\u0022right\u0022\u003E\u003Cspan style=\u0022font-family: Arial; font-size: x-small;\u0022\u003E4.600,00\u003C\/span\u003E\u003C\/td\u003E\r\n\u003Ctd align=\u0022right\u0022\u003E\u003Cspan style=\u0022font-family: Arial; font-size: x-small;\u0022\u003E55.200,00 \u003C\/span\u003E\u003C\/td\u003E\r\n\u003C\/tr\u003E\r\n\u003Ctr\u003E\r\n\u003Ctd align=\u0022center\u0022\u003E\u003Cspan style=\u0022font-family: Arial; font-size: x-small;\u0022\u003EQ\u003C\/span\u003E\u003C\/td\u003E\r\n\u003Ctd align=\u0022right\u0022\u003E\u003Cspan style=\u0022font-family: Arial; font-size: x-small;\u0022\u003E4.800,00\u003C\/span\u003E\u003C\/td\u003E\r\n\u003Ctd align=\u0022right\u0022\u003E\u003Cspan style=\u0022font-family: Arial; font-size: x-small;\u0022\u003E57.600,00 \u003C\/span\u003E\u003C\/td\u003E\r\n\u003C\/tr\u003E\r\n\u003Ctr\u003E\r\n\u003Ctd align=\u0022center\u0022\u003E\u003Cspan style=\u0022font-family: Arial; font-size: x-small;\u0022\u003ER\u003C\/span\u003E\u003C\/td\u003E\r\n\u003Ctd align=\u0022right\u0022\u003E\u003Cspan style=\u0022font-family: Arial; font-size: x-small;\u0022\u003E5.000,00\u003C\/span\u003E\u003C\/td\u003E\r\n\u003Ctd align=\u0022right\u0022\u003E\u003Cspan style=\u0022font-family: Arial; font-size: x-small;\u0022\u003E60.000,00 \u003C\/span\u003E\u003C\/td\u003E\r\n\u003C\/tr\u003E\r\n\u003Ctr\u003E\r\n\u003Ctd align=\u0022center\u0022\u003E\u003Cspan style=\u0022font-family: Arial; font-size: x-small;\u0022\u003ES\u003C\/span\u003E\u003C\/td\u003E\r\n\u003Ctd align=\u0022right\u0022\u003E\u003Cspan style=\u0022font-family: Arial; font-size: x-small;\u0022\u003E5.200,00\u003C\/span\u003E\u003C\/td\u003E\r\n\u003Ctd align=\u0022right\u0022\u003E\u003Cspan style=\u0022font-family: Arial; font-size: x-small;\u0022\u003E62.400,00 \u003C\/span\u003E\u003C\/td\u003E\r\n\u003C\/tr\u003E\r\n\u003Ctr\u003E\r\n\u003Ctd align=\u0022center\u0022\u003E\u003Cspan style=\u0022font-family: Arial; font-size: x-small;\u0022\u003ET\u003C\/span\u003E\u003C\/td\u003E\r\n\u003Ctd align=\u0022right\u0022\u003E\u003Cspan style=\u0022font-family: Arial; font-size: x-small;\u0022\u003E5.400,00\u003C\/span\u003E\u003C\/td\u003E\r\n\u003Ctd align=\u0022right\u0022\u003E\u003Cspan style=\u0022font-family: Arial; font-size: x-small;\u0022\u003E64.800,00 \u003C\/span\u003E\u003C\/td\u003E\r\n\u003C\/tr\u003E\r\n\u003Ctr\u003E\r\n\u003Ctd align=\u0022center\u0022\u003E\u003Cspan style=\u0022font-family: Arial; font-size: x-small;\u0022\u003EU\u003C\/span\u003E\u003C\/td\u003E\r\n\u003Ctd align=\u0022right\u0022\u003E\u003Cspan style=\u0022font-family: Arial; font-size: x-small;\u0022\u003E5.600,00\u003C\/span\u003E\u003C\/td\u003E\r\n\u003Ctd align=\u0022right\u0022\u003E\u003Cspan style=\u0022font-family: Arial; font-size: x-small;\u0022\u003E67.200,00 \u003C\/span\u003E\u003C\/td\u003E\r\n\u003C\/tr\u003E\r\n\u003Ctr\u003E\r\n\u003Ctd align=\u0022center\u0022\u003E\u003Cspan style=\u0022font-family: Arial; font-size: x-small;\u0022\u003EV\u003C\/span\u003E\u003C\/td\u003E\r\n\u003Ctd align=\u0022right\u0022\u003E\u003Cspan style=\u0022font-family: Arial; font-size: x-small;\u0022\u003E5.800,00\u003C\/span\u003E\u003C\/td\u003E\r\n\u003Ctd align=\u0022right\u0022\u003E\u003Cspan style=\u0022font-family: Arial; font-size: x-small;\u0022\u003E69.600,00 \u003C\/span\u003E\u003C\/td\u003E\r\n\u003C\/tr\u003E\r\n\u003Ctr\u003E\r\n\u003Ctd align=\u0022center\u0022\u003E\u003Cspan style=\u0022font-family: Arial; font-size: x-small;\u0022\u003EX\u003C\/span\u003E\u003C\/td\u003E\r\n\u003Ctd align=\u0022right\u0022\u003E\u003Cspan style=\u0022font-family: Arial; font-size: x-small;\u0022\u003E6.000,00\u003C\/span\u003E\u003C\/td\u003E\r\n\u003Ctd align=\u0022right\u0022\u003E\u003Cspan style=\u0022font-family: Arial; font-size: x-small;\u0022\u003E72.000,00\u003C\/span\u003E\u003C\/td\u003E\r\n\u003C\/tr\u003E\r\n\u003C\/tbody\u003E\r\n\u003C\/table\u003E\r\n\u003C\/div\u003E","criado":"1961-02-28 00:00:00","alterado":"1961-02-28 00:00:00"},{"id":954,"titulo":"Abre cr\u00e9dito especial para ocorrer despesas realizadas com a Elei\u00e7\u00e3o de 03 de outubro de 1960.","numero":"209","categoria_id":1,"aprovada":"1960-10-28 00:00:00","slug":"abre-cr-dito-especial-para-ocorrer-despesas-realizadas-com-a-elei-o-de-03-de-outubro-de-1960","descricao":"\u003Cp class=\u0022t1\u0022\u003ELei n\u0026ordm; 209\u003C\/p\u003E\r\n\u003Cp class=\u0022t1\u0022\u003EDe 28 de outubro de 1960.\u003C\/p\u003E\r\n\u003Cp\u003E\u0026nbsp;\u003C\/p\u003E\r\n\u003Cp class=\u0022assunto\u0022\u003EAbre cr\u0026eacute;dito especial para ocorrer despesas realizadas com a Elei\u0026ccedil;\u0026atilde;o de 03 de outubro de 1960.\u003C\/p\u003E\r\n\u003Cp\u003E\u0026nbsp;\u003C\/p\u003E\r\n\u003Cp\u003EFa\u0026ccedil;o saber que a C\u0026acirc;mara de Vereadores deste Munic\u0026iacute;pio de Itabaiana, do Estado de Sergipe, decretou eu, sanciono a presente Lei:\u003C\/p\u003E\r\n\u003Cp\u003EArt.1\u0026ordm; - Fica autorizado o Poder Executivo Municipal a abrir um cr\u0026eacute;dito especial de dez mil cruzeiros (cr$10.000,00) para efetuar pagamento de concertos de gabinas e outro servi\u0026ccedil;os feitos, na realiza\u0026ccedil;\u0026atilde;o da Elei\u0026ccedil;\u0026atilde;o de 03 de outubro de 1960.\u003C\/p\u003E\r\n\u003Cp\u003EArt. 2\u0026ordm; - Esta Lei entrar\u0026aacute; em vigor na data de sua publica\u0026ccedil;\u0026atilde;o, revogadas as disposi\u0026ccedil;\u0026otilde;es em contr\u0026aacute;rio.\u003C\/p\u003E\r\n\u003Cp\u003EGabinete do prefeito Municipal de Itabaiana em 28 de outubro de 1960\u003C\/p\u003E\r\n\u003Cp\u003E\u0026nbsp;\u003C\/p\u003E\r\n\u003Cp\u003EEuclides Paes Mendon\u0026ccedil;a\u0026nbsp;\u003C\/p\u003E\r\n\u003Cp\u003EPrefeito Municipal\u003C\/p\u003E\r\n\u003Cp\u003EEl\u0026iacute;zio Ara\u0026uacute;jo\u003C\/p\u003E\r\n\u003Cp\u003ESecret\u0026aacute;rio\u003C\/p\u003E","criado":"1960-10-28 00:00:00","alterado":"1960-10-28 00:00:00"},{"id":953,"titulo":"Or\u00e7a a Receita e Fixa a Despesa do Munic\u00edpio de Itabaiana, do Estado de Sergipe, para o Exerc\u00edcio de 1961.","numero":"208","categoria_id":1,"aprovada":"1960-10-28 00:00:00","slug":"or-a-a-receita-e-fixa-a-despesa-do-munic-pio-de-itabaiana-do-estado-de-sergipe-para-o-exerc-cio-de-1961","descricao":"\u003Cp class=\u0022t1\u0022\u003ELei n\u0026ordm; 208\u003C\/p\u003E\r\n\u003Cp class=\u0022t1\u0022\u003EDe 28 de Outubro de 1960.\u003C\/p\u003E\r\n\u003Cp\u003E\u0026nbsp;\u003C\/p\u003E\r\n\u003Cp class=\u0022assunto\u0022\u003EOr\u0026ccedil;a a Receita e Fixa a Despesa do Munic\u0026iacute;pio de Itabaiana, do Estado de Sergipe, para o Exerc\u0026iacute;cio de 1961.\u003C\/p\u003E\r\n\u003Cp\u003E\u0026nbsp;\u003C\/p\u003E\r\n\u003Cp\u003EO Prefeito Municipal de Itabaiana.\u003C\/p\u003E\r\n\u003Cp\u003EFa\u0026ccedil;o saber que a C\u0026acirc;mara de Vereadores do Munic\u0026iacute;pio de Itabaiana, decretou e eu sanciono a seguinte Lei:\u003C\/p\u003E\r\n\u003Cp\u003E\u0026nbsp;\u003C\/p\u003E\r\n\u003Cp class=\u0022t1a\u0022 align=\u0022center\u0022\u003ECAP\u0026Iacute;TULO I\u003C\/p\u003E\r\n\u003Cp class=\u0022t1a\u0022 align=\u0022center\u0022\u003EDo Or\u0026ccedil;amento Geral\u003C\/p\u003E\r\n\u003Cp\u003EArt.1\u0026ordm; - Ficam or\u0026ccedil;adas e fixadas para o Exerc\u0026iacute;cio Financeiro de 1961, respectivamente, as seguintes receitas e despesas:\u003C\/p\u003E\r\n\u003Cp\u003E\u0026nbsp;\u003C\/p\u003E\r\n\u003Cdiv\u003E\r\n\u003Ctable style=\u0022width: 300px;\u0022 border=\u00220\u0022 cellspacing=\u00220\u0022\u003E\r\n\u003Ctbody\u003E\r\n\u003Ctr\u003E\r\n\u003Ctd\u003E\r\n\u003Cp align=\u0022center\u0022\u003E\u003Cspan style=\u0022font-family: Arial; font-size: x-small;\u0022\u003EHist\u0026oacute;rico\u003C\/span\u003E\u003C\/p\u003E\r\n\u003C\/td\u003E\r\n\u003Ctd\u003E\r\n\u003Cp align=\u0022center\u0022\u003E\u003Cspan style=\u0022font-family: Arial; font-size: x-small;\u0022\u003ETotais\u0026nbsp;\u003C\/span\u003E\u003C\/p\u003E\r\n\u003C\/td\u003E\r\n\u003C\/tr\u003E\r\n\u003Ctr\u003E\r\n\u003Ctd\u003E\u003Cspan style=\u0022font-family: Arial; font-size: x-small;\u0022\u003EA - Receita Geral\u003C\/span\u003E\u003C\/td\u003E\r\n\u003Ctd align=\u0022right\u0022\u003E\u003Cspan style=\u0022font-family: Arial; font-size: x-small;\u0022\u003ECr$ 6.000.000,00\u0026nbsp;\u003C\/span\u003E\u003C\/td\u003E\r\n\u003C\/tr\u003E\r\n\u003Ctr\u003E\r\n\u003Ctd\u003E\u003Cspan style=\u0022font-family: Arial; font-size: x-small;\u0022\u003Ea-1 - Ordin\u0026aacute;ria\u003C\/span\u003E\u003C\/td\u003E\r\n\u003Ctd align=\u0022right\u0022\u003E\u003Cspan style=\u0022font-family: Arial; font-size: x-small;\u0022\u003ECr$ 5.500.000,00\u0026nbsp;\u003C\/span\u003E\u003C\/td\u003E\r\n\u003C\/tr\u003E\r\n\u003Ctr\u003E\r\n\u003Ctd\u003E\u003Cspan style=\u0022font-family: Arial; font-size: x-small;\u0022\u003Ea-2 - Extraordin\u0026aacute;ria\u003C\/span\u003E\u003C\/td\u003E\r\n\u003Ctd align=\u0022right\u0022\u003E\u003Cspan style=\u0022font-family: Arial; font-size: x-small;\u0022\u003ECr$ 500.000,00\u0026nbsp;\u003C\/span\u003E\u003C\/td\u003E\r\n\u003C\/tr\u003E\r\n\u003Ctr\u003E\r\n\u003Ctd\u003E\u003Cspan style=\u0022font-family: Arial; font-size: x-small;\u0022\u003EAltera\u0026ccedil;\u0026otilde;es patrimoniais\u003C\/span\u003E\u003C\/td\u003E\r\n\u003Ctd align=\u0022right\u0022\u003E\u003Cspan style=\u0022font-family: Arial; font-size: x-small;\u0022\u003ECr$ 300.000,00\u0026nbsp;\u003C\/span\u003E\u003C\/td\u003E\r\n\u003Ctd\u003E\u0026nbsp;\u003C\/td\u003E\r\n\u003C\/tr\u003E\r\n\u003Ctr\u003E\r\n\u003Ctd\u003E\u003Cspan style=\u0022font-family: Arial; font-size: x-small;\u0022\u003EB - Despesa Geral Ordin\u0026aacute;ria\u003C\/span\u003E\u003C\/td\u003E\r\n\u003Ctd align=\u0022right\u0022\u003E\u003Cspan style=\u0022font-family: Arial; font-size: x-small;\u0022\u003ECr$ 6.000.000,00\u0026nbsp;\u003C\/span\u003E\u003C\/td\u003E\r\n\u003C\/tr\u003E\r\n\u003Ctr\u003E\r\n\u003Ctd\u003E\u003Cspan style=\u0022font-family: Arial; font-size: x-small;\u0022\u003EB.1 - Fixa\u003C\/span\u003E\u003C\/td\u003E\r\n\u003Ctd align=\u0022right\u0022\u003E\u003Cspan style=\u0022font-family: Arial; font-size: x-small;\u0022\u003ECr$ 1.200.000,00\u0026nbsp;\u003C\/span\u003E\u003C\/td\u003E\r\n\u003C\/tr\u003E\r\n\u003Ctr\u003E\r\n\u003Ctd\u003E\u003Cspan style=\u0022font-family: Arial; font-size: x-small;\u0022\u003EB.2 - Vari\u0026aacute;vel\u003C\/span\u003E\u003C\/td\u003E\r\n\u003Ctd align=\u0022right\u0022\u003E\u003Cspan style=\u0022font-family: Arial; font-size: x-small;\u0022\u003ECr$ 4.800.000,00\u0026nbsp;\u003C\/span\u003E\u003C\/td\u003E\r\n\u003C\/tr\u003E\r\n\u003Ctr\u003E\r\n\u003Ctd\u003E\u003Cspan style=\u0022font-family: Arial; font-size: x-small;\u0022\u003EAltera\u0026ccedil;\u0026otilde;es patrimoniais\u003C\/span\u003E\u003C\/td\u003E\r\n\u003Ctd align=\u0022right\u0022\u003E\u003Cspan style=\u0022font-family: Arial; font-size: x-small;\u0022\u003ECr$ 3.310.200,00\u003C\/span\u003E\u003C\/td\u003E\r\n\u003C\/tr\u003E\r\n\u003C\/tbody\u003E\r\n\u003C\/table\u003E\r\n\u003C\/div\u003E\r\n\u003Cp\u003E\u0026nbsp;\u003C\/p\u003E\r\n\u003Cp class=\u0022t1a\u0022 align=\u0022center\u0022\u003ECAP\u0026Iacute;TULO II\u003C\/p\u003E\r\n\u003Cp\u003EArt. 2\u0026ordm; - A Receita Geral do Munic\u0026iacute;pio de Itabaiana, do Estado de Sergipe, para o exerc\u0026iacute;cio de 1961, \u0026eacute; or\u0026ccedil;ada em seis milh\u0026otilde;es de cruzeiros (Cr$ 6.000.000,00), e ser\u0026aacute; arrecadada de conformidade com a legisla\u0026ccedil;\u0026atilde;o em vigor, obedecendo as classifica\u0026ccedil;\u0026otilde;es abaixo descriminadas.\u003C\/p\u003E\r\n\u003Cp\u003E\u003Ca href=\u0022http:\/\/cmitabaiana.se.gov.br\/gestao\/ANEXOS\/Or\u0026ccedil;Rec1961.pdf\u0022 target=\u0022_blank\u0022\u003E(clique aqui para ver)\u003C\/a\u003E\u003C\/p\u003E\r\n\u003Cp\u003EArt. 3\u0026ordm; - Todos os Impostos e Taxas e demais tributos, ser\u0026atilde;o cobrados de acordo com as leis desta municipalidade em vigor que regem a esp\u0026eacute;cie, j\u0026aacute; oficializadas.\u003C\/p\u003E\r\n\u003Cp\u003E\u0026nbsp;\u003C\/p\u003E\r\n\u003Cp class=\u0022t1a\u0022 align=\u0022center\u0022\u003ECAP\u0026Iacute;TULO III\u003C\/p\u003E\r\n\u003Cp class=\u0022t1a\u0022 align=\u0022center\u0022\u003EDa Despesa Geral\u003C\/p\u003E\r\n\u003Cp\u003EArt 4\u0026ordm; - A Despesa Geral do Munic\u0026iacute;pio de Itabaiana, para o Exerc\u0026iacute;cio Financeiro de 1961, \u0026eacute; fixada em seis milh\u0026otilde;es de cruzeiros (Cr$ 6.000.000,00), de acordo com as seguintes classifica\u0026ccedil;\u0026otilde;es abaixo descriminadas:\u003C\/p\u003E\r\n\u003Cp\u003E\u003Ca href=\u0022http:\/\/cmitabaiana.se.gov.br\/gestao\/ANEXOS\/Or\u0026ccedil;Desp1961.pdf\u0022 target=\u0022_blank\u0022\u003E(clique aqui para ver)\u003C\/a\u003E\u003C\/p\u003E\r\n\u003Cp\u003EArt. 5\u0026ordm; - Fica o Prefeito municipal autorizado a utilizar-se do saldo no caso de super\u0026aacute;vit ou a realizar opera\u0026ccedil;\u0026otilde;es de cr\u0026eacute;dito necess\u0026aacute;rias no caso de d\u0026eacute;ficit, uma e outra sujeitas \u0026agrave; exame e aprova\u0026ccedil;\u0026atilde;o dos poderes competentes.\u003C\/p\u003E\r\n\u003Cp\u003EArt. 6\u0026deg; - Esta Lei entrar\u0026aacute; em vigor a partir de 1\u0026ordm; de janeiro de 1961, ficando revogadas as disposi\u0026ccedil;\u0026otilde;es em contr\u0026aacute;rio.\u003C\/p\u003E\r\n\u003Cp\u003EGabinete do Prefeito Municipal de Itabaiana em, 28 de Outubro de 1960.\u003C\/p\u003E\r\n\u003Cp\u003E\u0026nbsp;\u003C\/p\u003E\r\n\u003Cp\u003E\u0026nbsp;\u003C\/p\u003E\r\n\u003Cp\u003EEuclides Paes Mendon\u0026ccedil;a\u0026nbsp;\u003C\/p\u003E\r\n\u003Cp\u003EPrefeito Municipal\u003C\/p\u003E\r\n\u003Cp\u003EEl\u0026iacute;zio Ara\u0026uacute;jo\u003C\/p\u003E\r\n\u003Cp\u003ESecret\u0026aacute;rio\u003C\/p\u003E","criado":"1960-10-28 00:00:00","alterado":"1960-10-28 00:00:00"},{"id":952,"titulo":"Abre Cr\u00e9dito Especial para ocorrer despesa efetuada com a compra de um terreno.","numero":"207","categoria_id":1,"aprovada":"1960-10-28 00:00:00","slug":"abre-cr-dito-especial-para-ocorrer-despesa-efetuada-com-a-compra-de-um-terreno","descricao":"\u003Cp class=\u0022t1\u0022\u003ELei n\u0026ordm; 207\u003C\/p\u003E\r\n\u003Cp class=\u0022t1\u0022\u003EDe 28 de Outubro de 1960.\u003C\/p\u003E\r\n\u003Cp\u003E\u0026nbsp;\u003C\/p\u003E\r\n\u003Cp class=\u0022assunto\u0022\u003EAbre Cr\u0026eacute;dito Especial para ocorrer despesa efetuada com a compra de um terreno.\u003C\/p\u003E\r\n\u003Cp\u003E\u0026nbsp;\u003C\/p\u003E\r\n\u003Cp\u003EO Prefeito Municipal de Itabaiana.\u003C\/p\u003E\r\n\u003Cp\u003EFa\u0026ccedil;o saber que a C\u0026acirc;mara de Vereadores do Munic\u0026iacute;pio de Itabaiana, decretou e eu sanciono a seguinte Lei:\u003C\/p\u003E\r\n\u003Cp\u003EArt.1\u0026ordm; - Fica autorizado o Poder Executivo Municipal a abrir um Cr\u0026eacute;dito Especial da quantia de duzentos mil cruzeiros (Cr$ 200.000,00), para pagamento de uma faixa de terreno, medindo 100 metros de largura, por 200 metros de comprimento, desmembrado da propriedade do Sr. Joaquim de G\u0026oacute;is, que fica localizado ao norte e poente, com as terras do vendedor, ao sul, com a Avenida Otoniel D\u0026oacute;rea e ao nascente com a Avenida Walter do Prado Franco, nesta cidade\u003C\/p\u003E\r\n\u003Cp\u003EArt. 2\u0026ordm; - A referida faixa de terreno foi doada por esta Prefeitura, \u0026agrave; Comiss\u0026atilde;o de Organiza\u0026ccedil;\u0026atilde;o de Triticultura Nacional e Armazenamento Geral do Minist\u0026eacute;rio da Agricultura (Contrinag)m onde ser\u0026aacute; constru\u0026iacute;do o pr\u0026eacute;dio e outros comparti,mentos tendo sido passada aa escritura legal, que se encontra em poder da Prefeitura.\u003C\/p\u003E\r\n\u003Cp\u003EArt. 3\u0026deg; - Esta Lei entrar\u0026aacute; em vigor na data de sua publica\u0026ccedil;\u0026atilde;o, ficando revogadas as disposi\u0026ccedil;\u0026otilde;es em contr\u0026aacute;rio,.\u003C\/p\u003E\r\n\u003Cp\u003EGabinete do Prefeito Municipal de Itabaiana em, 28 de Outubro de 1960.\u003C\/p\u003E\r\n\u003Cp\u003E\u0026nbsp;\u003C\/p\u003E\r\n\u003Cp\u003E\u0026nbsp;\u003C\/p\u003E\r\n\u003Cp\u003EEuclides Paes Mendon\u0026ccedil;a\u0026nbsp;\u003C\/p\u003E\r\n\u003Cp\u003EPrefeito Municipal\u003C\/p\u003E\r\n\u003Cp\u003EEl\u0026iacute;zio Ara\u0026uacute;jo\u003C\/p\u003E\r\n\u003Cp\u003ESecret\u0026aacute;rio\u003C\/p\u003E","criado":"1960-10-28 00:00:00","alterado":"1960-10-28 00:00:00"},{"id":951,"titulo":"Disp\u00f5e sobre bonifica\u00e7\u00e3o de natal a ser concedida a todos os funcion\u00e1rios p\u00fablicos municipais e d\u00e1 outras provid\u00eancias.","numero":"206","categoria_id":1,"aprovada":"1960-10-28 00:00:00","slug":"disp-e-sobre-bonifica-o-de-natal-a-ser-concedida-a-todos-os-funcion-rios-p-blicos-municipais-e-d-outras-provid-ncias","descricao":"\u003Cp class=\u0022t1\u0022\u003ELei n\u0026ordm; 206\u003C\/p\u003E\r\n\u003Cp class=\u0022t1\u0022\u003EDe 28 de Outubro de 1960.\u003C\/p\u003E\r\n\u003Cp\u003E\u0026nbsp;\u003C\/p\u003E\r\n\u003Cp class=\u0022assunto\u0022\u003EDisp\u0026otilde;e sobre bonifica\u0026ccedil;\u0026atilde;o de natal a ser concedida a todos os funcion\u0026aacute;rios p\u0026uacute;blicos municipais e d\u0026aacute; outras provid\u0026ecirc;ncias.\u003C\/p\u003E\r\n\u003Cp\u003E\u0026nbsp;\u003C\/p\u003E\r\n\u003Cp\u003EO Prefeito Municipal de Itabaiana.\u003C\/p\u003E\r\n\u003Cp\u003EFa\u0026ccedil;o saber que a C\u0026acirc;mara de Vereadores do Munic\u0026iacute;pio de Itabaiana, decretou e eu sanciono a seguinte Lei:\u003C\/p\u003E\r\n\u003Cp\u003EArt.1\u0026ordm; - Todos os funcion\u0026aacute;rios p\u0026uacute;blicos municipais, bem como os professores subvencionados, ter\u0026atilde;o direito neste exerc\u0026iacute;cio a uma bonifica\u0026ccedil;\u0026atilde;o de Natal, no valor de quinhentos cruzeiros (Cr$ 500,00), para cada um, a qual ser\u0026aacute; paga at\u0026eacute; o dia 24 de dezembro deste ano.\u003C\/p\u003E\r\n\u003Cp\u003EArt. 2\u0026ordm; - Fica autorizado o Poder Executivo a abrir um Cr\u0026eacute;dito Especial da quantia de trinta mil cruzeiros (Cr$ 30.000,00) para atender as despesas desta Lei, que correr\u0026aacute; por conta do excesso de arrecada\u0026ccedil;\u0026atilde;o do corrente exerc\u0026iacute;cio.\u003C\/p\u003E\r\n\u003Cp\u003EArt. 3\u0026deg; - Esta Lei entrar\u0026aacute; em vigor na data de sua publica\u0026ccedil;\u0026atilde;o, revogadas as disposi\u0026ccedil;\u0026otilde;es em contr\u0026aacute;rio,.\u003C\/p\u003E\r\n\u003Cp\u003EGabinete do Prefeito Municipal de Itabaiana em, 28 de Outubro de 1960.\u003C\/p\u003E\r\n\u003Cp\u003E\u0026nbsp;\u003C\/p\u003E\r\n\u003Cp\u003EEuclides Paes Mendon\u0026ccedil;a\u0026nbsp;\u003C\/p\u003E\r\n\u003Cp\u003EPrefeito Municipal\u003C\/p\u003E\r\n\u003Cp\u003EEl\u0026iacute;zio Ara\u0026uacute;jo\u003C\/p\u003E\r\n\u003Cp\u003ESecret\u0026aacute;rio\u003C\/p\u003E","criado":"1960-10-28 00:00:00","alterado":"1960-10-28 00:00:00"},{"id":950,"titulo":"Abre Cr\u00e9dito Suplementar.","numero":"205","categoria_id":1,"aprovada":"1960-10-28 00:00:00","slug":"abre-cr-dito-suplementar","descricao":"\u003Cp class=\u0022t1\u0022\u003ELei n\u0026ordm; 205\u003C\/p\u003E\r\n\u003Cp class=\u0022t1\u0022\u003EDe 28 de Outubro de 1960.\u003C\/p\u003E\r\n\u003Cp\u003E\u0026nbsp;\u003C\/p\u003E\r\n\u003Cp class=\u0022assunto\u0022\u003EAbre Cr\u0026eacute;dito Suplementar.\u003C\/p\u003E\r\n\u003Cp\u003E\u0026nbsp;\u003C\/p\u003E\r\n\u003Cp\u003EO Prefeito Municipal de Itabaiana.\u003C\/p\u003E\r\n\u003Cp\u003EFa\u0026ccedil;o saber que a C\u0026acirc;mara de Vereadores do Munic\u0026iacute;pio de Itabaiana, decretou e eu sanciono a seguinte Lei:\u003C\/p\u003E\r\n\u003Cp\u003EArt.1\u0026ordm; - Fica autorizado o Poder Executivo Municipal a abrir um Cr\u0026eacute;dito Suplementar de oitocentos mil cruzeiros (Cr$ 800.000,00), para refor\u0026ccedil;o das verbas esgotadas e a esgotarem constantes do Or\u0026ccedil;amento em vigor referente \u0026agrave;s codifica\u0026ccedil;\u0026otilde;es abaixo descriminadas:\u003C\/p\u003E\r\n\u003Cp\u003E\u0026nbsp;\u003C\/p\u003E\r\n\u003Cdiv\u003E\r\n\u003Ctable style=\u0022width: 460px;\u0022 border=\u00220\u0022 cellspacing=\u00220\u0022\u003E\r\n\u003Ctbody\u003E\r\n\u003Ctr\u003E\r\n\u003Ctd\u003E\u003Cspan style=\u0022font-family: Arial; font-size: x-small;\u0022\u003E0.3.8.0.4.4\u003C\/span\u003E\u003C\/td\u003E\r\n\u003Ctd\u003E\u003Cspan style=\u0022font-family: Arial; font-size: x-small;\u0022\u003ESecretaria - Despesas Diversas\u003C\/span\u003E\u003C\/td\u003E\r\n\u003Ctd align=\u0022right\u0022\u003E\u003Cspan style=\u0022font-family: Arial; font-size: x-small;\u0022\u003ECr$ 5.000,00\u0026nbsp;\u003C\/span\u003E\u003C\/td\u003E\r\n\u003C\/tr\u003E\r\n\u003Ctr\u003E\r\n\u003Ctd\u003E\u003Cspan style=\u0022font-family: Arial; font-size: x-small;\u0022\u003E1.1.8.1.3.4\u003C\/span\u003E\u003C\/td\u003E\r\n\u003Ctd\u003E\u003Cspan style=\u0022font-family: Arial; font-size: x-small;\u0022\u003EFiscaliza\u0026ccedil;\u0026atilde;o - Pessoal vari\u0026aacute;vel\u003C\/span\u003E\u003C\/td\u003E\r\n\u003Ctd align=\u0022right\u0022\u003E\u003Cspan style=\u0022font-family: Arial; font-size: x-small;\u0022\u003ECr$ 35.000,00\u0026nbsp;\u003C\/span\u003E\u003C\/td\u003E\r\n\u003C\/tr\u003E\r\n\u003Ctr\u003E\r\n\u003Ctd\u003E\u003Cspan style=\u0022font-family: Arial; font-size: x-small;\u0022\u003E1.1.8.1.3.4\u003C\/span\u003E\u003C\/td\u003E\r\n\u003Ctd\u003E\u003Cspan style=\u0022font-family: Arial; font-size: x-small;\u0022\u003EIdem - Despesas Diversas\u003C\/span\u003E\u003C\/td\u003E\r\n\u003Ctd align=\u0022right\u0022\u003E\u003Cspan style=\u0022font-family: Arial; font-size: x-small;\u0022\u003ECr$ 3.000,00\u0026nbsp;\u003C\/span\u003E\u003C\/td\u003E\r\n\u003C\/tr\u003E\r\n\u003Ctr\u003E\r\n\u003Ctd\u003E\u003Cspan style=\u0022font-family: Arial; font-size: x-small;\u0022\u003E1.2.8.1.3.0\u003C\/span\u003E\u003C\/td\u003E\r\n\u003Ctd\u003E\u003Cspan style=\u0022font-family: Arial; font-size: x-small;\u0022\u003EMatadouro - Pessoal Fixo\u003C\/span\u003E\u003C\/td\u003E\r\n\u003Ctd align=\u0022right\u0022\u003E\u003Cspan style=\u0022font-family: Arial; font-size: x-small;\u0022\u003ECr$ 3.000,00\u0026nbsp;\u003C\/span\u003E\u003C\/td\u003E\r\n\u003C\/tr\u003E\r\n\u003Ctr\u003E\r\n\u003Ctd\u003E\u003Cspan style=\u0022font-family: Arial; font-size: x-small;\u0022\u003E1.2.8.1.3.1\u003C\/span\u003E\u003C\/td\u003E\r\n\u003Ctd\u003E\u003Cspan style=\u0022font-family: Arial; font-size: x-small;\u0022\u003EIdem - Pessoal vari\u0026aacute;vel\u003C\/span\u003E\u003C\/td\u003E\r\n\u003Ctd align=\u0022right\u0022\u003E\u003Cspan style=\u0022font-family: Arial; font-size: x-small;\u0022\u003ECr$ 2.000,00\u0026nbsp;\u003C\/span\u003E\u003C\/td\u003E\r\n\u003C\/tr\u003E\r\n\u003Ctr\u003E\r\n\u003Ctd\u003E\u003Cspan style=\u0022font-family: Arial; font-size: x-small;\u0022\u003E1.3.8.1.3.1\u003C\/span\u003E\u003C\/td\u003E\r\n\u003Ctd\u003E\u003Cspan style=\u0022font-family: Arial; font-size: x-small;\u0022\u003EMercado - Pessoal vari\u0026aacute;vel\u003C\/span\u003E\u003C\/td\u003E\r\n\u003Ctd align=\u0022right\u0022\u003E\u003Cspan style=\u0022font-family: Arial; font-size: x-small;\u0022\u003ECr$ 3.000,00\u0026nbsp;\u003C\/span\u003E\u003C\/td\u003E\r\n\u003C\/tr\u003E\r\n\u003Ctr\u003E\r\n\u003Ctd\u003E\u003Cspan style=\u0022font-family: Arial; font-size: x-small;\u0022\u003E2.1.8.2.5.0\u003C\/span\u003E\u003C\/td\u003E\r\n\u003Ctd\u003E\u003Cspan style=\u0022font-family: Arial; font-size: x-small;\u0022\u003ESeguran\u0026ccedil;a P\u0026uacute;blica - Pessoal Fixo\u003C\/span\u003E\u003C\/td\u003E\r\n\u003Ctd align=\u0022right\u0022\u003E\u003Cspan style=\u0022font-family: Arial; font-size: x-small;\u0022\u003ECr$ 4.000,00\u0026nbsp;\u003C\/span\u003E\u003C\/td\u003E\r\n\u003C\/tr\u003E\r\n\u003Ctr\u003E\r\n\u003Ctd\u003E\u003Cspan style=\u0022font-family: Arial; font-size: x-small;\u0022\u003E2.1.8.2.5.3\u003C\/span\u003E\u003C\/td\u003E\r\n\u003Ctd\u003E\u003Cspan style=\u0022font-family: Arial; font-size: x-small;\u0022\u003ESeguran\u0026ccedil;a P\u0026uacute;blica - Material de consumo\u003C\/span\u003E\u003C\/td\u003E\r\n\u003Ctd align=\u0022right\u0022\u003E\u003Cspan style=\u0022font-family: Arial; font-size: x-small;\u0022\u003ECr$ 3.000,00\u0026nbsp;\u003C\/span\u003E\u003C\/td\u003E\r\n\u003C\/tr\u003E\r\n\u003Ctr\u003E\r\n\u003Ctd\u003E\u003Cspan style=\u0022font-family: Arial; font-size: x-small;\u0022\u003E2.1.8.2.5.4\u003C\/span\u003E\u003C\/td\u003E\r\n\u003Ctd\u003E\u003Cspan style=\u0022font-family: Arial; font-size: x-small;\u0022\u003ESeguran\u0026ccedil;a P\u0026uacute;blica -\u0026nbsp;\u003C\/span\u003E\u003C\/td\u003E\r\n\u003Ctd align=\u0022right\u0022\u003E\u003Cspan style=\u0022font-family: Arial; font-size: x-small;\u0022\u003ECr$ 2.000,00\u0026nbsp;\u003C\/span\u003E\u003C\/td\u003E\r\n\u003C\/tr\u003E\r\n\u003Ctr\u003E\r\n\u003Ctd\u003E\u003Cspan style=\u0022font-family: Arial; font-size: x-small;\u0022\u003E3.1.8.3.3.3\u003C\/span\u003E\u003C\/td\u003E\r\n\u003Ctd\u003E\u003Cspan style=\u0022font-family: Arial; font-size: x-small;\u0022\u003EInstru\u0026ccedil;\u0026atilde;o P\u0026uacute;blica - Material de consumo\u003C\/span\u003E\u003C\/td\u003E\r\n\u003Ctd align=\u0022right\u0022\u003E\u003Cspan style=\u0022font-family: Arial; font-size: x-small;\u0022\u003ECr$ 5.000,00\u0026nbsp;\u003C\/span\u003E\u003C\/td\u003E\r\n\u003C\/tr\u003E\r\n\u003Ctr\u003E\r\n\u003Ctd\u003E\u003Cspan style=\u0022font-family: Arial; font-size: x-small;\u0022\u003E3.1.8.3.3.4\u003C\/span\u003E\u003C\/td\u003E\r\n\u003Ctd\u003E\u003Cspan style=\u0022font-family: Arial; font-size: x-small;\u0022\u003EInstru\u0026ccedil;\u0026atilde;o P\u0026uacute;blica - Despesas Diversas\u003C\/span\u003E\u003C\/td\u003E\r\n\u003Ctd align=\u0022right\u0022\u003E\u003Cspan style=\u0022font-family: Arial; font-size: x-small;\u0022\u003ECr$ 2.000,00\u0026nbsp;\u003C\/span\u003E\u003C\/td\u003E\r\n\u003C\/tr\u003E\r\n\u003Ctr\u003E\r\n\u003Ctd\u003E\u003Cspan style=\u0022font-family: Arial; font-size: x-small;\u0022\u003E3.3.8.3.8.4\u003C\/span\u003E\u003C\/td\u003E\r\n\u003Ctd\u003E\u003Cspan style=\u0022font-family: Arial; font-size: x-small;\u0022\u003EEscolas - Subven\u0026ccedil;\u0026otilde;es Outras\u003C\/span\u003E\u003C\/td\u003E\r\n\u003Ctd align=\u0022right\u0022\u003E\u003Cspan style=\u0022font-family: Arial; font-size: x-small;\u0022\u003ECr$ 50.000,00\u0026nbsp;\u003C\/span\u003E\u003C\/td\u003E\r\n\u003C\/tr\u003E\r\n\u003Ctr\u003E\r\n\u003Ctd\u003E\u003Cspan style=\u0022font-family: Arial; font-size: x-small;\u0022\u003E8.2.8.8.1.3\u003C\/span\u003E\u003C\/td\u003E\r\n\u003Ctd\u003E\u003Cspan style=\u0022font-family: Arial; font-size: x-small;\u0022\u003ELogradouros P\u0026uacute;blicos - Material de consumo\u003C\/span\u003E\u003C\/td\u003E\r\n\u003Ctd align=\u0022right\u0022\u003E\u003Cspan style=\u0022font-family: Arial; font-size: x-small;\u0022\u003ECr$ 55.000,00\u0026nbsp;\u003C\/span\u003E\u003C\/td\u003E\r\n\u003C\/tr\u003E\r\n\u003Ctr\u003E\r\n\u003Ctd\u003E\u003Cspan style=\u0022font-family: Arial; font-size: x-small;\u0022\u003E8.2.8.8.1.4\u003C\/span\u003E\u003C\/td\u003E\r\n\u003Ctd\u003E\u003Cspan style=\u0022font-family: Arial; font-size: x-small;\u0022\u003ELogradouros P\u0026uacute;blicos - Despesas Diversas\u003C\/span\u003E\u003C\/td\u003E\r\n\u003Ctd align=\u0022right\u0022\u003E\u003Cspan style=\u0022font-family: Arial; font-size: x-small;\u0022\u003ECr$ 5.000,00\u0026nbsp;\u003C\/span\u003E\u003C\/td\u003E\r\n\u003C\/tr\u003E\r\n\u003Ctr\u003E\r\n\u003Ctd\u003E\u003Cspan style=\u0022font-family: Arial; font-size: x-small;\u0022\u003E8.4.8.8.5.1\u003C\/span\u003E\u003C\/td\u003E\r\n\u003Ctd\u003E\u003Cspan style=\u0022font-family: Arial; font-size: x-small;\u0022\u003ELimpeza P\u0026uacute;blica - Pessoal vari\u0026aacute;vel\u003C\/span\u003E\u003C\/td\u003E\r\n\u003Ctd align=\u0022right\u0022\u003E\u003Cspan style=\u0022font-family: Arial; font-size: x-small;\u0022\u003ECr$ 10.000,00\u0026nbsp;\u003C\/span\u003E\u003C\/td\u003E\r\n\u003C\/tr\u003E\r\n\u003Ctr\u003E\r\n\u003Ctd\u003E\u003Cspan style=\u0022font-family: Arial; font-size: x-small;\u0022\u003E8.4.8.8.5.3\u003C\/span\u003E\u003C\/td\u003E\r\n\u003Ctd\u003E\u003Cspan style=\u0022font-family: Arial; font-size: x-small;\u0022\u003ELimpeza P\u0026uacute;blica - Material de consumo\u003C\/span\u003E\u003C\/td\u003E\r\n\u003Ctd align=\u0022right\u0022\u003E\u003Cspan style=\u0022font-family: Arial; font-size: x-small;\u0022\u003ECr$ 8.000,00\u0026nbsp;\u003C\/span\u003E\u003C\/td\u003E\r\n\u003C\/tr\u003E\r\n\u003Ctr\u003E\r\n\u003Ctd\u003E\u003Cspan style=\u0022font-family: Arial; font-size: x-small;\u0022\u003E8.4.8.8.5.4\u003C\/span\u003E\u003C\/td\u003E\r\n\u003Ctd\u003E\u003Cspan style=\u0022font-family: Arial; font-size: x-small;\u0022\u003ELimpeza P\u0026uacute;blica - Despesas Diversas\u003C\/span\u003E\u003C\/td\u003E\r\n\u003Ctd align=\u0022right\u0022\u003E\u003Cspan style=\u0022font-family: Arial; font-size: x-small;\u0022\u003ECr$ 4.000,00\u0026nbsp;\u003C\/span\u003E\u003C\/td\u003E\r\n\u003C\/tr\u003E\r\n\u003Ctr\u003E\r\n\u003Ctd\u003E\u003Cspan style=\u0022font-family: Arial; font-size: x-small;\u0022\u003E8.5.8.8.7.3\u003C\/span\u003E\u003C\/td\u003E\r\n\u003Ctd\u003E\u003Cspan style=\u0022font-family: Arial; font-size: x-small;\u0022\u003EObras Novas - Material de consumo\u003C\/span\u003E\u003C\/td\u003E\r\n\u003Ctd align=\u0022right\u0022\u003E\u003Cspan style=\u0022font-family: Arial; font-size: x-small;\u0022\u003ECr$ 100.000,00\u0026nbsp;\u003C\/span\u003E\u003C\/td\u003E\r\n\u003C\/tr\u003E\r\n\u003Ctr\u003E\r\n\u003Ctd\u003E\u003Cspan style=\u0022font-family: Arial; font-size: x-small;\u0022\u003E8.5.8.8.7.4\u003C\/span\u003E\u003C\/td\u003E\r\n\u003Ctd\u003E\u003Cspan style=\u0022font-family: Arial; font-size: x-small;\u0022\u003EObras Novas - Despesas Diversas\u003C\/span\u003E\u003C\/td\u003E\r\n\u003Ctd align=\u0022right\u0022\u003E\u003Cspan style=\u0022font-family: Arial; font-size: x-small;\u0022\u003ECr$ 10.000,00\u0026nbsp;\u003C\/span\u003E\u003C\/td\u003E\r\n\u003C\/tr\u003E\r\n\u003Ctr\u003E\r\n\u003Ctd\u003E\u003Cspan style=\u0022font-family: Arial; font-size: x-small;\u0022\u003E9.2.8.9.1.4\u003C\/span\u003E\u003C\/td\u003E\r\n\u003Ctd\u003E\u003Cspan style=\u0022font-family: Arial; font-size: x-small;\u0022\u003ECaixa de Aposentadoria e Pens\u0026otilde;es\u003C\/span\u003E\u003C\/td\u003E\r\n\u003Ctd align=\u0022right\u0022\u003E\u003Cspan style=\u0022font-family: Arial; font-size: x-small;\u0022\u003ECr$ 50.000,00\u0026nbsp;\u003C\/span\u003E\u003C\/td\u003E\r\n\u003C\/tr\u003E\r\n\u003Ctr\u003E\r\n\u003Ctd\u003E\u003Cspan style=\u0022font-family: Arial; font-size: x-small;\u0022\u003E9.7.8.9.9.4\u003C\/span\u003E\u003C\/td\u003E\r\n\u003Ctd\u003E\u003Cspan style=\u0022font-family: Arial; font-size: x-small;\u0022\u003EExpediente - Delegacia de Pol\u0026iacute;cia\u003C\/span\u003E\u003C\/td\u003E\r\n\u003Ctd align=\u0022right\u0022\u003E\u003Cspan style=\u0022font-family: Arial; font-size: x-small;\u0022\u003ECr$ 4.000,00\u0026nbsp;\u003C\/span\u003E\u003C\/td\u003E\r\n\u003C\/tr\u003E\r\n\u003Ctr\u003E\r\n\u003Ctd\u003E\u003Cspan style=\u0022font-family: Arial; font-size: x-small;\u0022\u003E9.7.8.9.9.4\u003C\/span\u003E\u003C\/td\u003E\r\n\u003Ctd\u003E\u003Cspan style=\u0022font-family: Arial; font-size: x-small;\u0022\u003EAssist\u0026ecirc;ncia Judici\u0026aacute;ria - pobres\u003C\/span\u003E\u003C\/td\u003E\r\n\u003Ctd align=\u0022right\u0022\u003E\u003Cspan style=\u0022font-family: Arial; font-size: x-small;\u0022\u003ECr$ 3.000,00\u0026nbsp;\u003C\/span\u003E\u003C\/td\u003E\r\n\u003C\/tr\u003E\r\n\u003Ctr\u003E\r\n\u003Ctd\u003E\u003Cspan style=\u0022font-family: Arial; font-size: x-small;\u0022\u003E9.7.8.9.9.4\u003C\/span\u003E\u003C\/td\u003E\r\n\u003Ctd\u003E\u003Cspan style=\u0022font-family: Arial; font-size: x-small;\u0022\u003ETratorista - Despesas Diversas\u003C\/span\u003E\u003C\/td\u003E\r\n\u003Ctd align=\u0022right\u0022\u003E\u003Cspan style=\u0022font-family: Arial; font-size: x-small;\u0022\u003ECr$ 40.000,00\u0026nbsp;\u003C\/span\u003E\u003C\/td\u003E\r\n\u003C\/tr\u003E\r\n\u003Ctr\u003E\r\n\u003Ctd\u003E\u003Cspan style=\u0022font-family: Arial; font-size: x-small;\u0022\u003E9.7.8.9.9.4\u003C\/span\u003E\u003C\/td\u003E\r\n\u003Ctd\u003E\u003Cspan style=\u0022font-family: Arial; font-size: x-small;\u0022\u003EConsertos de tratores e materiais\u003C\/span\u003E\u003C\/td\u003E\r\n\u003Ctd align=\u0022right\u0022\u003E\u003Cspan style=\u0022font-family: Arial; font-size: x-small;\u0022\u003ECr$ 60.000,00\u0026nbsp;\u003C\/span\u003E\u003C\/td\u003E\r\n\u003C\/tr\u003E\r\n\u003Ctr\u003E\r\n\u003Ctd\u003E\u003Cspan style=\u0022font-family: Arial; font-size: x-small;\u0022\u003E9.7.8.9.9.4\u003C\/span\u003E\u003C\/td\u003E\r\n\u003Ctd\u003E\u003Cspan style=\u0022font-family: Arial; font-size: x-small;\u0022\u003EAlugu\u0026eacute;is de casas\u003C\/span\u003E\u003C\/td\u003E\r\n\u003Ctd align=\u0022right\u0022\u003E\u003Cspan style=\u0022font-family: Arial; font-size: x-small;\u0022\u003ECr$ 4.000,00\u0026nbsp;\u003C\/span\u003E\u003C\/td\u003E\r\n\u003C\/tr\u003E\r\n\u003Ctr\u003E\r\n\u003Ctd\u003E\u003Cspan style=\u0022font-family: Arial; font-size: x-small;\u0022\u003E9.7.8.9.9.4\u003C\/span\u003E\u003C\/td\u003E\r\n\u003Ctd\u003E\u003Cspan style=\u0022font-family: Arial; font-size: x-small;\u0022\u003EPagamento de 25% ao Estado - I.I.P.\u003C\/span\u003E\u003C\/td\u003E\r\n\u003Ctd align=\u0022right\u0022\u003E\u003Cspan style=\u0022font-family: Arial; font-size: x-small;\u0022\u003ECr$ 300.000,00\u0026nbsp;\u003C\/span\u003E\u003C\/td\u003E\r\n\u003C\/tr\u003E\r\n\u003Ctr\u003E\r\n\u003Ctd\u003E\u003Cspan style=\u0022font-family: Arial; font-size: x-small;\u0022\u003E9.8.8.9.9.4\u003C\/span\u003E\u003C\/td\u003E\r\n\u003Ctd\u003E\u003Cspan style=\u0022font-family: Arial; font-size: x-small;\u0022\u003EDespesas eventuais\u003C\/span\u003E\u003C\/td\u003E\r\n\u003Ctd align=\u0022right\u0022\u003E\u003Cspan style=\u0022font-family: Arial; font-size: x-small;\u0022\u003ECr$ 30.000,00\u0026nbsp;\u003C\/span\u003E\u003C\/td\u003E\r\n\u003C\/tr\u003E\r\n\u003Ctr\u003E\r\n\u003Ctd\u003E\u0026nbsp;\u003C\/td\u003E\r\n\u003C\/tr\u003E\r\n\u003C\/tbody\u003E\r\n\u003C\/table\u003E\r\n\u003Ctd\u003E\r\n\u003Cp align=\u0022right\u0022\u003E\u003Cspan style=\u0022font-family: Arial; font-size: x-small;\u0022\u003ETotal\u003C\/span\u003E\u003C\/p\u003E\r\n\u003C\/td\u003E\r\n\u003Ctd align=\u0022right\u0022\u003E\u003Cspan style=\u0022font-family: Arial; font-size: x-small;\u0022\u003ECr$ 800.000,00\u003C\/span\u003E\u003C\/td\u003E\r\n\u003C\/div\u003E\r\n\u003Cp\u003EArt. 2\u0026deg; - A suplementa\u0026ccedil;\u0026atilde;o de cr\u0026eacute;ditos acima mencionados correr\u0026aacute; por conta do excesso de arrecada\u0026ccedil;\u0026atilde;o do corrente exerc\u0026iacute;cio, entrando em vigor esta Lei na data de sua publica\u0026ccedil;\u0026atilde;o, ficando revogadas as disposi\u0026ccedil;\u0026otilde;es em contr\u0026aacute;rio.\u003C\/p\u003E\r\n\u003Cp\u003EGabinete do Prefeito Municipal de Itabaiana em, 28 de Outubro de 1960.\u003C\/p\u003E\r\n\u003Cp\u003E\u0026nbsp;\u003C\/p\u003E\r\n\u003Cp\u003EEuclides Paes Mendon\u0026ccedil;a\u0026nbsp;\u003C\/p\u003E\r\n\u003Cp\u003EPrefeito Municipal\u003C\/p\u003E\r\n\u003Cp\u003EEl\u0026iacute;zio Ara\u0026uacute;jo\u003C\/p\u003E\r\n\u003Cp\u003ESecret\u0026aacute;rio\u003C\/p\u003E\r\n\u003Cp\u003E\u0026nbsp;\u003C\/p\u003E","criado":"1960-10-28 00:00:00","alterado":"1960-10-28 00:00:00"},{"id":949,"titulo":"Aprova ato n\u00ba 267, de 15 de Julho de 1960, baixado pelo Sr. Prefeito Municipal.","numero":"204","categoria_id":1,"aprovada":"1960-08-25 00:00:00","slug":"aprova-ato-n-267-de-15-de-julho-de-1960-baixado-pelo-sr-prefeito-municipal","descricao":"\u003Cp class=\u0022t1\u0022\u003ELei n\u0026ordm; 204\u003C\/p\u003E\r\n\u003Cp class=\u0022t1\u0022\u003EDe 25 de Agosto de 1960.\u003C\/p\u003E\r\n\u003Cp\u003E\u0026nbsp;\u003C\/p\u003E\r\n\u003Cp class=\u0022assunto\u0022\u003EAprova ato n\u0026ordm; 267, de 15 de Julho de 1960, baixado pelo Sr. Prefeito Municipal.\u003C\/p\u003E\r\n\u003Cp\u003E\u0026nbsp;\u003C\/p\u003E\r\n\u003Cp\u003EO Prefeito Municipal de Itabaiana.\u003C\/p\u003E\r\n\u003Cp\u003EFa\u0026ccedil;o saber que a C\u0026acirc;mara de Vereadores deste Munic\u0026iacute;pio de Itabaiana, decretou e eu sanciono a seguinte Lei:\u003C\/p\u003E\r\n\u003Cp\u003EArt.1\u0026ordm; - Fica aprovado o Ato n\u0026ordm; 267, de 15 de julho de 1960, baixado pelo Sr. Prefeito Municipal, que se encontra anexo.\u003C\/p\u003E\r\n\u003Cp\u003EArt. 2\u0026ordm; - Esta Lei entrar\u0026aacute; em vigor na data de sua publica\u0026ccedil;\u0026atilde;o, ficando revogadas as disposi\u0026ccedil;\u0026otilde;es em contr\u0026aacute;rio.\u003C\/p\u003E\r\n\u003Cp\u003EGabinete do Prefeito Municipal de Itabaiana, em 25 de Agosto de 1960.\u003C\/p\u003E\r\n\u003Cp\u003E\u0026nbsp;\u003C\/p\u003E\r\n\u003Cp\u003EEuclides Paes Mendon\u0026ccedil;a\u0026nbsp;\u003C\/p\u003E\r\n\u003Cp\u003EPrefeito Municipal\u003C\/p\u003E\r\n\u003Cp\u003EEl\u0026iacute;zio Ara\u0026uacute;jo\u003C\/p\u003E\r\n\u003Cp\u003ESecret\u0026aacute;rio\u003C\/p\u003E\r\n\u003Cp\u003E\u0026nbsp;\u003C\/p\u003E","criado":"1960-08-25 00:00:00","alterado":"1960-08-25 00:00:00"},{"id":948,"titulo":"Aprova Plano Rodovi\u00e1rio Municipal e d\u00e1 outras provid\u00eancias.","numero":"203","categoria_id":1,"aprovada":"1960-08-25 00:00:00","slug":"aprova-plano-rodovi-rio-municipal-e-d-outras-provid-ncias","descricao":"\u003Cp class=\u0022t1\u0022\u003ELei n\u0026ordm; 203\u003C\/p\u003E\r\n\u003Cp class=\u0022t1\u0022\u003EDe 25 de Agosto de 1960.\u003C\/p\u003E\r\n\u003Cp\u003E\u0026nbsp;\u003C\/p\u003E\r\n\u003Cp class=\u0022assunto\u0022\u003EAprova Plano Rodovi\u0026aacute;rio Municipal e d\u0026aacute; outras provid\u0026ecirc;ncias.\u003C\/p\u003E\r\n\u003Cp\u003E\u0026nbsp;\u003C\/p\u003E\r\n\u003Cp\u003EO Prefeito Municipal de Itabaiana.\u003C\/p\u003E\r\n\u003Cp\u003EFa\u0026ccedil;o saber que a C\u0026acirc;mara de Vereadores deste Munic\u0026iacute;pio de Itabaiana, decretou e eu sanciono a seguinte Lei:\u003C\/p\u003E\r\n\u003Cp\u003EArt.1\u0026ordm; - Fica aprovado o Plano Rodovi\u0026aacute;rio do munic\u0026iacute;pio de Itabaiana, levantado pelo Engenheiro Herman Cris\u0026oacute;stomo Centurian Comet, em 12 de agosto do corrente ano de 1960, tendo em vista a divis\u0026atilde;o administrativa e judici\u0026aacute;ria do Estado estabelecida nas Leis m\u0026ordm; 554, de 06 de fevereiro de 1954, e Lei 823, de 24 de julho de 1957.\u003C\/p\u003E\r\n\u003Cp\u003EArt. 2\u0026ordm; - O Plano Rodovi\u0026aacute;rio de que trata o artigo anterior consta da planta em anexo, que integrar\u0026aacute; a presente Lei.\u003C\/p\u003E\r\n\u003Cp\u003EArt. 3\u0026ordm; - Esta Lei entrar\u0026aacute; em vigor na data de sua publica\u0026ccedil;\u0026atilde;o, ficando revogadas as disposi\u0026ccedil;\u0026otilde;es em contr\u0026aacute;rio.\u003C\/p\u003E\r\n\u003Cp\u003EGabinete do Prefeito Municipal de Itabaiana, em 25 de Agosto de 1960.\u003C\/p\u003E\r\n\u003Cp\u003E\u0026nbsp;\u003C\/p\u003E\r\n\u003Cp\u003EEuclides Paes Mendon\u0026ccedil;a\u0026nbsp;\u003C\/p\u003E\r\n\u003Cp\u003EPrefeito Municipal\u003C\/p\u003E\r\n\u003Cp\u003EEl\u0026iacute;zio Ara\u0026uacute;jo\u003C\/p\u003E\r\n\u003Cp\u003ESecret\u0026aacute;rio\u003C\/p\u003E\r\n\u003Cp\u003E\u0026nbsp;\u003C\/p\u003E","criado":"1960-08-25 00:00:00","alterado":"1960-08-25 00:00:00"},{"id":947,"titulo":"Aprova planta da Cidade e d\u00e1 outras provid\u00eancias.","numero":"202","categoria_id":1,"aprovada":"1960-08-25 00:00:00","slug":"aprova-planta-da-cidade-e-d-outras-provid-ncias","descricao":"\u003Cp class=\u0022t1\u0022\u003ELei n\u0026ordm; 202\u003C\/p\u003E\r\n\u003Cp class=\u0022t1\u0022\u003EDe 25 de Agosto de 1960.\u003C\/p\u003E\r\n\u003Cp\u003E\u0026nbsp;\u003C\/p\u003E\r\n\u003Cp class=\u0022assunto\u0022\u003EAprova planta da Cidade e d\u0026aacute; outras provid\u0026ecirc;ncias.\u003C\/p\u003E\r\n\u003Cp\u003E\u0026nbsp;\u003C\/p\u003E\r\n\u003Cp\u003EO Prefeito Municipal de Itabaiana.\u003C\/p\u003E\r\n\u003Cp\u003EFa\u0026ccedil;o saber que a C\u0026acirc;mara de Vereadores deste Munic\u0026iacute;pio de Itabaiana, decretou e eu sanciono a seguinte Lei:\u003C\/p\u003E\r\n\u003Cp\u003EArt.1\u0026ordm; - Fica aprovado o Plano de Urbaniza\u0026ccedil;\u0026atilde;o desta Cidade de Itabaiana, levantado desde de 1956, pelo Engenheiro Herman Cris\u0026oacute;stomo Centurian Camet ee pelo mesmo, atualizado em 12 de agosto do ano em curso, constante da planta em anexo que integrar\u0026aacute; a presente Lei.\u003C\/p\u003E\r\n\u003Cp\u003EArt. 2\u0026ordm; - Esta Lei entrar\u0026aacute; em vigor na data de sua publica\u0026ccedil;\u0026atilde;o, ficando revogadas as disposi\u0026ccedil;\u0026otilde;es em contr\u0026aacute;rio.\u003C\/p\u003E\r\n\u003Cp\u003EGabinete do Prefeito Municipal de Itabaiana, em 25 de Agosto de 1960.\u003C\/p\u003E\r\n\u003Cp\u003E\u0026nbsp;\u003C\/p\u003E\r\n\u003Cp\u003EEuclides Paes Mendon\u0026ccedil;a\u0026nbsp;\u003C\/p\u003E\r\n\u003Cp\u003EPrefeito Municipal\u003C\/p\u003E\r\n\u003Cp\u003EEl\u0026iacute;zio Ara\u0026uacute;jo\u003C\/p\u003E\r\n\u003Cp\u003ESecret\u0026aacute;rio\u003C\/p\u003E\r\n\u003Cp\u003E\u0026nbsp;\u003C\/p\u003E","criado":"1960-08-25 00:00:00","alterado":"1960-08-25 00:00:00"},{"id":946,"titulo":"Cria o Departamento Municipal de Estradas de Rodagem.","numero":"201","categoria_id":1,"aprovada":"1960-08-05 00:00:00","slug":"cria-o-departamento-municipal-de-estradas-de-rodagem","descricao":"\u003Cp class=\u0022t1\u0022\u003ELei n\u0026ordm; 201\u003C\/p\u003E\r\n\u003Cp class=\u0022t1\u0022\u003EDe 05 de Agosto de 1960.\u003C\/p\u003E\r\n\u003Cp\u003E\u0026nbsp;\u003C\/p\u003E\r\n\u003Cp class=\u0022assunto\u0022\u003ECria o Departamento Municipal de Estradas de Rodagem.\u003C\/p\u003E\r\n\u003Cp\u003E\u0026nbsp;\u003C\/p\u003E\r\n\u003Cp\u003EO Prefeito Municipal de Itabaiana.\u003C\/p\u003E\r\n\u003Cp\u003EFa\u0026ccedil;o saber que a C\u0026acirc;mara de Vereadores deste Munic\u0026iacute;pio de Itabaiana, decretou e eu sanciono a seguinte Lei:\u003C\/p\u003E\r\n\u003Cp align=\u0022center\u0022\u003E\u0026nbsp;\u003C\/p\u003E\r\n\u003Cp class=\u0022t1a\u0022 align=\u0022center\u0022\u003ECAP\u0026Iacute;TULO I\u003C\/p\u003E\r\n\u003Cp class=\u0022t1a\u0022 align=\u0022center\u0022\u003EDo Car\u0026aacute;ter e dos Fins do Departamento Municipal de Estradas de Rodagem\u003C\/p\u003E\r\n\u003Cp\u003EArt.1\u0026ordm; - Fica criado o Departamento Municipal de Estradas de Rodagem (DMER), diretamente subordinado ao Prefeito e com autonomia administrativa e financeira, nos termos da presente Lei.\u003C\/p\u003E\r\n\u003Cp\u003EArt. 2\u0026ordm; - Ao DMER compete:\u0026nbsp;\u003C\/p\u003E\r\n\u003Cp\u003Ea) elaborar Plano Rodovi\u0026aacute;rio Municipal e proceder a sua revis\u0026atilde;o peri\u0026oacute;dica de acordo com o Departamento Nacional de Estradas e Rodagem, de cinco em cinco anos, pelo menos;\u0026nbsp;\u003C\/p\u003E\r\n\u003Cp\u003Eb) dar execu\u0026ccedil;\u0026atilde;o sistem\u0026aacute;tica a esse plano, efetuando ou fiscalizando todos os servi\u0026ccedil;os t\u0026eacute;cnicos e administrativos, concernentes a estudos, projetos, especifica\u0026ccedil;\u0026otilde;es, or\u0026ccedil;amentos, loca\u0026ccedil;\u0026atilde;o, constru\u0026ccedil;\u0026atilde;o, reconstru\u0026ccedil;\u0026atilde;o e melhoramentos das rodovias municipais;\u0026nbsp;\u003C\/p\u003E\r\n\u003Cp\u003Ec) conservar permanentemente as rodovias municipais;\u0026nbsp;\u003C\/p\u003E\r\n\u003Cp\u003Ed) exercer a pol\u0026iacute;tica de tr\u0026aacute;fego nas rodovias municipais;\u0026nbsp;\u003C\/p\u003E\r\n\u003Cp\u003Ee) conceder ou autorizar e fiscalizar a explora\u0026ccedil;\u0026atilde;o dos servi\u0026ccedil;os de transporte coletivo nas rodovias municipais, observadas as condi\u0026ccedil;\u0026otilde;es t\u0026eacute;cnicas estabelecidas pelo Departamento Nacional de Estradas e Rodagem;\u0026nbsp;\u003C\/p\u003E\r\n\u003Cp\u003Ef) conceder licen\u0026ccedil;a para coloca\u0026ccedil;\u0026atilde;o de postes, an\u0026uacute;ncios, postos de gazolina e outras utiliza\u0026ccedil;\u0026otilde;es, compat\u0026iacute;veis com o local na faixa de dom\u0026iacute;nio das rodovias municipais;\u0026nbsp;\u003C\/p\u003E\r\n\u003Cp\u003Eg) Submeter \u0026agrave; aprova\u0026ccedil;\u0026atilde;o do Departamento Nacional de Estradas e Rodagem, por interm\u0026eacute;dio do Prefeito, os planos de opera\u0026ccedil;\u0026otilde;es de cr\u0026eacute;dito ou financiamento de qualquer natureza, que tiverem de ser garantidos pela cota do Munic\u0026iacute;pio no Fundo Rodovi\u0026aacute;rio Nacional;\u0026nbsp;\u003C\/p\u003E\r\n\u003Cp\u003Eh) Prestar anualmente ao Departamento Nacional de Estradas e Rodagem, contas pormenorizadas da aplica\u0026ccedil;\u0026atilde;o integral ao fim a que se destinem, das cotas do Fundo Rodovi\u0026aacute;rio Nacional, recebidas no exerc\u0026iacute;cio anterior, acompanhadas de relat\u0026oacute;rio sobre a execu\u0026ccedil;\u0026atilde;o do or\u0026ccedil;amento do referido exerc\u0026iacute;cio;\u0026nbsp;\u003C\/p\u003E\r\n\u003Cp\u003Ei) Facilitar ao Departamento Nacional de Estradas e Rodagem o conhecimento das atividades rodovi\u0026aacute;rias do Munic\u0026iacute;pio, permitindo-lhe verificar a perfeita observ\u0026acirc;ncia das condi\u0026ccedil;\u0026otilde;es para o recebimento da cota do Fundo Rodovi\u0026aacute;rio Nacional;\u0026nbsp;\u003C\/p\u003E\r\n\u003Cp\u003Ej) Adotar as mesmas normas t\u0026eacute;cnicas administrativas, inclusive nomenclatura, vigorante nos servi\u0026ccedil;os do Departamento Nacional de Estradas e Rodagem;\u0026nbsp;\u003C\/p\u003E\r\n\u003Cp\u003Ek) Manter-se em constante comunica\u0026ccedil;\u0026atilde;o com o Departamento Nacional de Estradas e Rodagem, dando-lhe pleno e imediato conhecimento de situa\u0026ccedil;\u0026atilde;o exata da via\u0026ccedil;\u0026atilde;o rodovi\u0026aacute;ria municipal, inclusive das leis e demais disposi\u0026ccedil;\u0026otilde;es que a regulamente ou vierem a regulamentar;\u0026nbsp;\u003C\/p\u003E\r\n\u003Cp\u003El) estimular, por todos os meios h\u0026aacute;beis, a propaganda da estrada de rodagem, dando publicidades. Como de estudos sobre a t\u0026eacute;cnica, economia e administra\u0026ccedil;\u0026atilde;o rodovi\u0026aacute;rias e demais assuntos relativos ao tr\u0026aacute;fego em estradas de rodagem.\u0026nbsp;\u003C\/p\u003E\r\n\u003Cp\u003EPar\u0026aacute;grafo \u0026Uacute;nico - Consideram-se rodovias municipais as estradas de rodagem compreendidas no Plano Rodovi\u0026aacute;rio do Munic\u0026iacute;pio.\u003C\/p\u003E\r\n\u003Cp\u003E\u0026nbsp;\u003C\/p\u003E\r\n\u003Cp class=\u0022t1a\u0022 align=\u0022center\u0022\u003ECAP\u0026Iacute;TULO II\u003C\/p\u003E\r\n\u003Cp class=\u0022t1a\u0022 align=\u0022center\u0022\u003EDa Organiza\u0026ccedil;\u0026atilde;o\u003C\/p\u003E\r\n\u003Cp\u003EArt. 3\u0026ordm; - O DMER ser\u0026aacute; dirigido, preferencialmente por um engenheiro civil, nomeado em comiss\u0026atilde;o pelo Prefeito.\u0026nbsp;\u003C\/p\u003E\r\n\u003Cp\u003EPar\u0026aacute;grafo \u0026Uacute;nico - A nomea\u0026ccedil;\u0026atilde;o do chefe do DMER poder\u0026aacute; recair em funcion\u0026aacute;rio de Prefeitura.\u003C\/p\u003E\r\n\u003Cp\u003EArt. 4\u0026ordm; - \u0026Agrave; Chefia do DMER compete:\u0026nbsp;\u003C\/p\u003E\r\n\u003Cp\u003Ea) elaborar e submeter ao Prefeito os programas anuais e respectivos or\u0026ccedil;amentos;\u0026nbsp;\u003C\/p\u003E\r\n\u003Cp\u003Eb) dirigir e fiscaliza a execu\u0026ccedil;\u0026atilde;o desses programas;\u0026nbsp;\u003C\/p\u003E\r\n\u003Cp\u003Ec) informar ao Prefeito sobre o andamento dos trabalhos do DMER e prestar todas as informa\u0026ccedil;\u0026otilde;es solicitadas;\u0026nbsp;\u003C\/p\u003E\r\n\u003Cp\u003Ed) prestar contas pormenorizadas ao Prefeito, do emprego, da receita do DMER;\u0026nbsp;\u003C\/p\u003E\r\n\u003Cp\u003Ee) exercer as demais atribui\u0026ccedil;\u0026otilde;es que lhe forem conferidas pelo Regimento Interno.\u003C\/p\u003E\r\n\u003Cp\u003E\u0026nbsp;\u003C\/p\u003E\r\n\u003Cp class=\u0022t1a\u0022 align=\u0022center\u0022\u003ECAP\u0026Iacute;TULO III\u003C\/p\u003E\r\n\u003Cp class=\u0022t1a\u0022 align=\u0022center\u0022\u003EDa Receita do DMER.\u003C\/p\u003E\r\n\u003Cp\u003EArt.5\u0026ordm; - A receita do DMER ser\u0026aacute; constitu\u0026iacute;da:\u0026nbsp;\u003C\/p\u003E\r\n\u003Cp\u003Ea) Da cota que couber ao Munic\u0026iacute;pio no Fundo Rodovi\u0026aacute;rio Nacional.\u0026nbsp;\u003C\/p\u003E\r\n\u003Cp\u003Eb) Da contribui\u0026ccedil;\u0026atilde;o or\u0026ccedil;ament\u0026aacute;rio do Munic\u0026iacute;pio, em import\u0026acirc;ncia nunca inferior, em cada exerc\u0026iacute;cio, a cinco por cento da receita geral or\u0026ccedil;ada, exclu\u0026iacute;das as rendas industriais;\u0026nbsp;\u003C\/p\u003E\r\n\u003Cp\u003Ec) Do produto a contribui\u0026ccedil;\u0026atilde;o de melhoria e de ped\u0026aacute;gio ou quaisquer taxas, multas ou licen\u0026ccedil;as, cobradas pelo uso das rodovias municipais ou das respectivas faixas de dom\u0026iacute;nio;\u0026nbsp;\u003C\/p\u003E\r\n\u003Cp\u003Ed) De cr\u0026eacute;ditos especiais;\u0026nbsp;\u003C\/p\u003E\r\n\u003Cp\u003Ee) Das demais rendas que, por sua natureza ou disposi\u0026ccedil;\u0026atilde;o especial, devem competir ao Departamento.\u003C\/p\u003E\r\n\u003Cp\u003EArt. 6\u0026ordm; - Os recursos mencionados no artigo anterior, recebidos por quem de direito, ser\u0026atilde;o depositados na mesma conta banc\u0026aacute;ria, por duod\u0026eacute;cimos, at\u0026eacute; o dia 15 de cada m\u0026ecirc;s.\u003C\/p\u003E\r\n\u003Cp\u003EArt. 7\u0026ordm; - A receita e a despesa do DMER ser\u0026atilde;o contabilizadas separadamente das do Munic\u0026iacute;pio, incorporando-se, entretanto, em globo aos balan\u0026ccedil;os da Prefeitura.\u003C\/p\u003E\r\n\u003Cp\u003E\u0026nbsp;\u003C\/p\u003E\r\n\u003Cp class=\u0022t1a\u0022 align=\u0022center\u0022\u003ECAP\u0026Iacute;TULO IV\u003C\/p\u003E\r\n\u003Cp class=\u0022t1a\u0022 align=\u0022center\u0022\u003EDisposi\u0026ccedil;\u0026otilde;es Gerais\u003C\/p\u003E\r\n\u003Cp\u003EArt. 8\u0026ordm; - As d\u0026iacute;vidas e comiss\u0026otilde;es desta Lei ser\u0026atilde;o resolvidas pelo Prefeito municipal.\u003C\/p\u003E\r\n\u003Cp\u003EArt. 9\u0026ordm; - Dentro de 90 dias o Prefeito baixar\u0026aacute; o Regimento Interno do DMER. Esta Lei entrar\u0026aacute; em vigor na data de sua publica\u0026ccedil;\u0026atilde;o, ficando revogadas as disposi\u0026ccedil;\u0026otilde;es em contr\u0026aacute;rio.\u003C\/p\u003E\r\n\u003Cp\u003EGabinete do Prefeito Municipal de Itabaiana, em 05 de Agosto de 1960.\u003C\/p\u003E\r\n\u003Cp\u003E\u0026nbsp;\u003C\/p\u003E\r\n\u003Cp\u003EEuclides Paes Mendon\u0026ccedil;a\u0026nbsp;\u003C\/p\u003E\r\n\u003Cp\u003EPrefeito Municipal\u003C\/p\u003E\r\n\u003Cp\u003EEl\u0026iacute;zio Ara\u0026uacute;jo\u003C\/p\u003E\r\n\u003Cp\u003ESecret\u0026aacute;rio\u003C\/p\u003E\r\n\u003Cp\u003E\u0026nbsp;\u003C\/p\u003E","criado":"1960-08-05 00:00:00","alterado":"1960-08-05 00:00:00"},{"id":945,"titulo":"Autoriza o Poder Executivo Municipal para efetuar a venda de duas \u00e1reas de terrenos que ficam localizados, um nesta Cidade e outro no Matadouro Municipal de propriedade desta Prefeitura","numero":"200","categoria_id":1,"aprovada":"1960-10-26 00:00:00","slug":"autoriza-o-poder-executivo-municipal-para-efetuar-a-venda-de-duas-reas-de-terrenos-que-ficam-localizados-um-nesta-cidade-e-outro-no-matadouro-municipal-de-propriedade-desta-prefeitura","descricao":"\u003Cp class=\u0022t1\u0022\u003ELei n\u0026ordm; 200\u003C\/p\u003E\r\n\u003Cp class=\u0022t1\u0022\u003EDe 26 de Outubro de 1960.\u003C\/p\u003E\r\n\u003Cp\u003E\u0026nbsp;\u003C\/p\u003E\r\n\u003Cp class=\u0022assunto\u0022\u003EAutoriza o Poder Executivo Municipal para efetuar a venda de duas \u0026aacute;reas de terrenos que ficam localizados, um nesta Cidade e outro no Matadouro Municipal de propriedade desta Prefeitura\u003C\/p\u003E\r\n\u003Cp\u003E\u0026nbsp;\u003C\/p\u003E\r\n\u003Cp\u003EO Prefeito Municipal de Itabaiana.\u003C\/p\u003E\r\n\u003Cp\u003EFa\u0026ccedil;o saber que a C\u0026acirc;mara de Vereadores deste Munic\u0026iacute;pio de Itabaiana, decretou e eu sanciono a seguinte Lei:\u003C\/p\u003E\r\n\u003Cp\u003EArt.1\u0026ordm; - Fica o Poder Executivo Municipal autorizado a fazer a venda de duas \u0026aacute;reas de terrenos pertencentes a esta Prefeitura, os quais ficam localizados, um nesta Cidade, na esquina da Rua 13 de Maio com a Rua General Siqueira e o outro no Matadouro Municipal, no lugar Porto deste sub\u0026uacute;rbio.\u003C\/p\u003E\r\n\u003Cp\u003EArt. 2\u0026ordm; - As referidas \u0026aacute;reas de terrenos s\u0026atilde;o vendidas por meio de Escritura P\u0026uacute;blica.\u003C\/p\u003E\r\n\u003Cp\u003EArt. 3\u0026ordm; - Esta Lei entrar\u0026aacute; em vigor na data de sua publica\u0026ccedil;\u0026atilde;o, ficando revogadas as disposi\u0026ccedil;\u0026otilde;es em contr\u0026aacute;rio.\u003C\/p\u003E\r\n\u003Cp\u003EGabinete do Prefeito Municipal de Itabaiana, em 30 de Junho de 1960.\u003C\/p\u003E\r\n\u003Cp\u003E\u0026nbsp;\u003C\/p\u003E\r\n\u003Cp\u003EEuclides Paes Mendon\u0026ccedil;a\u0026nbsp;\u003C\/p\u003E\r\n\u003Cp\u003EPrefeito Municipal\u003C\/p\u003E\r\n\u003Cp\u003EEl\u0026iacute;zio Ara\u0026uacute;jo\u003C\/p\u003E\r\n\u003Cp\u003ESecret\u0026aacute;rio\u003C\/p\u003E\r\n\u003Cp\u003E\u0026nbsp;\u003C\/p\u003E","criado":"1960-10-26 00:00:00","alterado":"1960-10-26 00:00:00"},{"id":944,"titulo":"Abre Cr\u00e9dito Especial para ocorrer despesas efetuadas com a micareme que foi realizada nesta Cidade.","numero":"199","categoria_id":1,"aprovada":"1960-06-30 00:00:00","slug":"abre-cr-dito-especial-para-ocorrer-despesas-efetuadas-com-a-micareme-que-foi-realizada-nesta-cidade","descricao":"\u003Cp class=\u0022t1\u0022\u003ELei n\u0026ordm; 199\u003C\/p\u003E\r\n\u003Cp class=\u0022t1\u0022\u003EDe 30 de Junho de 1960.\u003C\/p\u003E\r\n\u003Cp\u003E\u0026nbsp;\u003C\/p\u003E\r\n\u003Cp class=\u0022assunto\u0022\u003EAbre Cr\u0026eacute;dito Especial para ocorrer despesas efetuadas com a micareme que foi realizada nesta Cidade.\u003C\/p\u003E\r\n\u003Cp\u003E\u0026nbsp;\u003C\/p\u003E\r\n\u003Cp\u003EO Prefeito Municipal de Itabaiana.\u003C\/p\u003E\r\n\u003Cp\u003EFa\u0026ccedil;o saber que a C\u0026acirc;mara de Vereadores deste Munic\u0026iacute;pio de Itabaiana, decretou e eu sanciono a seguinte Lei:\u003C\/p\u003E\r\n\u003Cp\u003EArt.1\u0026ordm; - Fica autorizado o Poder Executivo Municipal, a abrir um Cr\u0026eacute;dito Especial da import\u0026acirc;ncia de quarenta mil cruzeiros (Cr$ 40.000,00) para efetuar pagamento das despesas feiras com a micareme, realizada nesta cidade, nos dias 7 e 8 de maio findo, com os aux\u0026iacute;lios doados aos clubes denominados \u0022Margem da Serra\u0022, \u0022Gavi\u0026otilde;es do Luar\u0022 e \u0022Lobo do Mar\u0022, que foi de (Cr$ 12.000,00) a cada clube e outras despesas realizadas para o brilhantismo da mesma, que j\u0026aacute; se tornou tradicional na nossa cidade.\u003C\/p\u003E\r\n\u003Cp\u003EArt. 2\u0026ordm; - A quantia acima referida, correr\u0026aacute; por conta do excesso de arrecada\u0026ccedil;\u0026atilde;o do corrente exerc\u0026iacute;cio.\u003C\/p\u003E\r\n\u003Cp\u003EArt. 3\u0026ordm; - A presente Lei entrar\u0026aacute; em vigor na data de sua publica\u0026ccedil;\u0026atilde;o, revogadas as disposi\u0026ccedil;\u0026otilde;es em contr\u0026aacute;rio.\u003C\/p\u003E\r\n\u003Cp\u003EGabinete do Prefeito Municipal de Itabaiana, em 30 de Junho de 1960.\u003C\/p\u003E\r\n\u003Cp\u003E\u0026nbsp;\u003C\/p\u003E\r\n\u003Cp\u003EEuclides Paes Mendon\u0026ccedil;a\u0026nbsp;\u003C\/p\u003E\r\n\u003Cp\u003EPrefeito Municipal\u003C\/p\u003E\r\n\u003Cp\u003EEl\u0026iacute;zio Ara\u0026uacute;jo\u003C\/p\u003E\r\n\u003Cp\u003ESecret\u0026aacute;rio\u003C\/p\u003E\r\n\u003Cp\u003E\u0026nbsp;\u003C\/p\u003E","criado":"1960-06-30 00:00:00","alterado":"1960-06-30 00:00:00"},{"id":943,"titulo":"Abre Cr\u00e9dito Especial, para ocorrer despesas efetuadas com a compra de 100 rolos de arame farpado, para servi\u00e7os de utilidade p\u00fablica, realizadas nesta Cidade e Munic\u00edpio.","numero":"198","categoria_id":1,"aprovada":"1960-06-30 00:00:00","slug":"abre-cr-dito-especial-para-ocorrer-despesas-efetuadas-com-a-compra-de-100-rolos-de-arame-farpado-para-servi-os-de-utilidade-p-blica-realizadas-nesta-cidade-e-munic-pio","descricao":"\u003Cp class=\u0022t1\u0022\u003ELei n\u0026ordm; 198\u003C\/p\u003E\r\n\u003Cp class=\u0022t1\u0022\u003EDe 30 de Junho de 1960.\u003C\/p\u003E\r\n\u003Cp\u003E\u0026nbsp;\u003C\/p\u003E\r\n\u003Cp class=\u0022assunto\u0022\u003EAbre Cr\u0026eacute;dito Especial, para ocorrer despesas efetuadas com a compra de 100 rolos de arame farpado, para servi\u0026ccedil;os de utilidade p\u0026uacute;blica, realizadas nesta Cidade e Munic\u0026iacute;pio.\u003C\/p\u003E\r\n\u003Cp\u003E\u0026nbsp;\u003C\/p\u003E\r\n\u003Cp\u003EO Prefeito Municipal de Itabaiana.\u003C\/p\u003E\r\n\u003Cp\u003EFa\u0026ccedil;o saber que a C\u0026acirc;mara de Vereadores deste Munic\u0026iacute;pio de Itabaiana, decretou e eu sanciono a seguinte Lei:\u003C\/p\u003E\r\n\u003Cp\u003EArt.1\u0026ordm; - Fica o Poder Executivo Municipal autorizado a abrir um Cr\u0026eacute;dito Especial Municipal, autorizado a abrir um Cr\u0026eacute;dito Especial, de cento e cincoenta e sete mil e quinhentos cruzeiros (Cr$ 150.500,00), para efetuar o pagamento de cem (100) rolos de arame farpado, comprado na casa comercial do sr. Nelson Martins, em Aracaju, o quais foram empregados para constru\u0026ccedil;\u0026otilde;es das cercas de prolongamentos de ruas abertas no sub\u0026uacute;rbio deste Cidade e cercamentos de terrenos indenizados, isolando as propriedades das pessoas indenizadas, por onde est\u0026atilde;o passando as estradas de rodagens deste Munic\u0026iacute;pio, para todos os Povoados, para conforto de seus mun\u0026iacute;cipes.\u003C\/p\u003E\r\n\u003Cp\u003EArt. 2\u0026ordm; - A quantia acima referida correr\u0026aacute; por conta do excesso da arrecada\u0026ccedil;\u0026atilde;o do corrente exerc\u0026iacute;cio.\u003C\/p\u003E\r\n\u003Cp\u003EArt. 3\u0026ordm; - Esta Lei entrar\u0026aacute; em vigor na data de sua publica\u0026ccedil;\u0026atilde;o, ficando revogadas as disposi\u0026ccedil;\u0026otilde;es em contr\u0026aacute;rio.\u003C\/p\u003E\r\n\u003Cp\u003EGabinete do Prefeito Municipal de Itabaiana, em 30 de Junho de 1960.\u003C\/p\u003E\r\n\u003Cp\u003E\u0026nbsp;\u003C\/p\u003E\r\n\u003Cp\u003EEuclides Paes Mendon\u0026ccedil;a\u0026nbsp;\u003C\/p\u003E\r\n\u003Cp\u003EPrefeito Municipal\u003C\/p\u003E\r\n\u003Cp\u003EEl\u0026iacute;zio Ara\u0026uacute;jo\u003C\/p\u003E\r\n\u003Cp\u003ESecret\u0026aacute;rio\u003C\/p\u003E\r\n\u003Cp\u003E\u0026nbsp;\u003C\/p\u003E","criado":"1960-06-30 00:00:00","alterado":"1960-06-30 00:00:00"},{"id":942,"titulo":"Autoriza o Poder Executivo Municipal adquirir um trator rodovi\u00e1rio e uma motoniveladora para os servi\u00e7os da comuna.","numero":"197","categoria_id":1,"aprovada":"1960-10-26 00:00:00","slug":"autoriza-o-poder-executivo-municipal-adquirir-um-trator-rodovi-rio-e-uma-motoniveladora-para-os-servi-os-da-comuna","descricao":"\u003Cp class=\u0022t1\u0022\u003ELei n\u0026ordm; 197\u003C\/p\u003E\r\n\u003Cp class=\u0022t1\u0022\u003EDe 26 de Outubro de 1960.\u003C\/p\u003E\r\n\u003Cp\u003E\u0026nbsp;\u003C\/p\u003E\r\n\u003Cp class=\u0022assunto\u0022\u003EAutoriza o Poder Executivo Municipal adquirir um trator rodovi\u0026aacute;rio e uma motoniveladora para os servi\u0026ccedil;os da comuna.\u003C\/p\u003E\r\n\u003Cp\u003E\u0026nbsp;\u003C\/p\u003E\r\n\u003Cp\u003EO Prefeito Municipal de Itabaiana.\u003C\/p\u003E\r\n\u003Cp\u003EFa\u0026ccedil;o saber que a C\u0026acirc;mara de Vereadores deste Munic\u0026iacute;pio de Itabaiana, decretou e eu sanciono a seguinte Lei:\u003C\/p\u003E\r\n\u003Cp\u003EArt.1\u0026ordm; - Fica o Poder Executivo Municipal autorizado a adquiri para os servi\u0026ccedil;os da Comuna um trator rodovi\u0026aacute;rio at\u0026eacute; o limite de hum milh\u0026atilde;o e quinhentos mil cruzeiros (Cr$ 1.500.000,00) e uma motoniveladora at\u0026eacute; o limite de tr\u0026ecirc;s milh\u0026otilde;es e duzentos mil cruzeiros (Cr$ 3.200.000,00),\u003C\/p\u003E\r\n\u003Cp\u003EArt. 2\u0026ordm; - Para os fins da opera\u0026ccedil;\u0026atilde;o constante do art 1\u0026ordm;, fica o Prefeito Municipal autorizado a oferecer como garantia de pagamento a quota do imposto sobre a renda proveniente do artigo 15, par\u0026aacute;grafo 2\u0026ordm; da Constitui\u0026ccedil;\u0026atilde;o Federal.\u003C\/p\u003E\r\n\u003Cp\u003EArt. 3\u0026ordm; - Revogam-se as disposi\u0026ccedil;\u0026otilde;es em contr\u0026aacute;rio.\u003C\/p\u003E\r\n\u003Cp\u003EGabinete do Prefeito Municipal de Itabaiana, em 26 de Fevereiro de 1960.\u003C\/p\u003E\r\n\u003Cp\u003E\u0026nbsp;\u003C\/p\u003E\r\n\u003Cp\u003EEuclides Paes Mendon\u0026ccedil;a\u0026nbsp;\u003C\/p\u003E\r\n\u003Cp\u003EPrefeito Municipal\u003C\/p\u003E\r\n\u003Cp\u003EEl\u0026iacute;zio Ara\u0026uacute;jo\u003C\/p\u003E\r\n\u003Cp\u003ESecret\u0026aacute;rio\u003C\/p\u003E\r\n\u003Cp\u003E\u0026nbsp;\u003C\/p\u003E","criado":"1960-10-26 00:00:00","alterado":"1960-10-26 00:00:00"},{"id":941,"titulo":"Abre Cr\u00e9dito especial para ocorrer despesas de indeniza\u00e7\u00f5es de oito (8) casas nesta cidade.","numero":"196","categoria_id":1,"aprovada":"1960-10-26 00:00:00","slug":"abre-cr-dito-especial-para-ocorrer-despesas-de-indeniza-es-de-oito-8-casas-nesta-cidade","descricao":"\u003Cp class=\u0022t1\u0022\u003ELei n\u0026ordm; 196\u003C\/p\u003E\r\n\u003Cp class=\u0022t1\u0022\u003EDe 26 de Outubro de 1960.\u003C\/p\u003E\r\n\u003Cp\u003E\u0026nbsp;\u003C\/p\u003E\r\n\u003Cp class=\u0022assunto\u0022\u003EAbre Cr\u0026eacute;dito especial para ocorrer despesas de indeniza\u0026ccedil;\u0026otilde;es de oito (8) casas nesta cidade.\u003C\/p\u003E\r\n\u003Cp\u003E\u0026nbsp;\u003C\/p\u003E\r\n\u003Cp\u003EO Prefeito Municipal de Itabaiana.\u003C\/p\u003E\r\n\u003Cp\u003EFa\u0026ccedil;o saber que a C\u0026acirc;mara de Vereadores deste Munic\u0026iacute;pio de Itabaiana, decretou e eu sanciono a seguinte Lei:\u003C\/p\u003E\r\n\u003Cp\u003EArt.1\u0026ordm; - Fica o Poder Executivo Municipal autorizado a abrir um Cr\u0026eacute;dito Especial de oitocentos mil cruzeiros (Cr$ 8.000,00), para pagamento de indeniza\u0026ccedil;\u0026otilde;es de oito (8) pr\u0026eacute;dios nesta cidade a fim de dar acesso a abertura da Avenida Dr. Luiz Magalh\u0026atilde;es, ligando a Pra\u0026ccedil;a Fausto Cardoso de acordo com o Art. 2\u0026ordm;, da Lei n\u0026ordm; 182, de 30 de Outubro de 1958, sendo ditos pr\u0026eacute;dios, quatro (4) na Rua Bar\u0026atilde;o do rio Branco, dois (2) de propriedades de herdeiros dos falecidos Ivo carvalho e Maria Rita de S\u0026atilde;o Pedro, de frente para o norte, com fundo para a Rua Manoel Garangau e dois (2) de frente para o sul de Elizeu Antonio de Menezes e herdeiros de Francisco G\u0026oacute;is e quatro (4) na Pra\u0026ccedil;a Fausto Cardoso de frente para o norte, de propriedades de Antonio Hora Souza, Jos\u0026eacute; Fernandes de Ara\u0026uacute;jo, Maria Jos\u0026eacute; do Esp\u0026iacute;rito Santo e Francisco Antonio de Oliveira, por se acharem na faixa destinada \u0026agrave; abertura da avenida acima mencionada.\u003C\/p\u003E\r\n\u003Cp\u003EArt. 2\u0026ordm; - As despesas do referido Cr\u0026eacute;dito correr\u0026atilde;o por conta dos recursos dispon\u0026iacute;veis no atual or\u0026ccedil;amento.\u003C\/p\u003E\r\n\u003Cp\u003EArt. 3\u0026ordm; - Esta Lei entrar\u0026aacute; em vigor na data de sua publica\u0026ccedil;\u0026atilde;o, ficando revogadas as disposi\u0026ccedil;\u0026otilde;es em contr\u0026aacute;rio.\u003C\/p\u003E\r\n\u003Cp\u003EGabinete do Prefeito Municipal de Itabaiana, em 26 de Fevereiro de 1960.\u003C\/p\u003E\r\n\u003Cp\u003E\u0026nbsp;\u003C\/p\u003E\r\n\u003Cp\u003EEuclides Paes Mendon\u0026ccedil;a\u0026nbsp;\u003C\/p\u003E\r\n\u003Cp\u003EPrefeito Municipal\u003C\/p\u003E\r\n\u003Cp\u003EEl\u0026iacute;zio Ara\u0026uacute;jo\u003C\/p\u003E\r\n\u003Cp\u003ESecret\u0026aacute;rio\u003C\/p\u003E\r\n\u003Cp\u003E\u0026nbsp;\u003C\/p\u003E","criado":"1960-10-26 00:00:00","alterado":"1960-10-26 00:00:00"}],"ano":null,"busca":null}